{"id":9605,"date":"2014-10-06T15:27:05","date_gmt":"2014-10-06T13:27:05","guid":{"rendered":"http:\/\/www.mx-bretagne.com\/mxb\/?p=9605"},"modified":"2014-10-06T15:27:05","modified_gmt":"2014-10-06T13:27:05","slug":"crise-economique-la-france-soudee-au-mxdn-2014","status":"publish","type":"post","link":"https:\/\/mx-bretagne.com\/mxb\/crise-economique-la-france-soudee-au-mxdn-2014","title":{"rendered":"CRISE ECONOMIQUE: La France soud\u00e9e au MXDN 2014"},"content":{"rendered":"<div id=\"attachment_9272\" style=\"width: 560px\" class=\"wp-caption aligncenter\"><a href=\"http:\/\/www.mx-bretagne.com\/mxb\/cat-racing\"><img aria-describedby=\"caption-attachment-9272\" decoding=\"async\" loading=\"lazy\" class=\"wp-image-9272 size-full\" src=\"http:\/\/www.mx-bretagne.com\/mxb\/wp-content\/uploads\/2014\/07\/catracing_bann.jpg\" alt=\"Cat Racing\" width=\"550\" height=\"109\" \/><\/a><p id=\"caption-attachment-9272\" class=\"wp-caption-text\">Retrouvez les articles qui buzz\u2019 avec notre partenaire CAT Racing. Pr\u00e9parations, r\u00e9fections et entretien des suspensions.<\/p><\/div>\n<hr \/>\n<p>&nbsp;<\/p>\n<p style=\"text-align: justify;\"><span style=\"font-size: 14pt;\"><strong>La France est dans le dur, c&rsquo;est la crise partout et la FFM a du faire des \u00e9conomies pour le Motocross des Nations 2014&#8230; Avec la victoire de cette ann\u00e9e, l&rsquo;\u00e9quipe 2015 sera aux petits oignons. Et 3 YCF pour la FFM, 3 !<\/strong><\/span><\/p>\n<p><!--more--><\/p>\n<div id=\"attachment_9606\" style=\"width: 650px\" class=\"wp-caption aligncenter\"><img aria-describedby=\"caption-attachment-9606\" decoding=\"async\" loading=\"lazy\" class=\"size-full wp-image-9606\" src=\"http:\/\/www.mx-bretagne.com\/mxb\/wp-content\/uploads\/2014\/10\/france_team_nation.jpg\" alt=\"Qui a dit que le Team France n'\u00e9tait pas tr\u00e8s soud\u00e9 ?? ahahah. Photo Facebook Gautier Paulin\" width=\"640\" height=\"447\" srcset=\"https:\/\/mx-bretagne.com\/mxb\/wp-content\/uploads\/2014\/10\/france_team_nation.jpg 640w, https:\/\/mx-bretagne.com\/mxb\/wp-content\/uploads\/2014\/10\/france_team_nation-529x370.jpg 529w, https:\/\/mx-bretagne.com\/mxb\/wp-content\/uploads\/2014\/10\/france_team_nation-600x419.jpg 600w\" sizes=\"(max-width: 640px) 100vw, 640px\" \/><p id=\"caption-attachment-9606\" class=\"wp-caption-text\">Qui a dit que le Team France n&rsquo;\u00e9tait pas tr\u00e8s soud\u00e9 ?? ahahah. Photo Facebook Gautier Paulin<\/p><\/div>\n","protected":false},"excerpt":{"rendered":"<p> Retrouvez les articles qui buzz\u2019 avec notre partenaire CAT Racing. Pr\u00e9parations, r\u00e9fections et entretien des suspensions.<\/p>\n","protected":false},"author":2,"featured_media":9606,"comment_status":"open","ping_status":"open","sticky":false,"template":"","format":"standard","meta":[],"categories":[501],"tags":[1566,148,593,1028],"aioseo_notices":[],"_links":{"self":[{"href":"https:\/\/mx-bretagne.com\/mxb\/wp-json\/wp\/v2\/posts\/9605"}],"collection":[{"href":"https:\/\/mx-bretagne.com\/mxb\/wp-json\/wp\/v2\/posts"}],"about":[{"href":"https:\/\/mx-bretagne.com\/mxb\/wp-json\/wp\/v2\/types\/post"}],"author":[{"embeddable":true,"href":"https:\/\/mx-bretagne.com\/mxb\/wp-json\/wp\/v2\/users\/2"}],"replies":[{"embeddable":true,"href":"https:\/\/mx-bretagne.com\/mxb\/wp-json\/wp\/v2\/comments?post=9605"}],"version-history":[{"count":1,"href":"https:\/\/mx-bretagne.com\/mxb\/wp-json\/wp\/v2\/posts\/9605\/revisions"}],"predecessor-version":[{"id":9607,"href":"https:\/\/mx-bretagne.com\/mxb\/wp-json\/wp\/v2\/posts\/9605\/revisions\/9607"}],"wp:featuredmedia":[{"embeddable":true,"href":"https:\/\/mx-bretagne.com\/mxb\/wp-json\/wp\/v2\/media\/9606"}],"wp:attachment":[{"href":"https:\/\/mx-bretagne.com\/mxb\/wp-json\/wp\/v2\/media?parent=9605"}],"wp:term":[{"taxonomy":"category","embeddable":true,"href":"https:\/\/mx-bretagne.com\/mxb\/wp-json\/wp\/v2\/categories?post=9605"},{"taxonomy":"post_tag","embeddable":true,"href":"https:\/\/mx-bretagne.com\/mxb\/wp-json\/wp\/v2\/tags?post=9605"}],"curies":[{"name":"wp","href":"https:\/\/api.w.org\/{rel}","templated":true}]}}