{"id":8685,"date":"2014-07-12T19:38:43","date_gmt":"2014-07-12T17:38:43","guid":{"rendered":"http:\/\/www.mx-bretagne.com\/mxb\/?p=8685"},"modified":"2014-07-12T19:38:43","modified_gmt":"2014-07-12T17:38:43","slug":"cairoli-en-mx2-pour-les-nations-2014","status":"publish","type":"post","link":"https:\/\/mx-bretagne.com\/mxb\/cairoli-en-mx2-pour-les-nations-2014","title":{"rendered":"Cairoli en MX2 pour les Nations 2014"},"content":{"rendered":"<p style=\"text-align: justify;\"><span style=\"font-size: large;\"><strong>L&rsquo;\u00e9quipe Italienne pour le Motocross des Nations 2014 vient d&rsquo;\u00eatre d\u00e9voil\u00e9e et peut para\u00eetre surprenante. On devrait donc retrouv\u00e9 Antonio Cairoli en MX2, Davide Guarneri MXGP et David Philippaerts OPEN.<\/strong><\/span><\/p>\n<p><!--more--><\/p>\n<p>&nbsp;<\/p>\n<p>Int\u00e9ressant \u00e0 suivre &#8230;<\/p>\n<div id=\"attachment_8686\" style=\"width: 610px\" class=\"wp-caption aligncenter\"><img aria-describedby=\"caption-attachment-8686\" decoding=\"async\" loading=\"lazy\" class=\"size-full wp-image-8686\" alt=\"Le Team officiel Italien 2014. Photo Facebook Toni Cairoli.\" src=\"http:\/\/www.mx-bretagne.com\/mxb\/wp-content\/uploads\/2014\/07\/nations_italie.jpg\" width=\"600\" height=\"600\" srcset=\"https:\/\/mx-bretagne.com\/mxb\/wp-content\/uploads\/2014\/07\/nations_italie.jpg 600w, https:\/\/mx-bretagne.com\/mxb\/wp-content\/uploads\/2014\/07\/nations_italie-370x370.jpg 370w, https:\/\/mx-bretagne.com\/mxb\/wp-content\/uploads\/2014\/07\/nations_italie-120x120.jpg 120w\" sizes=\"(max-width: 600px) 100vw, 600px\" \/><p id=\"caption-attachment-8686\" class=\"wp-caption-text\">Le Team officiel Italien 2014. Photo Facebook Toni Cairoli.<\/p><\/div>\n<p>&nbsp;<\/p>\n","protected":false},"excerpt":{"rendered":"<p>L&rsquo;\u00e9quipe Italienne pour le Motocross des Nations 2014 vient d&rsquo;\u00eatre d\u00e9voil\u00e9e et peut para\u00eetre surprenante. On devrait donc retrouv\u00e9 Antonio Cairoli en MX2, Davide Guarneri MXGP et David Philippaerts OPEN.<\/p>\n","protected":false},"author":2,"featured_media":8686,"comment_status":"open","ping_status":"open","sticky":false,"template":"","format":"standard","meta":[],"categories":[501],"tags":[1015,893,1419,580,26,296],"aioseo_notices":[],"_links":{"self":[{"href":"https:\/\/mx-bretagne.com\/mxb\/wp-json\/wp\/v2\/posts\/8685"}],"collection":[{"href":"https:\/\/mx-bretagne.com\/mxb\/wp-json\/wp\/v2\/posts"}],"about":[{"href":"https:\/\/mx-bretagne.com\/mxb\/wp-json\/wp\/v2\/types\/post"}],"author":[{"embeddable":true,"href":"https:\/\/mx-bretagne.com\/mxb\/wp-json\/wp\/v2\/users\/2"}],"replies":[{"embeddable":true,"href":"https:\/\/mx-bretagne.com\/mxb\/wp-json\/wp\/v2\/comments?post=8685"}],"version-history":[{"count":2,"href":"https:\/\/mx-bretagne.com\/mxb\/wp-json\/wp\/v2\/posts\/8685\/revisions"}],"predecessor-version":[{"id":8689,"href":"https:\/\/mx-bretagne.com\/mxb\/wp-json\/wp\/v2\/posts\/8685\/revisions\/8689"}],"wp:featuredmedia":[{"embeddable":true,"href":"https:\/\/mx-bretagne.com\/mxb\/wp-json\/wp\/v2\/media\/8686"}],"wp:attachment":[{"href":"https:\/\/mx-bretagne.com\/mxb\/wp-json\/wp\/v2\/media?parent=8685"}],"wp:term":[{"taxonomy":"category","embeddable":true,"href":"https:\/\/mx-bretagne.com\/mxb\/wp-json\/wp\/v2\/categories?post=8685"},{"taxonomy":"post_tag","embeddable":true,"href":"https:\/\/mx-bretagne.com\/mxb\/wp-json\/wp\/v2\/tags?post=8685"}],"curies":[{"name":"wp","href":"https:\/\/api.w.org\/{rel}","templated":true}]}}