{"id":8116,"date":"2014-05-08T15:47:29","date_gmt":"2014-05-08T13:47:29","guid":{"rendered":"http:\/\/www.mx-bretagne.com\/mxb\/?p=8116"},"modified":"2014-05-08T19:23:53","modified_gmt":"2014-05-08T17:23:53","slug":"en-bref-bignan-2","status":"publish","type":"post","link":"https:\/\/mx-bretagne.com\/mxb\/en-bref-bignan-2","title":{"rendered":"EN BREF: Bignan"},"content":{"rendered":"<div id=\"attachment_8117\" style=\"width: 640px\" class=\"wp-caption aligncenter\"><img aria-describedby=\"caption-attachment-8117\" decoding=\"async\" loading=\"lazy\" class=\"size-full wp-image-8117\" alt=\"David ADAM. Photo Tekniphotos\" src=\"http:\/\/www.mx-bretagne.com\/mxb\/wp-content\/uploads\/2014\/05\/adambignan.jpg\" width=\"630\" height=\"300\" \/><p id=\"caption-attachment-8117\" class=\"wp-caption-text\">David ADAM. Photo Tekniphotos<\/p><\/div>\n<p style=\"text-align: justify;\"><span style=\"font-size: large;\"><strong>Quelques infos sur le vif de la 5\u00e8me \u00e9preuve du Championnat de Bretagne de motocross \u00e0 Bignan.<\/strong><\/span><\/p>\n<p><!--more--><\/p>\n<p>&nbsp;<\/p>\n<p><span style=\"font-size: large;\"><strong>1\u00e8re manche MX1 :<\/strong><\/span> 1. David ADAM ; 2. Maxime EMERY ; 3. Thomas EVEN ; &#8230;<\/p>\n<p><span style=\"font-size: large;\"><strong>1\u00e8re manche MX2 :<\/strong><\/span> 1.Romain PAPE ; 2.Mathys BOISRAM\u00c9 ; Remy MORDRET ; &#8230;<\/p>\n<p>&nbsp;<\/p>\n<p><span style=\"font-size: large;\"><strong>2\u00e8me manche MX1 :<\/strong><\/span> 1. David ADAM ; 2.Maxime EMERY; 3.Alexandre LEFRANCOIS ; &#8230;<\/p>\n<p><span style=\"font-size: large;\"><strong>2\u00e8me manche MX2 :<\/strong><\/span> 1.Mathys BOISRAME ; 2.Remy MORDRET ; 3.Julien CABIOCH ; &#8230;<\/p>\n<p>&nbsp;<\/p>\n<p><span style=\"font-size: large;\"><strong>SUPERFINALE :<\/strong><\/span> 1. David ADAM ; 2.Mathys BOISRAME ; 3.Tanguy EGLER ; &#8230;<\/p>\n<p>&nbsp;<\/p>\n<p><span style=\"font-size: large;\"><strong>1\u00e8re s\u00e9rie Crit\u00e9rium :<\/strong> <\/span>1.Pierre-Louis LE BONNIEC<\/p>\n<p><span style=\"font-size: large;\"><strong>2\u00e8me s\u00e9rie Crit\u00e9rium :<\/strong> <\/span>1.Pierre FERRON<\/p>\n<p><span style=\"font-size: large;\"><strong>3\u00e8me s\u00e9rie Crit\u00e9rium :<\/strong><\/span> 1.Quentin GHUEL<\/p>\n<p>&nbsp;<\/p>\n<p><span style=\"font-size: large;\"><strong>FINALE CRITERIUM :<\/strong><\/span> 1.Damien BATALLER ; 2.Benjamin SALMON ; 3.Quentin GHUEL ; &#8230;<\/p>\n<p>&nbsp;<\/p>\n<p><span style=\"font-size: large;\"><strong>INFOS CIRCUIT:<\/strong><\/span> Une pluie fine tombe en permanence mais le terrain reste bien.<\/p>\n","protected":false},"excerpt":{"rendered":"<p> David ADAM. Photo Tekniphotos<\/p>\n","protected":false},"author":5,"featured_media":8117,"comment_status":"open","ping_status":"open","sticky":false,"template":"","format":"standard","meta":[],"categories":[7,17],"tags":[74,222,26,315],"aioseo_notices":[],"_links":{"self":[{"href":"https:\/\/mx-bretagne.com\/mxb\/wp-json\/wp\/v2\/posts\/8116"}],"collection":[{"href":"https:\/\/mx-bretagne.com\/mxb\/wp-json\/wp\/v2\/posts"}],"about":[{"href":"https:\/\/mx-bretagne.com\/mxb\/wp-json\/wp\/v2\/types\/post"}],"author":[{"embeddable":true,"href":"https:\/\/mx-bretagne.com\/mxb\/wp-json\/wp\/v2\/users\/5"}],"replies":[{"embeddable":true,"href":"https:\/\/mx-bretagne.com\/mxb\/wp-json\/wp\/v2\/comments?post=8116"}],"version-history":[{"count":3,"href":"https:\/\/mx-bretagne.com\/mxb\/wp-json\/wp\/v2\/posts\/8116\/revisions"}],"predecessor-version":[{"id":8127,"href":"https:\/\/mx-bretagne.com\/mxb\/wp-json\/wp\/v2\/posts\/8116\/revisions\/8127"}],"wp:featuredmedia":[{"embeddable":true,"href":"https:\/\/mx-bretagne.com\/mxb\/wp-json\/wp\/v2\/media\/8117"}],"wp:attachment":[{"href":"https:\/\/mx-bretagne.com\/mxb\/wp-json\/wp\/v2\/media?parent=8116"}],"wp:term":[{"taxonomy":"category","embeddable":true,"href":"https:\/\/mx-bretagne.com\/mxb\/wp-json\/wp\/v2\/categories?post=8116"},{"taxonomy":"post_tag","embeddable":true,"href":"https:\/\/mx-bretagne.com\/mxb\/wp-json\/wp\/v2\/tags?post=8116"}],"curies":[{"name":"wp","href":"https:\/\/api.w.org\/{rel}","templated":true}]}}