{"id":7721,"date":"2014-03-21T22:48:35","date_gmt":"2014-03-21T21:48:35","guid":{"rendered":"http:\/\/www.mx-bretagne.com\/mxb\/?p=7721"},"modified":"2014-03-21T22:48:35","modified_gmt":"2014-03-21T21:48:35","slug":"le-mc-etrelles-jette-leponge","status":"publish","type":"post","link":"https:\/\/mx-bretagne.com\/mxb\/le-mc-etrelles-jette-leponge","title":{"rendered":"Le MC Etrelles jette l&rsquo;\u00e9ponge"},"content":{"rendered":"<p style=\"text-align: justify;\"><span style=\"font-size: large;\"><strong>Vu sur la page Facebook du <a href=\"https:\/\/www.facebook.com\/mc.pleinefougeres?fref=ts\" target=\"_blank\">MC Pleine-Foug\u00e8res<\/a>, le pr\u00e9sident du club d&rsquo;Etrelle (Brielles) a annonc\u00e9 l&rsquo;annulation de leur \u00e9preuve 2014 et l&rsquo;arr\u00eat du club.<\/strong><\/span><\/p>\n<p style=\"text-align: justify;\"><!--more--><\/p>\n<p style=\"text-align: justify;\">\u00a0<\/p>\n<blockquote>\n<p style=\"text-align: justify;\">La grande difficult\u00e9 de mobiliser des b\u00e9n\u00e9voles et les co\u00fbts engendr\u00e9s pour la r\u00e9fection de leur circuit l&rsquo;a amen\u00e9 \u00e0 prendre cette d\u00e9cision. Si leurs pilotes sont bien couverts jusqu&rsquo;en ao\u00fbt 2014, le club ne r\u00e9alisera pas les travaux n\u00e9cessaires pour son \u00e9preuve et annonce donc son annulation.<\/p>\n<\/blockquote>\n","protected":false},"excerpt":{"rendered":"<p>Vu sur la page Facebook du MC Pleine-Foug\u00e8res, le pr\u00e9sident du club d&rsquo;Etrelle (Brielles) a annonc\u00e9 l&rsquo;annulation de leur \u00e9preuve 2014 et l&rsquo;arr\u00eat du club.<\/p>\n","protected":false},"author":2,"featured_media":0,"comment_status":"open","ping_status":"open","sticky":false,"template":"","format":"standard","meta":[],"categories":[1],"tags":[1015,1279,1277,1276,26,1278],"aioseo_notices":[],"_links":{"self":[{"href":"https:\/\/mx-bretagne.com\/mxb\/wp-json\/wp\/v2\/posts\/7721"}],"collection":[{"href":"https:\/\/mx-bretagne.com\/mxb\/wp-json\/wp\/v2\/posts"}],"about":[{"href":"https:\/\/mx-bretagne.com\/mxb\/wp-json\/wp\/v2\/types\/post"}],"author":[{"embeddable":true,"href":"https:\/\/mx-bretagne.com\/mxb\/wp-json\/wp\/v2\/users\/2"}],"replies":[{"embeddable":true,"href":"https:\/\/mx-bretagne.com\/mxb\/wp-json\/wp\/v2\/comments?post=7721"}],"version-history":[{"count":2,"href":"https:\/\/mx-bretagne.com\/mxb\/wp-json\/wp\/v2\/posts\/7721\/revisions"}],"predecessor-version":[{"id":7723,"href":"https:\/\/mx-bretagne.com\/mxb\/wp-json\/wp\/v2\/posts\/7721\/revisions\/7723"}],"wp:attachment":[{"href":"https:\/\/mx-bretagne.com\/mxb\/wp-json\/wp\/v2\/media?parent=7721"}],"wp:term":[{"taxonomy":"category","embeddable":true,"href":"https:\/\/mx-bretagne.com\/mxb\/wp-json\/wp\/v2\/categories?post=7721"},{"taxonomy":"post_tag","embeddable":true,"href":"https:\/\/mx-bretagne.com\/mxb\/wp-json\/wp\/v2\/tags?post=7721"}],"curies":[{"name":"wp","href":"https:\/\/api.w.org\/{rel}","templated":true}]}}