{"id":7688,"date":"2014-03-16T22:46:37","date_gmt":"2014-03-16T21:46:37","guid":{"rendered":"http:\/\/www.mx-bretagne.com\/mxb\/?p=7688"},"modified":"2014-03-16T22:46:37","modified_gmt":"2014-03-16T21:46:37","slug":"nat-mx1-ballanger-simpose-a-illats","status":"publish","type":"post","link":"https:\/\/mx-bretagne.com\/mxb\/nat-mx1-ballanger-simpose-a-illats","title":{"rendered":"NAT MX1: BALLANGER S&rsquo;IMPOSE A ILLATS"},"content":{"rendered":"<p style=\"text-align: justify;\"><span style=\"font-size: large;\"><strong>K\u00e9vin Ballanger s&rsquo;impose au terme des trois manches de la 1\u00e8re \u00e9preuve du Championnat de France National MX1. 3\u00e8me de la 1\u00e8re manche, Alexandre LEFRANCOIS a connu des soucis dans les deux autres manches sur ce circuit compliqu\u00e9.<\/strong><\/span><\/p>\n<p><!--more--><\/p>\n<p><span style=\"font-size: x-large;\"><strong>Classement journ\u00e9e<\/strong><\/span><\/p>\n<p>1.K\u00e9vin BALLANGER &#8211; Yamaha &#8211; 2\/1\/1<br \/>2.Levi BATISTA &#8211; KTM &#8211; 1\/2\/2<br \/>3.Anthony GUIDOLIN &#8211; Yamaha &#8211; 9\/3\/3<br \/>4.Micka\u00ebl LEVREAU &#8211; KTM &#8211; 7\/4\/4<br \/>5.Steve VIENAT &#8211; Yamaha &#8211; 5\/7\/7<br \/>&#8230;<br \/><strong>12.Alexandre LEFRANCOIS &#8211; Suzuki &#8211; 3\/20\/DNF<br \/>&#8230;<\/strong><\/p>\n","protected":false},"excerpt":{"rendered":"<p>K\u00e9vin Ballanger s&rsquo;impose au terme des trois manches de la 1\u00e8re \u00e9preuve du Championnat de France National MX1. 3\u00e8me de la 1\u00e8re manche, Alexandre LEFRANCOIS a connu des soucis dans les deux autres manches sur ce circuit compliqu\u00e9.<\/p>\n","protected":false},"author":2,"featured_media":0,"comment_status":"open","ping_status":"open","sticky":false,"template":"","format":"standard","meta":[],"categories":[490],"tags":[1015,920,26,312,1258],"aioseo_notices":[],"_links":{"self":[{"href":"https:\/\/mx-bretagne.com\/mxb\/wp-json\/wp\/v2\/posts\/7688"}],"collection":[{"href":"https:\/\/mx-bretagne.com\/mxb\/wp-json\/wp\/v2\/posts"}],"about":[{"href":"https:\/\/mx-bretagne.com\/mxb\/wp-json\/wp\/v2\/types\/post"}],"author":[{"embeddable":true,"href":"https:\/\/mx-bretagne.com\/mxb\/wp-json\/wp\/v2\/users\/2"}],"replies":[{"embeddable":true,"href":"https:\/\/mx-bretagne.com\/mxb\/wp-json\/wp\/v2\/comments?post=7688"}],"version-history":[{"count":2,"href":"https:\/\/mx-bretagne.com\/mxb\/wp-json\/wp\/v2\/posts\/7688\/revisions"}],"predecessor-version":[{"id":7690,"href":"https:\/\/mx-bretagne.com\/mxb\/wp-json\/wp\/v2\/posts\/7688\/revisions\/7690"}],"wp:attachment":[{"href":"https:\/\/mx-bretagne.com\/mxb\/wp-json\/wp\/v2\/media?parent=7688"}],"wp:term":[{"taxonomy":"category","embeddable":true,"href":"https:\/\/mx-bretagne.com\/mxb\/wp-json\/wp\/v2\/categories?post=7688"},{"taxonomy":"post_tag","embeddable":true,"href":"https:\/\/mx-bretagne.com\/mxb\/wp-json\/wp\/v2\/tags?post=7688"}],"curies":[{"name":"wp","href":"https:\/\/api.w.org\/{rel}","templated":true}]}}