{"id":7639,"date":"2014-03-10T23:27:06","date_gmt":"2014-03-10T22:27:06","guid":{"rendered":"http:\/\/www.mx-bretagne.com\/mxb\/?p=7639"},"modified":"2014-03-16T19:40:23","modified_gmt":"2014-03-16T18:40:23","slug":"video-la-finale-450-du-supercross-de-daytona-en-francais-rd10","status":"publish","type":"post","link":"https:\/\/mx-bretagne.com\/mxb\/video-la-finale-450-du-supercross-de-daytona-en-francais-rd10","title":{"rendered":"VID\u00c9O: La Finale 450 du Supercross de Daytona en Fran\u00e7ais | Rd10"},"content":{"rendered":"<p><img decoding=\"async\" loading=\"lazy\" class=\"aligncenter size-full wp-image-7640\" alt=\"daytona_450\" src=\"http:\/\/www.mx-bretagne.com\/mxb\/wp-content\/uploads\/2014\/03\/daytona_450.jpg\" width=\"630\" height=\"300\" \/><\/p>\n<p style=\"text-align: justify;\"><span style=\"font-size: large;\"><strong>La Finale 450 la plus difficile de l&rsquo;ann\u00e9e \u00e0 revivre en fran\u00e7ais.<\/strong><\/span><\/p>\n<p><!--more--><\/p>\n<p>&nbsp;<\/p>\n<p style=\"text-align: center;\"><object width=\"640\" height=\"360\" classid=\"clsid:d27cdb6e-ae6d-11cf-96b8-444553540000\" codebase=\"http:\/\/download.macromedia.com\/pub\/shockwave\/cabs\/flash\/swflash.cab#version=6,0,40,0\"><param name=\"allowFullScreen\" value=\"true\" \/><param name=\"allowscriptaccess\" value=\"always\" \/><param name=\"src\" value=\"\/\/www.youtube.com\/v\/Z_x4N0dSQaU?version=3&amp;hl=fr_FR\" \/><param name=\"allowfullscreen\" value=\"true\" \/><embed width=\"640\" height=\"360\" type=\"application\/x-shockwave-flash\" src=\"\/\/www.youtube.com\/v\/Z_x4N0dSQaU?version=3&amp;hl=fr_FR\" allowFullScreen=\"true\" allowscriptaccess=\"always\" allowfullscreen=\"true\" \/><\/object><\/p>\n<p style=\"text-align: center;\">\u00a0<a href=\"http:\/\/youtu.be\/Z_x4N0dSQaU\" target=\"_blank\">http:\/\/youtu.be\/Z_x4N0dSQaU<\/a><\/p>\n<p>&nbsp;<\/p>\n","protected":false},"excerpt":{"rendered":"<p><\/p>\n","protected":false},"author":2,"featured_media":7640,"comment_status":"open","ping_status":"open","sticky":false,"template":"","format":"standard","meta":[],"categories":[865],"tags":[1015,918,1148,27,41],"aioseo_notices":[],"_links":{"self":[{"href":"https:\/\/mx-bretagne.com\/mxb\/wp-json\/wp\/v2\/posts\/7639"}],"collection":[{"href":"https:\/\/mx-bretagne.com\/mxb\/wp-json\/wp\/v2\/posts"}],"about":[{"href":"https:\/\/mx-bretagne.com\/mxb\/wp-json\/wp\/v2\/types\/post"}],"author":[{"embeddable":true,"href":"https:\/\/mx-bretagne.com\/mxb\/wp-json\/wp\/v2\/users\/2"}],"replies":[{"embeddable":true,"href":"https:\/\/mx-bretagne.com\/mxb\/wp-json\/wp\/v2\/comments?post=7639"}],"version-history":[{"count":3,"href":"https:\/\/mx-bretagne.com\/mxb\/wp-json\/wp\/v2\/posts\/7639\/revisions"}],"predecessor-version":[{"id":7654,"href":"https:\/\/mx-bretagne.com\/mxb\/wp-json\/wp\/v2\/posts\/7639\/revisions\/7654"}],"wp:featuredmedia":[{"embeddable":true,"href":"https:\/\/mx-bretagne.com\/mxb\/wp-json\/wp\/v2\/media\/7640"}],"wp:attachment":[{"href":"https:\/\/mx-bretagne.com\/mxb\/wp-json\/wp\/v2\/media?parent=7639"}],"wp:term":[{"taxonomy":"category","embeddable":true,"href":"https:\/\/mx-bretagne.com\/mxb\/wp-json\/wp\/v2\/categories?post=7639"},{"taxonomy":"post_tag","embeddable":true,"href":"https:\/\/mx-bretagne.com\/mxb\/wp-json\/wp\/v2\/tags?post=7639"}],"curies":[{"name":"wp","href":"https:\/\/api.w.org\/{rel}","templated":true}]}}