{"id":7214,"date":"2013-12-26T13:38:13","date_gmt":"2013-12-26T13:38:13","guid":{"rendered":"http:\/\/www.mx-bretagne.com\/mxb\/?p=7214"},"modified":"2013-12-26T13:38:13","modified_gmt":"2013-12-26T13:38:13","slug":"best-of-2013-le-top-des-pages-vues","status":"publish","type":"post","link":"https:\/\/mx-bretagne.com\/mxb\/best-of-2013-le-top-des-pages-vues","title":{"rendered":"BEST OF 2013: Le top des pages vues"},"content":{"rendered":"<p><img decoding=\"async\" loading=\"lazy\" class=\"aligncenter size-full wp-image-7216\" alt=\"toppages2013\" src=\"http:\/\/www.mx-bretagne.com\/mxb\/wp-content\/uploads\/2013\/12\/toppages2013.jpg\" width=\"630\" height=\"300\" \/><\/p>\n<p style=\"text-align: justify;\"><span style=\"font-size: large;\"><strong>Une nouvelle ann\u00e9e de termine et avant de se tourner vers 2014, voici les pages qui ont eu le plus de succ\u00e8s en 2013 sur Mx Bretagne.<\/strong><\/span><\/p>\n<p><!--more--><\/p>\n<p>&nbsp;<\/p>\n<p><strong><span style=\"font-size: large;\"><span style=\"color: #3366ff;\"><span style=\"color: #000000;\">10.<\/span>\u00a0<\/span><span style=\"color: #000000;\">VID\u00c9O: Gomen\u00e9 \u2013 Coupe de France | 8 avril 2013<\/span><\/span><\/strong><\/p>\n<p><a href=\"http:\/\/www.mx-bretagne.com\/mxb\/video-gomene-coupe-de-france\/\">http:\/\/www.mx-bretagne.com\/mxb\/video-gomene-coupe-de-france\/<\/a><\/p>\n<p style=\"text-align: justify;\">C&rsquo;est plut\u00f4t rare que l&rsquo;on puisse faire des vid\u00e9os d&rsquo;enduro sur Mx Bretagne alors quand l&rsquo;occasion se pr\u00e9sente, le succ\u00e8s est au rendez-vous !\u00a0<\/p>\n<p>&nbsp;<\/p>\n<p><span style=\"font-size: large;\"><strong>9.\u00a0VID\u00c9O: Le clip de Romagn\u00e9 2013 ! | 26 mars 2013<\/strong><\/span><\/p>\n<p><a href=\"http:\/\/www.mx-bretagne.com\/mxb\/video-le-clip-de-romagne-2013\/\">http:\/\/www.mx-bretagne.com\/mxb\/video-le-clip-de-romagne-2013\/<\/a><\/p>\n<p style=\"text-align: justify;\">Le Championnat de France \u00c9lite de Motocross \u00e0 Romagn\u00e9, c&rsquo;est toujours quelque chose et apparemment l&rsquo;\u00e9v\u00e9nement pla\u00eet toujours. Cette page est la 9\u00e8me du classement.<\/p>\n<p>&nbsp;<\/p>\n<p><span style=\"font-size: large;\"><strong>8.\u00a0VID\u00c9O: Ploun\u00e9rin par MX Zone | 21 mai 2013<\/strong><\/span><\/p>\n<p><a href=\"http:\/\/www.mx-bretagne.com\/mxb\/video-plounerin-par-mx-zone\/\">http:\/\/www.mx-bretagne.com\/mxb\/video-plounerin-par-mx-zone\/<\/a><\/p>\n<p style=\"text-align: justify;\">Jean-Jacques Le Vergos a eu la gentillesse de partager ses images des \u00e9preuves finist\u00e9riennes en motocross et endurance. Son travail obtient une belle r\u00e9compense puisqu&rsquo;il acc\u00e8de \u00e0 la 8\u00e8me place des pages les plus vues en 2013 avec sa vid\u00e9o de Ploun\u00e9rin. Good job !<\/p>\n<p style=\"text-align: justify;\">\u00a0<\/p>\n<p><span style=\"font-size: large;\"><strong>7.\u00a0DEBAT: Christophe Pourcel peut-il revenir ? | 20 novembre 2012<\/strong><\/span><\/p>\n<p><a href=\"http:\/\/www.mx-bretagne.com\/mxb\/debat-christophe-pourcel-peut-il-revenir\/\">http:\/\/www.mx-bretagne.com\/mxb\/debat-christophe-pourcel-peut-il-revenir\/<\/a><\/p>\n<p style=\"text-align: justify;\">Apr\u00e8s sa chute au Supercross de Bercy, Christophe Pourcel a anim\u00e9 certaines discussions. En ce d\u00e9but d&rsquo;ann\u00e9e 2013, beaucoup se demandaient s&rsquo;il pourrait un jour revenir au top. L&rsquo;ann\u00e9e 2014 nous donnera surement la r\u00e9ponse&#8230;<\/p>\n<p style=\"text-align: justify;\">\u00a0<\/p>\n<p><span style=\"font-size: large;\"><strong>6.\u00a0Entra\u00eenements officiels d\u2019Iffendic 2013 | 7 f\u00e9vrier 2013<\/strong><\/span><\/p>\n<p><a href=\"http:\/\/www.mx-bretagne.com\/mxb\/entrainements-officiels-diffendic-2013\/\">http:\/\/www.mx-bretagne.com\/mxb\/entrainements-officiels-diffendic-2013\/<\/a><\/p>\n<p style=\"text-align: justify;\">Les entra\u00eenements officiels d&rsquo;Iffendic marquent toujours le d\u00e9but des saisons de motocross en Bretagne. Normal donc de retrouver cette page \u00e0 cette place du classement.<\/p>\n<p style=\"text-align: justify;\">\u00a0<\/p>\n<p><span style=\"font-size: large;\"><strong>5.\u00a0VID\u00c9O: Le G.P Side d\u2019Iffendic | 10 juillet 2013<\/strong><\/span><\/p>\n<p><a href=\"http:\/\/www.mx-bretagne.com\/mxb\/video-le-g-p-side-diffendic\/\">http:\/\/www.mx-bretagne.com\/mxb\/video-le-g-p-side-diffendic\/<\/a><\/p>\n<p style=\"text-align: justify;\">\u00c9v\u00e9nement impressionnant de cette ann\u00e9e 2013, le mondial Sidecarcross a attir\u00e9 du monde sur Mx Bretagne et la vid\u00e9o entre dans le top 5 des meilleures pages de l&rsquo;ann\u00e9e.<\/p>\n<p style=\"text-align: justify;\">\u00a0<\/p>\n<p><span style=\"font-size: large;\"><strong>4.\u00a0SX TOUR: La Bosse de Bretagne re\u00e7oit les stars fran\u00e7aises | 25 juillet 2013<\/strong><\/span><\/p>\n<p><a href=\"http:\/\/www.mx-bretagne.com\/mxb\/sx-tour-la-bosse-de-bretagne-recoit-les-stars-francaises\/\">http:\/\/www.mx-bretagne.com\/mxb\/sx-tour-la-bosse-de-bretagne-recoit-les-stars-francaises\/<\/a><\/p>\n<p style=\"text-align: justify;\">C&rsquo;\u00e9tait l&rsquo;une des \u00e9preuves les plus attendues de 2013 et tout est tomb\u00e9 \u00e0 l&rsquo;eau en une apr\u00e8s-midi. Une apr\u00e8s-midi sous des trombes d&rsquo;eau qui obligent les organisateurs du Supercross de La Bosses de Bretagne \u00e0 couper court.\u00a0<\/p>\n<p style=\"text-align: justify;\">\u00a0<\/p>\n<p><span style=\"font-size: large;\"><strong>3.\u00a0Soutenons Lucas ! | 17 juin 2013<\/strong><\/span><\/p>\n<p><a href=\"http:\/\/www.mx-bretagne.com\/mxb\/soutenons-lucas\/\">http:\/\/www.mx-bretagne.com\/mxb\/soutenons-lucas\/<\/a><\/p>\n<p style=\"text-align: justify;\">Une belle preuve de solidarit\u00e9 pour Lucas Tr\u00e9cherel qui a lourdement chut\u00e9 au mois de juin sur le circuit d&rsquo;\u00c9dern puisque \u00e9norm\u00e9ment de personne sont pass\u00e9 voir l&rsquo;article qui lui est d\u00e9di\u00e9.<\/p>\n<p style=\"text-align: justify;\">\u00a0<\/p>\n<p><span style=\"font-size: large;\"><strong>2.\u00a0CONCOURS PHOTOS 2013: Votez pour votre pr\u00e9f\u00e9r\u00e9e | 4 novembre 2013<\/strong><\/span><\/p>\n<p><a href=\"http:\/\/www.mx-bretagne.com\/mxb\/concours-photos-2013-votez-pour-votre-preferee\/\">http:\/\/www.mx-bretagne.com\/mxb\/concours-photos-2013-votez-pour-votre-preferee\/<\/a><\/p>\n<p>Le concours photo a rassembl\u00e9 du monde ! 2\u00e8me place.<\/p>\n<p>&nbsp;<\/p>\n<p><span style=\"font-size: large;\"><strong>1.\u00a0FLASH: Hugo Noblet s\u00e9rieusement bless\u00e9 | 14 janvier 2013<\/strong><\/span><\/p>\n<p><a href=\"http:\/\/www.mx-bretagne.com\/mxb\/flash-hugo-noblet-serieusement-blesse\/\">http:\/\/www.mx-bretagne.com\/mxb\/flash-hugo-noblet-serieusement-blesse\/<\/a><\/p>\n<p style=\"text-align: justify;\">Pour la 1\u00e8re place, c&rsquo;est tout naturellement que l&rsquo;on retrouve l&rsquo;article consacr\u00e9 \u00e0 Hugo Noblet. Pilote tellement populaire en Bretagne qui a lourdement chut\u00e9 aux \u00c9tats-Unis. Un beau mouvement de soutien s&rsquo;\u00e9tait cr\u00e9\u00e9 pour l&rsquo;aider \u00e0 passer ce mauvais moment.<\/p>\n","protected":false},"excerpt":{"rendered":"<p><\/p>\n","protected":false},"author":2,"featured_media":7216,"comment_status":"open","ping_status":"open","sticky":false,"template":"","format":"standard","meta":[],"categories":[4,17],"tags":[826,39,26],"aioseo_notices":[],"_links":{"self":[{"href":"https:\/\/mx-bretagne.com\/mxb\/wp-json\/wp\/v2\/posts\/7214"}],"collection":[{"href":"https:\/\/mx-bretagne.com\/mxb\/wp-json\/wp\/v2\/posts"}],"about":[{"href":"https:\/\/mx-bretagne.com\/mxb\/wp-json\/wp\/v2\/types\/post"}],"author":[{"embeddable":true,"href":"https:\/\/mx-bretagne.com\/mxb\/wp-json\/wp\/v2\/users\/2"}],"replies":[{"embeddable":true,"href":"https:\/\/mx-bretagne.com\/mxb\/wp-json\/wp\/v2\/comments?post=7214"}],"version-history":[{"count":3,"href":"https:\/\/mx-bretagne.com\/mxb\/wp-json\/wp\/v2\/posts\/7214\/revisions"}],"predecessor-version":[{"id":7218,"href":"https:\/\/mx-bretagne.com\/mxb\/wp-json\/wp\/v2\/posts\/7214\/revisions\/7218"}],"wp:featuredmedia":[{"embeddable":true,"href":"https:\/\/mx-bretagne.com\/mxb\/wp-json\/wp\/v2\/media\/7216"}],"wp:attachment":[{"href":"https:\/\/mx-bretagne.com\/mxb\/wp-json\/wp\/v2\/media?parent=7214"}],"wp:term":[{"taxonomy":"category","embeddable":true,"href":"https:\/\/mx-bretagne.com\/mxb\/wp-json\/wp\/v2\/categories?post=7214"},{"taxonomy":"post_tag","embeddable":true,"href":"https:\/\/mx-bretagne.com\/mxb\/wp-json\/wp\/v2\/tags?post=7214"}],"curies":[{"name":"wp","href":"https:\/\/api.w.org\/{rel}","templated":true}]}}