{"id":7052,"date":"2013-11-04T21:32:43","date_gmt":"2013-11-04T21:32:43","guid":{"rendered":"http:\/\/www.mx-bretagne.com\/mxb\/?p=7052"},"modified":"2013-11-05T18:15:12","modified_gmt":"2013-11-05T18:15:12","slug":"mathys-boisrame-officiel-ktm-2014","status":"publish","type":"post","link":"https:\/\/mx-bretagne.com\/mxb\/mathys-boisrame-officiel-ktm-2014","title":{"rendered":"Mathys Boisram\u00e9 avec le clan KTM en 2014"},"content":{"rendered":"<p style=\"text-align: justify;\"><img decoding=\"async\" loading=\"lazy\" class=\"aligncenter  wp-image-7053\" alt=\"boisramektm\" src=\"http:\/\/www.mx-bretagne.com\/mxb\/wp-content\/uploads\/2013\/11\/boisramektm.jpg\" width=\"664\" height=\"293\" srcset=\"https:\/\/mx-bretagne.com\/mxb\/wp-content\/uploads\/2013\/11\/boisramektm.jpg 830w, https:\/\/mx-bretagne.com\/mxb\/wp-content\/uploads\/2013\/11\/boisramektm-650x286.jpg 650w, https:\/\/mx-bretagne.com\/mxb\/wp-content\/uploads\/2013\/11\/boisramektm-700x308.jpg 700w\" sizes=\"(max-width: 664px) 100vw, 664px\" \/><\/p>\n<p style=\"text-align: justify;\"><span style=\"font-size: large;\"><strong>Pour la troisi\u00e8me ann\u00e9e cons\u00e9cutive, Eric BERNARD et le service des sports de KTM France organisaient ce week-end, \u00e0 Allonnes (72) : la \u00ab KTM Mx Acad\u00e9my \u00bb.<\/strong><\/span><\/p>\n<p style=\"text-align: justify;\"><!--more--><\/p>\n<p style=\"text-align: justify;\">\u00a0<\/p>\n<p style=\"text-align: justify;\"><span style=\"font-size: x-small;\"><strong><em>Texte source: MC Romagn\u00e9 sur :\u00a0<a href=\"http:\/\/motoclub-romagne.com\/htm\/info.asp?affichage=detail&amp;id=612\">http:\/\/motoclub-romagne.com\/htm\/info.asp?affichage=detail&amp;id=612<\/a><\/em><\/strong><\/span><\/p>\n<p style=\"text-align: justify;\">\u00a0<\/p>\n<p style=\"text-align: justify;\">Mis en place par le constructeur autrichien, l&rsquo;objectif principal de cette op\u00e9ration est de d\u00e9nicher les futurs pilotes officiels de la marque dans le cadre du Championnat de France Motocross Junior 2014.<\/p>\n<p style=\"text-align: justify;\">\u00a0<\/p>\n<p style=\"text-align: justify;\">La KTM Mx Acad\u00e9my s&rsquo;adressait \u00e0 tous les \u00ab crossmen \u00bb \u00e2g\u00e9s entre 13 et 17 ans qui avaient fait acte de candidature. L&rsquo;\u00e9quipe d\u2019\u00c9ric BERNARD avait ensuite r\u00e9alis\u00e9 une pr\u00e9-s\u00e9lection et seulement vingt pilotes avaient re\u00e7u une convocation pour ce week-end de d\u00e9tection. Et quels pilotes ! Les RUFFIER, BOURDON, HOUZET, MARTINEZ, IMBERT, BOMPAR, GUILLAUME, TORIANI, DOUAUD, BOISRAME et consorts sont annonc\u00e9s pr\u00e9sents !<\/p>\n<p style=\"text-align: justify;\">\u00a0<\/p>\n<p style=\"text-align: justify;\">Au programme du samedi : un atelier m\u00e9canique, un atelier communication, des essais libres, des essais chronos et un roulage collectif avant une r\u00e9union de jury d\u00e9terminant les six \u00e9l\u00e9ments pour la seconde journ\u00e9e !<\/p>\n<p style=\"text-align: justify;\">\u00a0<\/p>\n<p style=\"text-align: justify;\">Mathys BOISRAME encha\u00eene les ateliers et claque un 3\u00e8me temps chrono ! Satisfait de sa journ\u00e9e, il ne regrette rien, pense avoir donn\u00e9 le meilleur de lui-m\u00eame et attend avec impatience la d\u00e9cision du jury ! La d\u00e9cision tombe enfin ! Il ne seront pas six mais huit \u00e0 poursuivre l&rsquo;aventure le lendemain et Mathys est dans cette liste officielle !<\/p>\n<p style=\"text-align: justify;\">\u00a0<\/p>\n<p style=\"text-align: justify;\">La seconde journ\u00e9e est tendue, stressante ! Quatre guidons officielles et huit pilotes en course ! Apr\u00e8s un briefing, les jeunes pilotes encha\u00eenent avec des tests physiques puis une heure de roulage individuel et collectif, chacun donne le meilleur et l&rsquo;organisation convoque les pilotes \u00e0 la fin de cet exercice.<\/p>\n<p style=\"text-align: justify;\">\u00a0<\/p>\n<p style=\"text-align: justify;\">Rapha\u00ebl RUFFIER, Dan HOUZET, Lucas IMBERT&#8230;.et Mathys BOISRAME sont les heureux \u00e9lus ! Pour Mathys, c&rsquo;est la surprise totale et il met un certain temps \u00e0 comprendre ce qui vient de lui arriver : un guidon officielle, deux motos, un budget pi\u00e8ces&#8230;.la saison 2014 s&rsquo;annonce d\u00e9j\u00e0 sous les meilleurs auspices !<\/p>\n<p style=\"text-align: justify;\">\u00a0<\/p>\n","protected":false},"excerpt":{"rendered":"<p><\/p>\n","protected":false},"author":2,"featured_media":7053,"comment_status":"open","ping_status":"open","sticky":false,"template":"","format":"standard","meta":[],"categories":[4,17],"tags":[1015,1113,317,345,137,1067,26],"aioseo_notices":[],"_links":{"self":[{"href":"https:\/\/mx-bretagne.com\/mxb\/wp-json\/wp\/v2\/posts\/7052"}],"collection":[{"href":"https:\/\/mx-bretagne.com\/mxb\/wp-json\/wp\/v2\/posts"}],"about":[{"href":"https:\/\/mx-bretagne.com\/mxb\/wp-json\/wp\/v2\/types\/post"}],"author":[{"embeddable":true,"href":"https:\/\/mx-bretagne.com\/mxb\/wp-json\/wp\/v2\/users\/2"}],"replies":[{"embeddable":true,"href":"https:\/\/mx-bretagne.com\/mxb\/wp-json\/wp\/v2\/comments?post=7052"}],"version-history":[{"count":2,"href":"https:\/\/mx-bretagne.com\/mxb\/wp-json\/wp\/v2\/posts\/7052\/revisions"}],"predecessor-version":[{"id":7058,"href":"https:\/\/mx-bretagne.com\/mxb\/wp-json\/wp\/v2\/posts\/7052\/revisions\/7058"}],"wp:featuredmedia":[{"embeddable":true,"href":"https:\/\/mx-bretagne.com\/mxb\/wp-json\/wp\/v2\/media\/7053"}],"wp:attachment":[{"href":"https:\/\/mx-bretagne.com\/mxb\/wp-json\/wp\/v2\/media?parent=7052"}],"wp:term":[{"taxonomy":"category","embeddable":true,"href":"https:\/\/mx-bretagne.com\/mxb\/wp-json\/wp\/v2\/categories?post=7052"},{"taxonomy":"post_tag","embeddable":true,"href":"https:\/\/mx-bretagne.com\/mxb\/wp-json\/wp\/v2\/tags?post=7052"}],"curies":[{"name":"wp","href":"https:\/\/api.w.org\/{rel}","templated":true}]}}