{"id":6835,"date":"2013-09-26T16:29:15","date_gmt":"2013-09-26T16:29:15","guid":{"rendered":"http:\/\/www.mx-bretagne.com\/mxb\/?p=6835"},"modified":"2013-09-26T16:29:15","modified_gmt":"2013-09-26T16:29:15","slug":"interligues-6585-la-bretagne-simpose","status":"publish","type":"post","link":"https:\/\/mx-bretagne.com\/mxb\/interligues-6585-la-bretagne-simpose","title":{"rendered":"INTERLIGUES 65&#038;85: La Bretagne s&rsquo;impose"},"content":{"rendered":"<div id=\"attachment_6836\" style=\"width: 674px\" class=\"wp-caption aligncenter\"><img aria-describedby=\"caption-attachment-6836\" decoding=\"async\" loading=\"lazy\" class=\" wp-image-6836\" alt=\"interliguefinale\" src=\"http:\/\/www.mx-bretagne.com\/mxb\/wp-content\/uploads\/2013\/09\/interliguefinale.jpg\" width=\"664\" height=\"334\" srcset=\"https:\/\/mx-bretagne.com\/mxb\/wp-content\/uploads\/2013\/09\/interliguefinale.jpg 830w, https:\/\/mx-bretagne.com\/mxb\/wp-content\/uploads\/2013\/09\/interliguefinale-650x327.jpg 650w, https:\/\/mx-bretagne.com\/mxb\/wp-content\/uploads\/2013\/09\/interliguefinale-700x352.jpg 700w\" sizes=\"(max-width: 664px) 100vw, 664px\" \/><p id=\"caption-attachment-6836\" class=\"wp-caption-text\">Photos Lydie LANDAIS<\/p><\/div>\n<p style=\"text-align: justify;\"><span style=\"font-size: large;\"><strong>Vive la Bretagne ! Une fois de plus, la Bretagne s&rsquo;impose dans l&rsquo;Interligues 2013 pour les cat\u00e9gories 65 et 85cc. 13 pilotes de la r\u00e9gion s&rsquo;\u00e9taient d\u00e9plac\u00e9s sur le circuit des Alleuds dans le 49.<\/strong><\/span><\/p>\n<p><!--more--><\/p>\n<p>&nbsp;<\/p>\n<p style=\"text-align: justify;\">Des excellents r\u00e9sultats individuels qui donnent la victoire aux \u00e9quipes Bretonnes.<\/p>\n<p style=\"text-align: justify;\">\u00a0<\/p>\n<p style=\"text-align: justify;\">Les pilots 65cc: Alan Harnois (1\/1), Jayson Quer\u00e9 (2\/3), Louison Chimier (7\/6), L\u00e9andre Chauvir\u00e9 (6\/4), Esteban Labas (4\/7), Robin Lemoine (3\/4), Pierre-Louis Deroyer (5\/8).<\/p>\n<p style=\"text-align: justify;\">Les pilotes 85cc: Ronan Landais (2\/7), William Olichet (4\/4), Luigi Perrichot (6\/3), Alan Boussard (12\/10), Erwann Viera (3\/5), Gwendal Robert (8\/6).<\/p>\n<p>&nbsp;<\/p>\n<p>&nbsp;<\/p>\n<div id=\"attachment_6837\" style=\"width: 650px\" class=\"wp-caption aligncenter\"><a href=\"http:\/\/www.mx-bretagne.com\/mxb\/wp-content\/uploads\/2013\/09\/65interligues.jpg\"><img aria-describedby=\"caption-attachment-6837\" decoding=\"async\" loading=\"lazy\" class=\" wp-image-6837 \" alt=\"Cat\u00e9gorie 65cc\" src=\"http:\/\/www.mx-bretagne.com\/mxb\/wp-content\/uploads\/2013\/09\/65interligues.jpg\" width=\"640\" height=\"406\" srcset=\"https:\/\/mx-bretagne.com\/mxb\/wp-content\/uploads\/2013\/09\/65interligues.jpg 800w, https:\/\/mx-bretagne.com\/mxb\/wp-content\/uploads\/2013\/09\/65interligues-582x370.jpg 582w, https:\/\/mx-bretagne.com\/mxb\/wp-content\/uploads\/2013\/09\/65interligues-700x444.jpg 700w\" sizes=\"(max-width: 640px) 100vw, 640px\" \/><\/a><p id=\"caption-attachment-6837\" class=\"wp-caption-text\">Cat\u00e9gorie 65cc<\/p><\/div>\n<p>&nbsp;<\/p>\n<div id=\"attachment_6838\" style=\"width: 650px\" class=\"wp-caption aligncenter\"><a href=\"http:\/\/www.mx-bretagne.com\/mxb\/wp-content\/uploads\/2013\/09\/85interligue.jpg\"><img aria-describedby=\"caption-attachment-6838\" decoding=\"async\" loading=\"lazy\" class=\" wp-image-6838 \" alt=\"Cat\u00e9gorie 85cc\" src=\"http:\/\/www.mx-bretagne.com\/mxb\/wp-content\/uploads\/2013\/09\/85interligue.jpg\" width=\"640\" height=\"268\" srcset=\"https:\/\/mx-bretagne.com\/mxb\/wp-content\/uploads\/2013\/09\/85interligue.jpg 800w, https:\/\/mx-bretagne.com\/mxb\/wp-content\/uploads\/2013\/09\/85interligue-650x272.jpg 650w, https:\/\/mx-bretagne.com\/mxb\/wp-content\/uploads\/2013\/09\/85interligue-700x293.jpg 700w\" sizes=\"(max-width: 640px) 100vw, 640px\" \/><\/a><p id=\"caption-attachment-6838\" class=\"wp-caption-text\">Cat\u00e9gorie 85cc<\/p><\/div>\n","protected":false},"excerpt":{"rendered":"<p> Photos Lydie LANDAIS<\/p>\n","protected":false},"author":1,"featured_media":6836,"comment_status":"open","ping_status":"open","sticky":false,"template":"","format":"standard","meta":[],"categories":[7,17],"tags":[39,669,26,604],"aioseo_notices":[],"_links":{"self":[{"href":"https:\/\/mx-bretagne.com\/mxb\/wp-json\/wp\/v2\/posts\/6835"}],"collection":[{"href":"https:\/\/mx-bretagne.com\/mxb\/wp-json\/wp\/v2\/posts"}],"about":[{"href":"https:\/\/mx-bretagne.com\/mxb\/wp-json\/wp\/v2\/types\/post"}],"author":[{"embeddable":true,"href":"https:\/\/mx-bretagne.com\/mxb\/wp-json\/wp\/v2\/users\/1"}],"replies":[{"embeddable":true,"href":"https:\/\/mx-bretagne.com\/mxb\/wp-json\/wp\/v2\/comments?post=6835"}],"version-history":[{"count":2,"href":"https:\/\/mx-bretagne.com\/mxb\/wp-json\/wp\/v2\/posts\/6835\/revisions"}],"predecessor-version":[{"id":6840,"href":"https:\/\/mx-bretagne.com\/mxb\/wp-json\/wp\/v2\/posts\/6835\/revisions\/6840"}],"wp:featuredmedia":[{"embeddable":true,"href":"https:\/\/mx-bretagne.com\/mxb\/wp-json\/wp\/v2\/media\/6836"}],"wp:attachment":[{"href":"https:\/\/mx-bretagne.com\/mxb\/wp-json\/wp\/v2\/media?parent=6835"}],"wp:term":[{"taxonomy":"category","embeddable":true,"href":"https:\/\/mx-bretagne.com\/mxb\/wp-json\/wp\/v2\/categories?post=6835"},{"taxonomy":"post_tag","embeddable":true,"href":"https:\/\/mx-bretagne.com\/mxb\/wp-json\/wp\/v2\/tags?post=6835"}],"curies":[{"name":"wp","href":"https:\/\/api.w.org\/{rel}","templated":true}]}}