{"id":6765,"date":"2013-09-16T18:50:12","date_gmt":"2013-09-16T18:50:12","guid":{"rendered":"http:\/\/www.mx-bretagne.com\/mxb\/?p=6765"},"modified":"2013-09-16T19:00:55","modified_gmt":"2013-09-16T19:00:55","slug":"report-ufolep-meillac","status":"publish","type":"post","link":"https:\/\/mx-bretagne.com\/mxb\/report-ufolep-meillac","title":{"rendered":"REPORT UFOLEP: Meillac"},"content":{"rendered":"<div id=\"attachment_1812\" style=\"width: 640px\" class=\"wp-caption aligncenter\"><img aria-describedby=\"caption-attachment-1812\" decoding=\"async\" loading=\"lazy\" class=\"size-full wp-image-1812\" alt=\"Retrouvez les r\u00e9sultats de Bretagne avec notre partenaire BTCS\" src=\"http:\/\/www.mx-bretagne.com\/mxb\/wp-content\/uploads\/2012\/03\/btcs.jpg\" width=\"630\" height=\"60\" srcset=\"https:\/\/mx-bretagne.com\/mxb\/wp-content\/uploads\/2012\/03\/btcs.jpg 630w, https:\/\/mx-bretagne.com\/mxb\/wp-content\/uploads\/2012\/03\/btcs-300x28.jpg 300w, https:\/\/mx-bretagne.com\/mxb\/wp-content\/uploads\/2012\/03\/btcs-150x14.jpg 150w\" sizes=\"(max-width: 630px) 100vw, 630px\" \/><p id=\"caption-attachment-1812\" class=\"wp-caption-text\">Retrouvez les r\u00e9sultats de Bretagne avec notre partenaire BTCS<\/p><\/div>\n<p>&nbsp;<\/p>\n<div id=\"attachment_6773\" style=\"width: 674px\" class=\"wp-caption aligncenter\"><img aria-describedby=\"caption-attachment-6773\" decoding=\"async\" loading=\"lazy\" class=\" wp-image-6773 \" alt=\"Romain Chastel s'impose au g\u00e9n\u00e9ral en MCA.\" src=\"http:\/\/www.mx-bretagne.com\/mxb\/wp-content\/uploads\/2013\/09\/meillac.jpg\" width=\"664\" height=\"293\" srcset=\"https:\/\/mx-bretagne.com\/mxb\/wp-content\/uploads\/2013\/09\/meillac.jpg 830w, https:\/\/mx-bretagne.com\/mxb\/wp-content\/uploads\/2013\/09\/meillac-650x286.jpg 650w, https:\/\/mx-bretagne.com\/mxb\/wp-content\/uploads\/2013\/09\/meillac-700x308.jpg 700w\" sizes=\"(max-width: 664px) 100vw, 664px\" \/><p id=\"caption-attachment-6773\" class=\"wp-caption-text\">Romain Chastel s&rsquo;impose au g\u00e9n\u00e9ral en MCA.<\/p><\/div>\n<p style=\"text-align: justify;\"><span style=\"font-size: large;\"><strong>A la mi-septembre on avait tous rendez-vous \u00e0 Meillac, une petite commune situ\u00e9e \u00e0 35 km de Rennes et Saint Malo. L\u2019avant derni\u00e8re \u00e9preuve du Troph\u00e9e de Bretagne UFOLEP 2013 s\u2019est d\u00e9roul\u00e9e sur ce petit circuit technique sans grosse difficult\u00e9 pour le plaisir de tous. Une belle r\u00e9ussite pour le Pr\u00e9sident Jean-Yves Chartois et son \u00e9quipe !<\/strong><\/span><\/p>\n<p style=\"text-align: justify;\"><!--more--><\/p>\n<p style=\"text-align: justify;\">\u00a0<\/p>\n<p style=\"text-align: justify;\">Lien vers les r\u00e9sultats complets de la journ\u00e9e:\u00a0<a href=\"http:\/\/www.mxufolepbzh.com\/MxLigue\/ResultatCourse.aspx?ID=7\">http:\/\/www.mxufolepbzh.com\/MxLigue\/ResultatCourse.aspx?ID=7<\/a><\/p>\n<p style=\"text-align: justify;\">Lien vers les classements provisoires:\u00a0<a href=\"http:\/\/www.mxufolepbzh.com\/MxLigue\/Classements.aspx\">http:\/\/www.mxufolepbzh.com\/MxLigue\/Classements.aspx<\/a><\/p>\n<p style=\"text-align: justify;\">\u00a0<\/p>\n<p style=\"text-align: justify;\"><span style=\"font-size: xx-large; color: #3366ff;\"><strong>85<\/strong><\/span><\/p>\n<p style=\"text-align: justify;\">\u00a0<\/p>\n<div id=\"attachment_6771\" style=\"width: 610px\" class=\"wp-caption aligncenter\"><img aria-describedby=\"caption-attachment-6771\" decoding=\"async\" loading=\"lazy\" class=\"size-full wp-image-6771\" alt=\"Gr\u00e9gory Mar\u00e9chal.\" src=\"http:\/\/www.mx-bretagne.com\/mxb\/wp-content\/uploads\/2013\/09\/12.jpg\" width=\"600\" height=\"319\" \/><p id=\"caption-attachment-6771\" class=\"wp-caption-text\">Gr\u00e9gory Mar\u00e9chal.<\/p><\/div>\n<p style=\"text-align: justify;\"><span style=\"font-size: x-small;\"><strong>1\u00e8re manche\u00a0: 1. T\u00e9o Zom\u00e9ro 2. Baptiste Quesnel 3. Alexis Gautier<\/strong><\/span><\/p>\n<p style=\"text-align: justify;\">\u00a0<\/p>\n<p style=\"text-align: justify;\">Le pilote Meillacois Gr\u00e9gory Mar\u00e9chal remporte facilement la deuxi\u00e8me manche devant T\u00e9o Zom\u00e9ro. Troisi\u00e8me Alexandre Rabin a d\u00fb contenir Alexis Gautier pendant toute la manche. Une belle bagarre dans le respect du sport. Avec sa 4\u00e8me place en seconde manche, Alexis est toujours en t\u00eate du championnat de Bretagne UFOLEP 85. La lutte promet d\u2019\u00eatre intense la semaine prochaine \u00e0 Saint Jacut Les Pins pour la finale.<\/p>\n<p style=\"text-align: justify;\">\u00a0<\/p>\n<p style=\"text-align: justify;\"><span style=\"font-size: x-small;\"><strong>2\u00e8me manche\u00a0: 1. Gr\u00e9gory Mar\u00e9chal 2. T\u00e9o Zom\u00e9ro 3. Alexandre Rabin<\/strong><\/span><\/p>\n<p style=\"text-align: justify;\"><span style=\"font-size: x-small;\"><span style=\"font-size: 13px;\">\u00a0<\/span><\/span><\/p>\n<p style=\"text-align: justify;\"><span style=\"font-size: large;\"><strong>Journ\u00e9e<\/strong><\/span><\/p>\n<p>1 116 ZOMERO TEO LIFFRE 1 2 0 75<\/p>\n<p>2 6 GAUTIER ALEXIS P-FOUGERES 3 4 0 61<\/p>\n<p>3 24 QUESNEL BAPTISTE MEILLAC 2 9 0 53<\/p>\n<p>4 8 LEMEE DORIAN CONCORET 4 6 0 52<\/p>\n<p>5 12 MARECHAL GREGORY MEILLAC 18 1 0 49<\/p>\n<p>&#8230;<\/p>\n<p style=\"text-align: justify;\">\u00a0<\/p>\n<p style=\"text-align: justify;\">\u00a0<\/p>\n<p style=\"text-align: justify;\"><span style=\"font-size: xx-large; color: #3366ff;\"><strong>MCA<\/strong><\/span><\/p>\n<p style=\"text-align: justify;\">\u00a0<\/p>\n<div id=\"attachment_6772\" style=\"width: 698px\" class=\"wp-caption aligncenter\"><img aria-describedby=\"caption-attachment-6772\" decoding=\"async\" loading=\"lazy\" class=\"size-full wp-image-6772\" alt=\"Bonne journ\u00e9e pour Axel Seynave\" src=\"http:\/\/www.mx-bretagne.com\/mxb\/wp-content\/uploads\/2013\/09\/DSC_0020.jpg\" width=\"688\" height=\"366\" srcset=\"https:\/\/mx-bretagne.com\/mxb\/wp-content\/uploads\/2013\/09\/DSC_0020.jpg 688w, https:\/\/mx-bretagne.com\/mxb\/wp-content\/uploads\/2013\/09\/DSC_0020-650x345.jpg 650w\" sizes=\"(max-width: 688px) 100vw, 688px\" \/><p id=\"caption-attachment-6772\" class=\"wp-caption-text\">Bonne journ\u00e9e pour Axel Seynave<\/p><\/div>\n<p style=\"text-align: justify;\">Week-end \u00e0 oublier pour Aur\u00e9lien Toulain qui a connu un probl\u00e8me d\u2019injecteur en premi\u00e8re manche. Dans la seconde manche il a fait une belle remont\u00e9e \u00a0jusqu&rsquo;\u00e0 la 8\u00e8me place apr\u00e8s \u00eatre parti dernier. Auteur d\u2019une superbe premi\u00e8re manche J\u00e9r\u00f4me Launay peut croire au titre en 125, il est \u00e0 seulement 6 points du leader, Jeremy Mordrelle. Le top 3 provisoire de cette cat\u00e9gorie 125 se tient en 10 points. Chaud ! Romain Chastel remporte la journ\u00e9e gr\u00e2ce \u00e0 deux belles manches. Francis Beliot remporte la deuxi\u00e8me manche sur son terrain et sa petite 125 YZ.<\/p>\n<p style=\"text-align: justify;\">\u00a0<\/p>\n<p style=\"text-align: justify;\"><span style=\"font-size: x-small;\"><strong>1\u00e8re manche\u00a0: 1. Romain Chastel 2. Axel Seynave 3. J\u00e9r\u00f4me Launay<\/strong><\/span><\/p>\n<p style=\"text-align: justify;\"><span style=\"font-size: x-small;\"><span style=\"font-size: 13px;\">\u00a0<\/span><\/span><\/p>\n<p style=\"text-align: justify;\"><span style=\"font-size: x-small;\"><strong>2\u00e8me manche\u00a0: 1. Francis Beliot 2. Axel Seynave 3. Romain Chastel<\/strong><\/span><\/p>\n<p style=\"text-align: justify;\"><span style=\"font-size: x-small;\"><span style=\"font-size: 13px;\">\u00a0<\/span><\/span><\/p>\n<p style=\"text-align: justify;\"><span style=\"font-size: large;\"><strong>Journ\u00e9e<\/strong><\/span><\/p>\n<p>1 37 CHASTEL ROMAIN P-FOUGERES 1 3 0 312<\/p>\n<p>2 333 SEYNAVE AXEL P-FOUGERES 2 2 0 310<\/p>\n<p>3 812 BELIOT FRANCIS MEILLAC 6 1 0 303<\/p>\n<p>4 66 MORDRELLE JEREMY MINIAC 4 5 0 295<\/p>\n<p>5 60 LAUNAY JEROME CONCORET 3 7 0 292<\/p>\n<p>&#8230;<\/p>\n<p>&nbsp;<\/p>\n<p style=\"text-align: justify;\">\u00a0<\/p>\n<p style=\"text-align: justify;\"><span style=\"font-size: xx-large; color: #3366ff;\"><strong>MCB<\/strong><\/span><\/p>\n<p style=\"text-align: justify;\">\u00a0<\/p>\n<div id=\"attachment_6769\" style=\"width: 610px\" class=\"wp-caption aligncenter\"><img aria-describedby=\"caption-attachment-6769\" decoding=\"async\" loading=\"lazy\" class=\"size-full wp-image-6769\" alt=\"G\u00e9rald Pinault\" src=\"http:\/\/www.mx-bretagne.com\/mxb\/wp-content\/uploads\/2013\/09\/pinault.jpg\" width=\"600\" height=\"319\" \/><p id=\"caption-attachment-6769\" class=\"wp-caption-text\">G\u00e9rald Pineau<\/p><\/div>\n<p style=\"text-align: justify;\">Aur\u00e9lien Lebel remporte les deux manches sans probl\u00e8me avec sa 250 RM-Z. Belle performance de G\u00e9rald Pineau qui termine 2\u00e8me et 4\u00e8me. En seconde manche Jordan Le Touze a tout fait pour passer Emilien Gl\u00e9mot mais Emilien n\u2019a pas l\u00e2ch\u00e9. C\u2019\u00e9tait vraiment tr\u00e8s chaud\u00a0!<\/p>\n<p style=\"text-align: justify;\">\u00a0<\/p>\n<p style=\"text-align: justify;\"><span style=\"font-size: x-small;\"><strong>1\u00e8re manche\u00a0: 1. Aur\u00e9lien Lebel 2. G\u00e9rald Pineau 3. Maxime Desgranges<\/strong><\/span><\/p>\n<p style=\"text-align: justify;\"><span style=\"font-size: x-small;\"><span style=\"font-size: 13px;\">\u00a0<\/span><\/span><\/p>\n<p style=\"text-align: justify;\"><span style=\"font-size: x-small;\"><strong>2\u00e8me manche\u00a0: 1. Aur\u00e9lien Lebel 2. Emilien Gl\u00e9mot 3. Jordan Le Touze<\/strong><\/span><\/p>\n<p style=\"text-align: justify;\"><span style=\"font-size: x-small;\"><span style=\"font-size: 13px;\">\u00a0<\/span><\/span><\/p>\n<p style=\"text-align: justify;\"><span style=\"font-size: large;\"><strong>Journ\u00e9e<\/strong><\/span><\/p>\n<p>1 40 LEBEL AURELIEN MINIAC 1 1 0 200<\/p>\n<p>2 570 PINEAU GERALD CONCORET 2 4 0 184<\/p>\n<p>3 12 LE TOUZE JORDAN ALLAIRE 6 3 0 175<\/p>\n<p>4 194 DESGRANGES MAXIME TREMBLAY 3 6 0 175<\/p>\n<p>5 59 AUBRY JONATHAN GOVEN 5 5 0 172<\/p>\n<p>&#8230;<\/p>\n<p>&nbsp;<\/p>\n<p style=\"text-align: justify;\">\u00a0<\/p>\n<p style=\"text-align: justify;\"><span style=\"font-size: xx-large; color: #3366ff;\"><strong>MCC<\/strong><\/span><\/p>\n<div id=\"attachment_6767\" style=\"width: 610px\" class=\"wp-caption aligncenter\"><img aria-describedby=\"caption-attachment-6767\" decoding=\"async\" loading=\"lazy\" class=\"size-full wp-image-6767\" alt=\"D\u00e9part 1\u00e8re manche MCC\" src=\"http:\/\/www.mx-bretagne.com\/mxb\/wp-content\/uploads\/2013\/09\/mcc.jpg\" width=\"600\" height=\"319\" \/><p id=\"caption-attachment-6767\" class=\"wp-caption-text\">D\u00e9part 1\u00e8re manche MCC<\/p><\/div>\n<p style=\"text-align: justify;\">Dans cette s\u00e9rie on a eu du beau spectacle. Jacky Balluais s\u2019en sort le mieux sur un circuit glissant en premi\u00e8re manche. 5\u00e8me du second d\u00e9bat, il prend la troisi\u00e8me place du g\u00e9n\u00e9ral. A la faveur de sa victoire en seconde manche Cyrille Jugele l\u2019emporte. La r\u00e9gularit\u00e9 de K\u00e9vin Perrel (2\/2) n\u2019aura pas suffit. Belle remont\u00e9e de J\u00e9r\u00e9my Erard 3\u00e8me dans l\u2019ultime manche.<\/p>\n<p style=\"text-align: justify;\">\u00a0<\/p>\n<p style=\"text-align: justify;\"><span style=\"font-size: x-small;\"><strong>1\u00e8re manche\u00a0: 1. Jacky Balluais 2. K\u00e9vin Perrel 3. Cyrille Jugele<\/strong><\/span><\/p>\n<p style=\"text-align: justify;\"><span style=\"font-size: x-small;\"><span style=\"font-size: 13px;\">\u00a0<\/span><\/span><\/p>\n<p style=\"text-align: justify;\"><span style=\"font-size: x-small;\"><strong>2\u00e8me manche\u00a0: 1. Cyrille Jugele 2. K\u00e9vin Perrel 3. J\u00e9r\u00e9my Erard<\/strong><\/span><\/p>\n<p style=\"text-align: justify;\"><span style=\"font-size: x-small;\"><span style=\"font-size: 13px;\">\u00a0<\/span><\/span><\/p>\n<p style=\"text-align: justify;\"><span style=\"font-size: large;\"><strong>Journ\u00e9e<\/strong><\/span><\/p>\n<p>1 83 JUGELE CYRILLE TREMBLAY 3 1 0 72<\/p>\n<p>2 916 PERREL K\u00c9VIN MINIAC 2 2 0 70<\/p>\n<p>3 369 BALLUAIS JACKY TREMBLAY 1 5 0 66<\/p>\n<p>4 7 ERARD JEREMY A-NEUVILLE 9 3 0 50<\/p>\n<p>5 472 HEMERY ALEXANDRE ALLAIRE 4 9 0 47<\/p>\n<p>&#8230;<\/p>\n<p>&nbsp;<\/p>\n<p style=\"text-align: justify;\">\u00a0<\/p>\n<p style=\"text-align: justify;\"><span style=\"font-size: xx-large; color: #3366ff;\"><strong>Prestiges<\/strong><\/span><\/p>\n<p style=\"text-align: justify;\">\u00a0<\/p>\n<p style=\"text-align: justify;\"><span style=\"font-size: x-small;\"><strong>1\u00e8re manche\u00a0: 1. Bruno Rabruau 2.Alain Chenal 3. Fr\u00e9d\u00e9ric Adam<\/strong><\/span><\/p>\n<p style=\"text-align: justify;\">\u00a0<\/p>\n<p style=\"text-align: justify;\">Alain Chenal a r\u00e9alis\u00e9 le holeshot de la deuxi\u00e8me et troisi\u00e8me manche (2\/3\/10). Sans une chute en troisi\u00e8me manche pouvait esp\u00e9rer le podium g\u00e9n\u00e9ral. Malgr\u00e9 des d\u00e9parts moyens Bruno Rabruau a domin\u00e9 tout le monde. Devant son public Fr\u00e9d\u00e9ric Adam (3\/2\/2) a \u00e9t\u00e9 r\u00e9gulier avec la mani\u00e8re. Pascal Beaulieu toujours pr\u00e9sent compl\u00e8te le podium du g\u00e9n\u00e9ral. A noter la belle progression au fil de la journ\u00e9e d\u2019Olivier Bordeau (6\/5\/4). Stephan Lecoublet avait r\u00e9alis\u00e9 un beau d\u00e9but de derni\u00e8re manche avant de baisser de rythme, 11\u00e8me finalement.<\/p>\n<p style=\"text-align: justify;\">\u00a0<\/p>\n<p style=\"text-align: justify;\"><strong><span style=\"font-size: x-small;\">2\u00e8me manche\u00a0: 1. Bruno Rabruau 2. Fr\u00e9d\u00e9ric Adam 3. Alain Chenal<\/span><\/strong><\/p>\n<p style=\"text-align: justify;\">\u00a0<\/p>\n<p style=\"text-align: justify;\"><strong><span style=\"font-size: x-small;\">3\u00e8me manche\u00a0: 1. Bruno Rabruau 2. Fr\u00e9d\u00e9ric Adam 3. Pascal Beaulieu<\/span><\/strong><\/p>\n<p style=\"text-align: justify;\">\u00a0<\/p>\n<p style=\"text-align: justify;\"><span style=\"font-size: large;\"><strong>Journ\u00e9e<\/strong><\/span><\/p>\n<p>1 91 RABRUAU BRUNO MINIAC 1 1 1 120<\/p>\n<p>2 27 ADAM FREDERIC MEILLAC 3 2 2 102<\/p>\n<p>3 44 BEAULIEU PASCAL MINIAC 4 4 3 90<\/p>\n<p>4 95 CHENAL ALAIN TREMBLAY 2 3 10 84<\/p>\n<p>5 7 BORDEAU OLIVIER LIFFRE 6 5 4 78<\/p>\n<p>&#8230;<\/p>\n<p>&nbsp;<\/p>\n<p style=\"text-align: justify;\">\u00a0<\/p>\n<p style=\"text-align: justify;\"><span style=\"font-size: xx-large; color: #3366ff;\"><strong>Open<\/strong><\/span><\/p>\n<div id=\"attachment_6766\" style=\"width: 610px\" class=\"wp-caption aligncenter\"><img aria-describedby=\"caption-attachment-6766\" decoding=\"async\" loading=\"lazy\" class=\"size-full wp-image-6766\" alt=\"Mathieu Neveu\" src=\"http:\/\/www.mx-bretagne.com\/mxb\/wp-content\/uploads\/2013\/09\/neveu.jpg\" width=\"600\" height=\"319\" \/><p id=\"caption-attachment-6766\" class=\"wp-caption-text\">Mathieu Neveu<\/p><\/div>\n<p style=\"text-align: justify;\">Pas de changement, Mathieu Neveu est toujours l\u00e0 sur sa KTM. S\u00e9bastien Marion \u00e9tait bien parti pour remporter la premi\u00e8re manche mais il a cal\u00e9, dommage. David Launay a d\u00fb s\u2019employer pour terminer 3\u00e8me en seconde manche. Etienne Le Doueff et Yoann Bizien qui terminent respectivement 4\u00e8me et 5\u00e8me avaient vraiment le bon rythme. S\u00e9bastien Marion a montr\u00e9 qu\u2019il n\u2019avait rein perdu de son coup de gaz en se classant 3\u00e8me de la journ\u00e9e.<\/p>\n<p style=\"text-align: justify;\">Pour les f\u00e9minines C\u00e9lina Chauvin et Erell Boulouard se sont pas vraiment d\u00e9partag\u00e9s en effectuant des courses roues dans roues. Erell Boulouard termine 1\u00e8re du g\u00e9n\u00e9ral pour cette fois.<\/p>\n<p style=\"text-align: justify;\">\u00a0<\/p>\n<div id=\"attachment_6768\" style=\"width: 610px\" class=\"wp-caption aligncenter\"><img aria-describedby=\"caption-attachment-6768\" decoding=\"async\" loading=\"lazy\" class=\"size-full wp-image-6768\" alt=\"Superbe baston entre les F\u00e9minines C\u00e9lina Chauvin et Erell Boulouard en 1\u00e8re manche.\" src=\"http:\/\/www.mx-bretagne.com\/mxb\/wp-content\/uploads\/2013\/09\/feminies.jpg\" width=\"600\" height=\"319\" \/><p id=\"caption-attachment-6768\" class=\"wp-caption-text\">Superbe baston entre les F\u00e9minines C\u00e9lina Chauvin et Erell Boulouard en 1\u00e8re manche.<\/p><\/div>\n<p style=\"text-align: justify;\"><span style=\"font-size: x-small;\"><strong>1\u00e8re manche\u00a0: 1. Mathieu Neveu 2. David Launay 3. Fabien Lachaise<\/strong><\/span><\/p>\n<p style=\"text-align: justify;\">\u00a0<\/p>\n<p style=\"text-align: justify;\"><span style=\"font-size: x-small;\"><strong>2\u00e8me manche\u00a0: 1. Mathieu Neveu 2. S\u00e9bastien Marion 3. David Launay<\/strong><\/span><\/p>\n<p style=\"text-align: justify;\"><span style=\"font-size: x-small;\"><span style=\"font-size: 13px;\">\u00a0<\/span><\/span><\/p>\n<p style=\"text-align: justify;\"><span style=\"font-size: x-small;\"><strong>3\u00e8me manche\u00a0: 1. Mathieu Neveu 2. S\u00e9bastien Marion 3. Yoann Bizien<\/strong><\/span><\/p>\n<p style=\"text-align: justify;\"><span style=\"font-size: x-small;\"><strong>\u00a0<\/strong><\/span><\/p>\n<p style=\"text-align: justify;\">\u00a0<\/p>\n<div id=\"attachment_6770\" style=\"width: 610px\" class=\"wp-caption aligncenter\"><img aria-describedby=\"caption-attachment-6770\" decoding=\"async\" loading=\"lazy\" class=\"size-full wp-image-6770\" alt=\"D\u00e9part cat\u00e9gorie Open\" src=\"http:\/\/www.mx-bretagne.com\/mxb\/wp-content\/uploads\/2013\/09\/departopen.jpg\" width=\"600\" height=\"319\" \/><p id=\"caption-attachment-6770\" class=\"wp-caption-text\">D\u00e9part cat\u00e9gorie Open<\/p><\/div>\n<p style=\"text-align: justify;\">\u00a0<\/p>\n<p style=\"text-align: justify;\"><span style=\"font-size: large;\"><strong>Journ\u00e9e<\/strong><\/span><\/p>\n<p>1 3 NEVEU MATHIEU MERNEL 1 1 1 120<\/p>\n<p>2 825 LAUNAY DAVID &#8211; 2 3 4 96<\/p>\n<p>3 169 MARION SEBASTIEN MEILLAC 6 2 2 93<\/p>\n<p>4 442 BIZIEN YOANN LIFFRE 5 5 3 84<\/p>\n<p>5 722 LE DOEUFF ETIENNE TALENSAC 4 4 5 84<\/p>\n<p>&#8230;<\/p>\n<p style=\"text-align: justify;\">\u00a0<\/p>\n<p style=\"text-align: justify;\">Rendez-vous dimanche prochain \u00e0 Saint Jacut les Pins pour la finale du Troph\u00e9e de Bretagne.<\/p>\n<p style=\"text-align: justify;\">\u00a0<\/p>\n","protected":false},"excerpt":{"rendered":"<p> Retrouvez les r\u00e9sultats de Bretagne avec notre partenaire BTCS<\/p>\n","protected":false},"author":5,"featured_media":6773,"comment_status":"open","ping_status":"open","sticky":false,"template":"","format":"standard","meta":[],"categories":[8,17],"tags":[328,582,26,315,36],"aioseo_notices":[],"_links":{"self":[{"href":"https:\/\/mx-bretagne.com\/mxb\/wp-json\/wp\/v2\/posts\/6765"}],"collection":[{"href":"https:\/\/mx-bretagne.com\/mxb\/wp-json\/wp\/v2\/posts"}],"about":[{"href":"https:\/\/mx-bretagne.com\/mxb\/wp-json\/wp\/v2\/types\/post"}],"author":[{"embeddable":true,"href":"https:\/\/mx-bretagne.com\/mxb\/wp-json\/wp\/v2\/users\/5"}],"replies":[{"embeddable":true,"href":"https:\/\/mx-bretagne.com\/mxb\/wp-json\/wp\/v2\/comments?post=6765"}],"version-history":[{"count":3,"href":"https:\/\/mx-bretagne.com\/mxb\/wp-json\/wp\/v2\/posts\/6765\/revisions"}],"predecessor-version":[{"id":6775,"href":"https:\/\/mx-bretagne.com\/mxb\/wp-json\/wp\/v2\/posts\/6765\/revisions\/6775"}],"wp:featuredmedia":[{"embeddable":true,"href":"https:\/\/mx-bretagne.com\/mxb\/wp-json\/wp\/v2\/media\/6773"}],"wp:attachment":[{"href":"https:\/\/mx-bretagne.com\/mxb\/wp-json\/wp\/v2\/media?parent=6765"}],"wp:term":[{"taxonomy":"category","embeddable":true,"href":"https:\/\/mx-bretagne.com\/mxb\/wp-json\/wp\/v2\/categories?post=6765"},{"taxonomy":"post_tag","embeddable":true,"href":"https:\/\/mx-bretagne.com\/mxb\/wp-json\/wp\/v2\/tags?post=6765"}],"curies":[{"name":"wp","href":"https:\/\/api.w.org\/{rel}","templated":true}]}}