{"id":6738,"date":"2013-09-09T19:33:59","date_gmt":"2013-09-09T19:33:59","guid":{"rendered":"http:\/\/www.mx-bretagne.com\/mxb\/?p=6738"},"modified":"2013-09-09T19:35:45","modified_gmt":"2013-09-09T19:35:45","slug":"m-boisrame-un-grand-moment","status":"publish","type":"post","link":"https:\/\/mx-bretagne.com\/mxb\/m-boisrame-un-grand-moment","title":{"rendered":"M. BOISRAM\u00c9: \u00ab\u00a0UN GRAND MOMENT\u00a0\u00bb"},"content":{"rendered":"<div id=\"attachment_6740\" style=\"width: 674px\" class=\"wp-caption aligncenter\"><img aria-describedby=\"caption-attachment-6740\" decoding=\"async\" loading=\"lazy\" class=\" wp-image-6740 \" alt=\"Mathys Boisram\u00e9 au guidon de la 125 YZ \u00e0 \u00c9dern. Photo Facebook Charline photographies\" src=\"http:\/\/www.mx-bretagne.com\/mxb\/wp-content\/uploads\/2013\/09\/mathysedern.jpg\" width=\"664\" height=\"293\" srcset=\"https:\/\/mx-bretagne.com\/mxb\/wp-content\/uploads\/2013\/09\/mathysedern.jpg 830w, https:\/\/mx-bretagne.com\/mxb\/wp-content\/uploads\/2013\/09\/mathysedern-650x286.jpg 650w, https:\/\/mx-bretagne.com\/mxb\/wp-content\/uploads\/2013\/09\/mathysedern-700x308.jpg 700w\" sizes=\"(max-width: 664px) 100vw, 664px\" \/><p id=\"caption-attachment-6740\" class=\"wp-caption-text\">Mathys Boisram\u00e9 au guidon de la 125 YZ \u00e0 \u00c9dern. <a href=\"https:\/\/www.facebook.com\/pages\/Charline-photographies\/413669815382102\" target=\"_blank\">Photo Facebook Charline photographies<\/a><\/p><\/div>\n<p style=\"text-align: justify;\"><span style=\"font-size: large;\"><strong>Mathys Boisram\u00e9 a marqu\u00e9 les esprits pour sa premi\u00e8re apparition en 125. Son Moto-Club, le MC Romagn\u00e9, suit de pr\u00e8s sa jeune perle et a pris ses impressions \u00e0 chaud.<\/strong><\/span><\/p>\n<p style=\"text-align: justify;\"><!--more--><\/p>\n<p style=\"text-align: justify;\">\u00a0<\/p>\n<p style=\"text-align: justify;\"><strong>Mathys, on ne te pr\u00e9sente plus ! Apr\u00e8s ta troisi\u00e8me place du Championnat de France Mx Espoirs 85, ton titre de Champion de France SX 85, ta victoire \u00e0 la Rookies Cup 2013, \u00e0 la Coupe des R\u00e9gions, tu as d\u00e9cid\u00e9 de tenter un nouveau challenge ce week-end, racontes ?<\/strong><\/p>\n<blockquote>\n<p style=\"text-align: justify;\">La p\u00e9riode du 85cc va prochainement s&rsquo;achever et je passe en 125cc l&rsquo;ann\u00e9e prochaine avec beaucoup d&rsquo;interrogations, j&rsquo;ai donc d\u00e9cid\u00e9 de me lancer dans le bain pour prendre la temp\u00e9rature ! J&rsquo;ai pass\u00e9 une saison 85, riche en \u00e9motions et j&rsquo;attendais ce moment avec impatience.<\/p>\n<\/blockquote>\n<p style=\"text-align: justify;\">\u00a0<\/p>\n<p style=\"text-align: justify;\"><strong>Malgr\u00e9 le peu d\u2019entra\u00eenement que tu as eu avec la 125, tu claques le 3\u00e8me temps chrono le matin dans ta s\u00e9rie, qu\u2019est ce qui se passe dans la t\u00eate d\u2019un jeune pilote de 15 ans qui vient, pour la premi\u00e8re fois, se mesurer aux pilotes du Mx2 bretons ?<\/strong><\/p>\n<blockquote>\n<p style=\"text-align: justify;\">Connaissant l\u2019excellent niveau des pilotes bretons, je ne pensais pas claquer un tel chrono ! Pour moi, cela a \u00e9t\u00e9 une bonne et agr\u00e9able surprise !<\/p>\n<\/blockquote>\n<p style=\"text-align: justify;\">\u00a0<\/p>\n<p style=\"text-align: justify;\"><strong>A quelques minutes du d\u00e9part, lorsque tu rentres sur la grille, avais-tu de l\u2019appr\u00e9hension ? Puis apr\u00e8s un tour ? Et sur la ligne d\u2019arriv\u00e9e ?<\/strong><\/p>\n<blockquote>\n<p style=\"text-align: justify;\">L&rsquo;appr\u00e9hension \u00e9tait omnipr\u00e9sente lorsque l&rsquo;on sait que l&rsquo;on va se frotter avec les meilleurs pilotes bretons ! Au premier tour, j&rsquo;\u00e9tais 7 et je me devais de remonter. L&rsquo;arriv\u00e9e a \u00e9t\u00e9 un grand moment de joie et d&rsquo;\u00e9motion, car sinc\u00e8rement je ne pensais pas terminer second&#8230;avec si peu d\u2019entra\u00eenement !<\/p>\n<\/blockquote>\n<p>&nbsp;<\/p>\n<p>Vous pouvez lire la suite sur le site du MC Romagn\u00e9 en cliquant ici:\u00a0<a href=\"http:\/\/motoclub-romagne.com\/htm\/info.asp?affichage=detail&amp;id=580\">http:\/\/motoclub-romagne.com\/htm\/info.asp?affichage=detail&amp;id=580<\/a><\/p>\n<p>&nbsp;<\/p>\n","protected":false},"excerpt":{"rendered":"<p> Mathys Boisram\u00e9 au guidon de la 125 YZ \u00e0 \u00c9dern. Photo Facebook Charline photographies<\/p>\n","protected":false},"author":2,"featured_media":6740,"comment_status":"open","ping_status":"open","sticky":false,"template":"","format":"standard","meta":[],"categories":[52,17],"tags":[431,1085,317,91,1067,26],"aioseo_notices":[],"_links":{"self":[{"href":"https:\/\/mx-bretagne.com\/mxb\/wp-json\/wp\/v2\/posts\/6738"}],"collection":[{"href":"https:\/\/mx-bretagne.com\/mxb\/wp-json\/wp\/v2\/posts"}],"about":[{"href":"https:\/\/mx-bretagne.com\/mxb\/wp-json\/wp\/v2\/types\/post"}],"author":[{"embeddable":true,"href":"https:\/\/mx-bretagne.com\/mxb\/wp-json\/wp\/v2\/users\/2"}],"replies":[{"embeddable":true,"href":"https:\/\/mx-bretagne.com\/mxb\/wp-json\/wp\/v2\/comments?post=6738"}],"version-history":[{"count":3,"href":"https:\/\/mx-bretagne.com\/mxb\/wp-json\/wp\/v2\/posts\/6738\/revisions"}],"predecessor-version":[{"id":6742,"href":"https:\/\/mx-bretagne.com\/mxb\/wp-json\/wp\/v2\/posts\/6738\/revisions\/6742"}],"wp:featuredmedia":[{"embeddable":true,"href":"https:\/\/mx-bretagne.com\/mxb\/wp-json\/wp\/v2\/media\/6740"}],"wp:attachment":[{"href":"https:\/\/mx-bretagne.com\/mxb\/wp-json\/wp\/v2\/media?parent=6738"}],"wp:term":[{"taxonomy":"category","embeddable":true,"href":"https:\/\/mx-bretagne.com\/mxb\/wp-json\/wp\/v2\/categories?post=6738"},{"taxonomy":"post_tag","embeddable":true,"href":"https:\/\/mx-bretagne.com\/mxb\/wp-json\/wp\/v2\/tags?post=6738"}],"curies":[{"name":"wp","href":"https:\/\/api.w.org\/{rel}","templated":true}]}}