{"id":6722,"date":"2013-09-05T19:11:59","date_gmt":"2013-09-05T19:11:59","guid":{"rendered":"http:\/\/www.mx-bretagne.com\/mxb\/?p=6722"},"modified":"2013-09-05T19:11:59","modified_gmt":"2013-09-05T19:11:59","slug":"photos-plourin-par-mx-zone","status":"publish","type":"post","link":"https:\/\/mx-bretagne.com\/mxb\/photos-plourin-par-mx-zone","title":{"rendered":"PHOTOS: Plourin par MX Zone"},"content":{"rendered":"<div id=\"attachment_6723\" style=\"width: 674px\" class=\"wp-caption aligncenter\"><img aria-describedby=\"caption-attachment-6723\" decoding=\"async\" loading=\"lazy\" class=\" wp-image-6723 \" alt=\"Pierre Cohas \u00e0 Plourin les Morlaix. Photo MX Zone\" src=\"http:\/\/www.mx-bretagne.com\/mxb\/wp-content\/uploads\/2013\/09\/plourinmxzone.jpg\" width=\"664\" height=\"293\" srcset=\"https:\/\/mx-bretagne.com\/mxb\/wp-content\/uploads\/2013\/09\/plourinmxzone.jpg 830w, https:\/\/mx-bretagne.com\/mxb\/wp-content\/uploads\/2013\/09\/plourinmxzone-650x286.jpg 650w, https:\/\/mx-bretagne.com\/mxb\/wp-content\/uploads\/2013\/09\/plourinmxzone-700x308.jpg 700w\" sizes=\"(max-width: 664px) 100vw, 664px\" \/><p id=\"caption-attachment-6723\" class=\"wp-caption-text\">Pierre Cohas \u00e0 Plourin les Morlaix. Photo MX Zone<\/p><\/div>\n<p style=\"text-align: justify;\"><span style=\"font-size: large;\"><strong>Dimanche dernier c&rsquo;\u00e9tait le retour du MX breton en terre finist\u00e9rienne,\u00e0 Plourin les Morlaix.\u00a0C&rsquo;\u00e9tait pour Jean-Jacques Le Vergos, l&rsquo;occasion de r\u00e9aliser une nouvelle vid\u00e9o et quelques photos. \u00a0La vid\u00e9o est particuli\u00e8rement sympa pour ceux qui ne connaissent pas le circuit avec son d\u00e9part impressionnant !<\/strong><\/span><\/p>\n<p style=\"text-align: justify;\"><span style=\"font-size: large;\"><strong><!--more--><\/strong><\/span><\/p>\n<p>&nbsp;<\/p>\n<p>Lien vers les photos:\u00a0<a href=\"http:\/\/pic.atpic.com\/fr\/2727714\/1024\">http:\/\/pic.atpic.com\/fr\/2727714\/1024<\/a><\/p>\n<p>&nbsp;<\/p>\n<p>&nbsp;<\/p>\n<p><span style=\"font-size: xx-large; color: #3366ff;\"><strong>VID\u00c9O<\/strong><\/span><\/p>\n<p>&nbsp;<\/p>\n<p style=\"text-align: center;\"><iframe loading=\"lazy\" src=\"\/\/player.vimeo.com\/video\/73800234?title=0&amp;byline=0&amp;portrait=0&amp;color=ffffff\" height=\"366\" width=\"650\" allowfullscreen=\"\" frameborder=\"0\"><\/iframe><\/p>\n<p style=\"text-align: center;\"><a href=\"http:\/\/vimeo.com\/73800234\">MX MORLAIX 2013 1\/09\/2013<\/a> from <a href=\"http:\/\/vimeo.com\/user8512025\">mxzonevideo<\/a> on <a href=\"https:\/\/vimeo.com\">Vimeo<\/a>.<\/p>\n","protected":false},"excerpt":{"rendered":"<p> Pierre Cohas \u00e0 Plourin les Morlaix. Photo MX Zone<\/p>\n","protected":false},"author":2,"featured_media":6723,"comment_status":"open","ping_status":"open","sticky":false,"template":"","format":"standard","meta":[],"categories":[17,24],"tags":[328,26,68,570,41],"aioseo_notices":[],"_links":{"self":[{"href":"https:\/\/mx-bretagne.com\/mxb\/wp-json\/wp\/v2\/posts\/6722"}],"collection":[{"href":"https:\/\/mx-bretagne.com\/mxb\/wp-json\/wp\/v2\/posts"}],"about":[{"href":"https:\/\/mx-bretagne.com\/mxb\/wp-json\/wp\/v2\/types\/post"}],"author":[{"embeddable":true,"href":"https:\/\/mx-bretagne.com\/mxb\/wp-json\/wp\/v2\/users\/2"}],"replies":[{"embeddable":true,"href":"https:\/\/mx-bretagne.com\/mxb\/wp-json\/wp\/v2\/comments?post=6722"}],"version-history":[{"count":2,"href":"https:\/\/mx-bretagne.com\/mxb\/wp-json\/wp\/v2\/posts\/6722\/revisions"}],"predecessor-version":[{"id":6725,"href":"https:\/\/mx-bretagne.com\/mxb\/wp-json\/wp\/v2\/posts\/6722\/revisions\/6725"}],"wp:featuredmedia":[{"embeddable":true,"href":"https:\/\/mx-bretagne.com\/mxb\/wp-json\/wp\/v2\/media\/6723"}],"wp:attachment":[{"href":"https:\/\/mx-bretagne.com\/mxb\/wp-json\/wp\/v2\/media?parent=6722"}],"wp:term":[{"taxonomy":"category","embeddable":true,"href":"https:\/\/mx-bretagne.com\/mxb\/wp-json\/wp\/v2\/categories?post=6722"},{"taxonomy":"post_tag","embeddable":true,"href":"https:\/\/mx-bretagne.com\/mxb\/wp-json\/wp\/v2\/tags?post=6722"}],"curies":[{"name":"wp","href":"https:\/\/api.w.org\/{rel}","templated":true}]}}