{"id":6548,"date":"2013-07-25T06:53:23","date_gmt":"2013-07-25T06:53:23","guid":{"rendered":"http:\/\/www.mx-bretagne.com\/mxb\/?p=6548"},"modified":"2013-07-28T11:21:32","modified_gmt":"2013-07-28T11:21:32","slug":"sx-tour-la-bosse-de-bretagne-recoit-les-stars-francaises","status":"publish","type":"post","link":"https:\/\/mx-bretagne.com\/mxb\/sx-tour-la-bosse-de-bretagne-recoit-les-stars-francaises","title":{"rendered":"SX TOUR: La Bosse de Bretagne re\u00e7oit les stars fran\u00e7aises"},"content":{"rendered":"<div id=\"attachment_6549\" style=\"width: 674px\" class=\"wp-caption aligncenter\"><a href=\"http:\/\/www.mx-bretagne.com\/mxb\/wp-content\/uploads\/2013\/07\/coupon_reduction_labosse.jpg\"><img aria-describedby=\"caption-attachment-6549\" decoding=\"async\" loading=\"lazy\" class=\" wp-image-6549  \" alt=\"Cliquez sur l'image, puis imprimez et pr\u00e9sentez ce coupon \u00e0 l'entr\u00e9e pour b\u00e9n\u00e9ficier des 5 euros de remise !\" src=\"http:\/\/www.mx-bretagne.com\/mxb\/wp-content\/uploads\/2013\/07\/coupon_reduction_labosse.jpg\" width=\"664\" height=\"471\" srcset=\"https:\/\/mx-bretagne.com\/mxb\/wp-content\/uploads\/2013\/07\/coupon_reduction_labosse.jpg 830w, https:\/\/mx-bretagne.com\/mxb\/wp-content\/uploads\/2013\/07\/coupon_reduction_labosse-521x370.jpg 521w, https:\/\/mx-bretagne.com\/mxb\/wp-content\/uploads\/2013\/07\/coupon_reduction_labosse-700x496.jpg 700w\" sizes=\"(max-width: 664px) 100vw, 664px\" \/><\/a><p id=\"caption-attachment-6549\" class=\"wp-caption-text\">Imprimez et pr\u00e9sentez ce coupon \u00e0 l&rsquo;entr\u00e9e pour b\u00e9n\u00e9ficier des 5 euros de remise !<\/p><\/div>\n<p style=\"text-align: justify;\"><span style=\"font-size: large;\"><strong>Attention, attention, ceci est une annonce de la plus haute importance, le SX Tour 2013 d\u00e9barque \u00e0 la Bosse de Bretagne le 27 juillet.<\/strong><\/span><\/p>\n<p style=\"text-align: justify;\"><!--more--><\/p>\n<p style=\"text-align: justify;\">\u00a0<\/p>\n<p style=\"text-align: justify;\">La Bretagne aime le motocross, la Bretagne aime le Supercross, tous les ans cela se v\u00e9rifie \u00e0 travers toutes les \u00e9preuves organis\u00e9es dans la r\u00e9gion. Et lorsque c&rsquo;est une \u00e9preuve officielle du Championnat de France de Supercross qui fait \u00e9tape c&rsquo;est toujours un grand succ\u00e8s et une belle f\u00eate. A La Bosse, pour la 11\u00e8me \u00e9dition le spectacle sera \u00e0 tous les niveaux, aussi bien pendant les courses que lors du Freestyle puisque le plateau s&rsquo;annonce une nouvelle fois exceptionnel.\u00a0<\/p>\n<p style=\"text-align: justify;\">\u00a0<\/p>\n<p style=\"text-align: justify;\"><span style=\"font-size: large;\"><strong>Les Bretons en force<\/strong><\/span><\/p>\n<p style=\"text-align: justify;\">En SX1, <span style=\"color: #3366ff;\">David Adam<\/span> &#8211; MC de l&rsquo;Homelais &#8211; actuel 9\u00e8me du provisoire et <span style=\"color: #3366ff;\">Charles Lefran\u00e7ois<\/span> &#8211; MC La Bosse de Bretagne &#8211; 10\u00e8me du classement auront \u00e0 coeur de faire r\u00eaver leurs fans et surprendre l&rsquo;ensemble du pack sur un circuit qu&rsquo;ils connaissent bien tout comme <span style=\"color: #3366ff;\">Alexandre Lefran\u00e7ois<\/span> &#8211; MC Plouer\/Rance. En SX2, on retrouvera surement <span style=\"color: #3366ff;\">Th\u00e9o Roptin<\/span>, lui qui avait fait lever la foule en 2011 en Junior Cup. Et dans cette cat\u00e9gorie Junior justement, il y aura un gar\u00e7on \u00e0 surveiller de tr\u00e8s pr\u00e8s. <span style=\"color: #3366ff;\">Romain Pape<\/span>, qui a \u00e9t\u00e9 \u00e9norme \u00e0 Iffendic, va tenter le Supercross pour la premi\u00e8re fois \u00e0 La Bosse de Bretagne. Il aura besoin de vous pour le soutenir face aux meilleurs jeunes Fran\u00e7ais.<\/p>\n<p style=\"text-align: justify;\">\u00a0<\/p>\n<p style=\"text-align: justify;\"><span style=\"font-size: large;\"><strong>Torronteras et Aubin en \u00ab\u00a0guest\u00a0\u00bb<\/strong><\/span><\/p>\n<p style=\"text-align: justify;\">Edgar \u00a0Torronteras sera pr\u00e9sent \u00e0 La Bosse pour assurer un show FMX \u00e9norme sur les deux rampes accompagn\u00e9 des deux non-moins bouillants Jeremy Rouanet et David Rinaldo. A noter \u00e9galement la bonne surprise que sera la pr\u00e9sence en cat\u00e9gorie SX1 de Nicolas Aubin qui pourrait venir se m\u00ealer \u00e0 la bagarre pour la victoire.<\/p>\n<p style=\"text-align: justify;\">\u00a0<\/p>\n<p style=\"text-align: justify;\">Un \u00e9cran g\u00e9ant sera mis en place pour la 1\u00e8re fois afin de suivre l&rsquo;\u00e9v\u00e9nement au plus pr\u00e8s de l&rsquo;action.<\/p>\n<p style=\"text-align: justify;\">\u00a0<\/p>\n<p style=\"text-align: justify;\"><span style=\"font-size: xx-large; color: #3366ff;\"><strong>LES +<\/strong><\/span><\/p>\n<p style=\"text-align: justify;\"><strong>Championnat de France SX<\/strong><\/p>\n<p style=\"text-align: justify;\"><strong>Le retour de Cyrille Coulon<\/strong><\/p>\n<p style=\"text-align: justify;\"><strong>Les Bretons en course<\/strong><\/p>\n<p style=\"text-align: justify;\"><strong>Romain Pape pour une 1\u00e8re<\/strong><\/p>\n<p style=\"text-align: justify;\"><strong>Visibilit\u00e9 100%<\/strong><\/p>\n<p style=\"text-align: justify;\"><strong>L&rsquo;ambiance<\/strong><\/p>\n<p style=\"text-align: justify;\"><strong>Le gros niveau FMX<\/strong><\/p>\n<p style=\"text-align: justify;\"><strong>Le coupon r\u00e9duction 5\u20ac<\/strong><\/p>\n<p style=\"text-align: justify;\"><strong>10 heures de show<\/strong><\/p>\n<p style=\"text-align: justify;\">\u00a0<\/p>\n<p style=\"text-align: justify;\"><span style=\"font-size: xx-large; color: #3366ff;\"><strong>INFOS PRATIQUES<\/strong><\/span><\/p>\n<p style=\"text-align: justify;\">Entr\u00e9e 22\u20ac (17\u20ac sur pr\u00e9sentation du coupon dispo en haut de cette page), gratuit &#8211; de 12 ans.<\/p>\n<p style=\"text-align: justify;\">D\u00e9but des essais \u00e0 14h, d\u00e9but de la soir\u00e9e \u00e0 20h.<\/p>\n<p style=\"text-align: justify;\">\u00a0<\/p>\n<hr \/>\n<p style=\"text-align: justify;\">\u00a0<\/p>\n<p style=\"text-align: justify;\">\u00a0<\/p>\n<p style=\"text-align: justify;\"><span style=\"font-size: large;\"><strong>CHAMPIONNAT DE FRANCE &#8211; ESTILLAC<\/strong><\/span><\/p>\n<p style=\"text-align: justify;\">C\u00e9dric Soubeyras vainqueur en SX1 Vincent Berthom\u00e9 et Killian Auberson leaders du SX2 Carton plein pour le Team Honda HDI \u00e0 Estillac &#8211; Agen<\/p>\n<p style=\"text-align: justify;\">\u00a0<\/p>\n<p style=\"text-align: justify;\"><strong>SX2 Manche<\/strong> 1 : 1, Killian Auberson &#8211; Honda, 2, Romain Berthom\u00e9 &#8211; Honda, 3, J\u00e9r\u00e9my Chauveau &#8211; KTM, 4, Mike Valade &#8211; Honda, 5, Josse Sallefran- que &#8211; Suzuki, 6, Robin Kappel &#8211; KTM, 7, Adrien Escoffier &#8211; Suzuki, 8, Kevin Auberson &#8211; KTM, 9, Adrien Lopes &#8211; KTM, 10, Gaetan Le Hir &#8211; Honda, 11, Ludovic Macler &#8211; Suzuki, 12, Paul Stauder &#8211; KTM, 13, Vital Ducreux &#8211; Kawasaki, 14, Jean-Baptiste Marone &#8211; Honda, 15, Yannis Irsuti &#8211; Yamaha MD<\/p>\n<p style=\"text-align: justify;\">\u00a0<\/p>\n<p style=\"text-align: justify;\"><strong>SX2 Manche 2<\/strong> : 1, Romain Berthom\u00e9 &#8211; Honda, 2, Killian Auberson &#8211; Honda, 3, Yannis Irsuti &#8211; Yamaha MD, 4, Gaetan Le Hir &#8211; Honda, 5, J\u00e9r\u00e9my Chauveau &#8211; KTM, 6, Robin Kappel &#8211; KTM, 7, Adrien Lopes &#8211; KTM, 8, Josse Sallefranque &#8211; Suzuki, 9, Mike Valade &#8211; Honda, 10, Paul Stauder &#8211; KTM, 11, Ludovic Macler &#8211; Suzuki, 12, Kevin Auberson &#8211; KTM, 13, Jean-Baptiste Marone &#8211; Honda, 14, Vital Ducreux &#8211; Kawasaki.<\/p>\n<p style=\"text-align: justify;\">\u00a0<\/p>\n<p style=\"text-align: justify;\"><strong>Finale SX1<\/strong> : 1, C\u00e9dric Soubeyras &#8211; Honda, 2, Fabien Izoird &#8211; Suzuki, 3, Christophe Martin &#8211; Honda, 4 Angelo Pellegrini &#8211; Honda, 5, Matteo Bonini &#8211; Kawasaki, 6, Micka\u00ebl Musquin &#8211; Honda, 7, Loic Rombaut &#8211; Honda, 8, Greg Aranda &#8211; Kawasaki Rockstar Bud Racing, 9, David Adam &#8211; KTM, 10, Charles Lefran\u00e7ois &#8211; Suzuki, 11, Romain Biela &#8211; Kawasaki, 12, Jules Hadjoudj &#8211; Suzuki, 13, C\u00e9dric Mannevy &#8211; Suzuki, 14, Yohan Lafont &#8211; Kawasaki, 15, Loic L\u00e9once &#8211; Yamaha.<\/p>\n<p style=\"text-align: justify;\">\u00a0<\/p>\n<p style=\"text-align: justify;\"><strong>Classement provisoire SX2<\/strong> : 1, Romain Berthom\u00e9 &#8211; Honda 37 pts, 2, Killian Auberson &#8211; Honda, 37 pts, 3, J\u00e9r\u00e9my Chauveau &#8211; KTM 26 pts, 4, Robin Kappel &#8211; KTM 20 pts, 5, Mike Valade &#8211; Honda 20 pts, 6 Gaetan Le Hir &#8211; Honda, 19 pts, 7, Josse Sallefranque &#8211; Suzuki 19 pts, 8, Yannis Irsuti &#8211; Yamaha MD 16 pts, 9 Adrien Lopes &#8211; KTM 16 pts, 10, Kevin Auberson &#8211; KTM 12 pts, 11, Paul Stauder &#8211; KTM 10 pts, 12, Ludovic Macler &#8211; Suzuki 10 pts, 13, Adrien Escoffier &#8211; Suzuki 9 pts, 14, Jean-Baptiste Marone &#8211; Honda 5 pts, 15, Vital Ducreux &#8211; Kawasaki 5 pts<\/p>\n<p style=\"text-align: justify;\">\u00a0<\/p>\n<p style=\"text-align: justify;\"><strong> Classement provisoire SX1<\/strong> : 1, C\u00e9dric Soubeyras &#8211; Honda 20 pts, 2, Fabien Izoird &#8211; Suzuki 17 pts, 3, Christophe Martin &#8211; Honda 15 pts, 4 Angelo Pellegrini &#8211; Honda 13 pts, 5, Matteo Bonini &#8211; Kawasaki 11 pts, 6, Micka\u00ebl Musquin &#8211; Honda 10 pts, 7, Loic Rombaut &#8211; Honda 9 pts, 8, Greg Aranda &#8211; Kawasaki Rockstar Bud Racing 8 pts, 9, David Adam &#8211; KTM 7 pts, 10, Charles Lefran\u00e7ois &#8211; Suzuki 6 pts, 11, Romain Biela &#8211; Kawasaki 5 pts, 12, Jules Hadjoudj &#8211; Suzuki 4 pts, 13, C\u00e9dric Mannevy &#8211; Suzuki 3 pts, 14, Yohan Lafont &#8211; Kawasaki 2 pts, 15, Loic L\u00e9once &#8211; Yamaha 1 pt.<\/p>\n<p style=\"text-align: justify;\">\u00a0<\/p>\n<hr \/>\n<p style=\"text-align: justify;\">\u00a0<\/p>\n<p style=\"text-align: justify;\">\u00a0<\/p>\n<p style=\"text-align: justify;\"><span style=\"font-size: xx-large; color: #3366ff;\"><strong>LES VID\u00c9OS MXB 2012<\/strong><\/span><\/p>\n<p style=\"text-align: justify;\">\u00a0<\/p>\n<p style=\"text-align: justify;\">\u00a0<\/p>\n<p style=\"text-align: center;\"><iframe loading=\"lazy\" src=\"http:\/\/player.vimeo.com\/video\/46765596?title=0&amp;byline=0&amp;portrait=0&amp;color=ffffff\" height=\"366\" width=\"650\" allowfullscreen=\"\" frameborder=\"0\"><\/iframe><\/p>\n<p style=\"text-align: center;\"><a href=\"http:\/\/vimeo.com\/46765596\">SX Tour &#8211; La Bosse de Bretagne 2012 &#8211; Mx Bretagne.com<\/a>\u00a0<\/p>\n<p style=\"text-align: center;\">\u00a0<\/p>\n<p style=\"text-align: center;\"><span style=\"font-size: large;\"><strong>La Finale SX1 Compl\u00e8te<\/strong><\/span><\/p>\n<p style=\"text-align: center;\"><iframe loading=\"lazy\" src=\"\/\/www.youtube.com\/embed\/-LCVWvRKFqg\" height=\"360\" width=\"640\" allowfullscreen=\"\" frameborder=\"0\"><\/iframe><\/p>\n<p style=\"text-align: center;\">Smartphone:\u00a0<a href=\"http:\/\/www.youtube.com\/watch?feature=player_embedded&amp;v=-LCVWvRKFqg\">http:\/\/www.youtube.com\/watch?feature=player_embedded&amp;v=-LCVWvRKFqg<\/a><\/p>\n<p style=\"text-align: center;\">\u00a0<\/p>\n","protected":false},"excerpt":{"rendered":"<p> Imprimez et pr\u00e9sentez ce coupon \u00e0 l&rsquo;entr\u00e9e pour b\u00e9n\u00e9ficier des 5 euros de remise !<\/p>\n","protected":false},"author":2,"featured_media":6549,"comment_status":"open","ping_status":"open","sticky":false,"template":"","format":"standard","meta":[],"categories":[40],"tags":[328,1066,148,572,466,520,27,84],"aioseo_notices":[],"_links":{"self":[{"href":"https:\/\/mx-bretagne.com\/mxb\/wp-json\/wp\/v2\/posts\/6548"}],"collection":[{"href":"https:\/\/mx-bretagne.com\/mxb\/wp-json\/wp\/v2\/posts"}],"about":[{"href":"https:\/\/mx-bretagne.com\/mxb\/wp-json\/wp\/v2\/types\/post"}],"author":[{"embeddable":true,"href":"https:\/\/mx-bretagne.com\/mxb\/wp-json\/wp\/v2\/users\/2"}],"replies":[{"embeddable":true,"href":"https:\/\/mx-bretagne.com\/mxb\/wp-json\/wp\/v2\/comments?post=6548"}],"version-history":[{"count":6,"href":"https:\/\/mx-bretagne.com\/mxb\/wp-json\/wp\/v2\/posts\/6548\/revisions"}],"predecessor-version":[{"id":6623,"href":"https:\/\/mx-bretagne.com\/mxb\/wp-json\/wp\/v2\/posts\/6548\/revisions\/6623"}],"wp:featuredmedia":[{"embeddable":true,"href":"https:\/\/mx-bretagne.com\/mxb\/wp-json\/wp\/v2\/media\/6549"}],"wp:attachment":[{"href":"https:\/\/mx-bretagne.com\/mxb\/wp-json\/wp\/v2\/media?parent=6548"}],"wp:term":[{"taxonomy":"category","embeddable":true,"href":"https:\/\/mx-bretagne.com\/mxb\/wp-json\/wp\/v2\/categories?post=6548"},{"taxonomy":"post_tag","embeddable":true,"href":"https:\/\/mx-bretagne.com\/mxb\/wp-json\/wp\/v2\/tags?post=6548"}],"curies":[{"name":"wp","href":"https:\/\/api.w.org\/{rel}","templated":true}]}}