{"id":6516,"date":"2013-07-10T22:03:33","date_gmt":"2013-07-10T22:03:33","guid":{"rendered":"http:\/\/www.mx-bretagne.com\/mxb\/?p=6516"},"modified":"2020-04-24T14:08:21","modified_gmt":"2020-04-24T13:08:21","slug":"video-le-g-p-side-diffendic","status":"publish","type":"post","link":"https:\/\/mx-bretagne.com\/mxb\/video-le-g-p-side-diffendic","title":{"rendered":"VID\u00c9O: Le G.P Side d&rsquo;Iffendic"},"content":{"rendered":"<p style=\"text-align: center;\"><img decoding=\"async\" loading=\"lazy\" class=\"aligncenter  wp-image-6517\" alt=\"videoiffendic\" src=\"http:\/\/www.mx-bretagne.com\/mxb\/wp-content\/uploads\/2013\/07\/videoiffendic.jpg\" width=\"664\" height=\"293\" srcset=\"https:\/\/mx-bretagne.com\/mxb\/wp-content\/uploads\/2013\/07\/videoiffendic.jpg 830w, https:\/\/mx-bretagne.com\/mxb\/wp-content\/uploads\/2013\/07\/videoiffendic-650x286.jpg 650w, https:\/\/mx-bretagne.com\/mxb\/wp-content\/uploads\/2013\/07\/videoiffendic-700x308.jpg 700w\" sizes=\"(max-width: 664px) 100vw, 664px\" \/><\/p>\n<p style=\"text-align: justify;\"><span style=\"font-size: large;\"><strong>Si vous n&rsquo;\u00e9tiez pas sur place, Mx Bretagne vous a compil\u00e9 2min52 d&rsquo;image du G.P de France de Sidecar Cross qui s&rsquo;est d\u00e9roul\u00e9 \u00e0 Iffendic. On vous laisse d\u00e9guster &#8230;<\/strong><\/span><\/p>\n<p style=\"text-align: left;\"><!--more--><\/p>\n<p style=\"text-align: left;\">\u00a0<\/p>\n<p style=\"text-align: left;\">\u00a0<\/p>\n<p style=\"text-align: left;\">\u00a0<\/p>\n<p style=\"text-align: center;\"><iframe loading=\"lazy\" src=\"\/\/www.youtube.com\/embed\/62ryS0ul9H0\" height=\"360\" width=\"640\" allowfullscreen=\"\" frameborder=\"0\"><\/iframe><\/p>\n<p style=\"text-align: center;\">Lien lecteur smartphone:\u00a0<a href=\"http:\/\/www.youtube.com\/watch?v=62ryS0ul9H0&amp;feature=youtu.be\">http:\/\/www.youtube.com\/watch?v=62ryS0ul9H0&amp;feature=youtu.be<\/a><\/p>\n<p>&nbsp;<\/p>\n","protected":false},"excerpt":{"rendered":"<p><\/p>\n","protected":false},"author":2,"featured_media":6517,"comment_status":"closed","ping_status":"closed","sticky":false,"template":"","format":"standard","meta":[],"categories":[23,17,2299],"tags":[328,148,443,66,1060,41],"aioseo_notices":[],"_links":{"self":[{"href":"https:\/\/mx-bretagne.com\/mxb\/wp-json\/wp\/v2\/posts\/6516"}],"collection":[{"href":"https:\/\/mx-bretagne.com\/mxb\/wp-json\/wp\/v2\/posts"}],"about":[{"href":"https:\/\/mx-bretagne.com\/mxb\/wp-json\/wp\/v2\/types\/post"}],"author":[{"embeddable":true,"href":"https:\/\/mx-bretagne.com\/mxb\/wp-json\/wp\/v2\/users\/2"}],"replies":[{"embeddable":true,"href":"https:\/\/mx-bretagne.com\/mxb\/wp-json\/wp\/v2\/comments?post=6516"}],"version-history":[{"count":4,"href":"https:\/\/mx-bretagne.com\/mxb\/wp-json\/wp\/v2\/posts\/6516\/revisions"}],"predecessor-version":[{"id":18305,"href":"https:\/\/mx-bretagne.com\/mxb\/wp-json\/wp\/v2\/posts\/6516\/revisions\/18305"}],"wp:featuredmedia":[{"embeddable":true,"href":"https:\/\/mx-bretagne.com\/mxb\/wp-json\/wp\/v2\/media\/6517"}],"wp:attachment":[{"href":"https:\/\/mx-bretagne.com\/mxb\/wp-json\/wp\/v2\/media?parent=6516"}],"wp:term":[{"taxonomy":"category","embeddable":true,"href":"https:\/\/mx-bretagne.com\/mxb\/wp-json\/wp\/v2\/categories?post=6516"},{"taxonomy":"post_tag","embeddable":true,"href":"https:\/\/mx-bretagne.com\/mxb\/wp-json\/wp\/v2\/tags?post=6516"}],"curies":[{"name":"wp","href":"https:\/\/api.w.org\/{rel}","templated":true}]}}