{"id":6418,"date":"2013-06-17T15:28:14","date_gmt":"2013-06-17T15:28:14","guid":{"rendered":"http:\/\/www.mx-bretagne.com\/mxb\/?p=6418"},"modified":"2013-06-17T15:28:14","modified_gmt":"2013-06-17T15:28:14","slug":"soutenons-lucas","status":"publish","type":"post","link":"https:\/\/mx-bretagne.com\/mxb\/soutenons-lucas","title":{"rendered":"Soutenons Lucas !"},"content":{"rendered":"<p style=\"text-align: justify;\"><img decoding=\"async\" loading=\"lazy\" class=\"aligncenter size-full wp-image-6419\" alt=\"lucast\" src=\"http:\/\/www.mx-bretagne.com\/mxb\/wp-content\/uploads\/2013\/06\/lucast.jpg\" width=\"830\" height=\"293\" srcset=\"https:\/\/mx-bretagne.com\/mxb\/wp-content\/uploads\/2013\/06\/lucast.jpg 830w, https:\/\/mx-bretagne.com\/mxb\/wp-content\/uploads\/2013\/06\/lucast-650x229.jpg 650w, https:\/\/mx-bretagne.com\/mxb\/wp-content\/uploads\/2013\/06\/lucast-700x247.jpg 700w\" sizes=\"(max-width: 830px) 100vw, 830px\" \/><\/p>\n<p style=\"text-align: justify;\"><span style=\"font-size: large;\"><strong>Le jeune Lucas Tr\u00e9cherel a chut\u00e9 lourdement \u00e0 Edern d\u00e9but juin. Toujours hospitalis\u00e9 \u00e0 l&rsquo;hopital Morvan de Brest, une banderole de soutien \u00e9tait pr\u00e9sente \u00e0 Vieux-Vy\/Couesnon pour l&rsquo;encourager dans cette passe difficile.<\/strong><\/span><\/p>\n<p style=\"text-align: justify;\"><!--more--><\/p>\n<p style=\"text-align: justify;\">\u00a0<\/p>\n<p style=\"text-align: justify;\">Les jeunes riders de Vieux-Vy tenaient par la m\u00eame occasion \u00e0 remercier Mx Stikers pour les stickers cr\u00e9\u00e9s et donn\u00e9s pour l&rsquo;occasion.<\/p>\n<p style=\"text-align: justify;\">\u00a0<\/p>\n<p style=\"text-align: justify;\">Bon courage Lucas de la part de toute l&rsquo;\u00e9quipe d&rsquo;Mx Bretagne.<\/p>\n<p style=\"text-align: justify;\">\u00a0<\/p>\n<p style=\"text-align: justify;\">\u00a0<\/p>\n","protected":false},"excerpt":{"rendered":"<p><\/p>\n","protected":false},"author":2,"featured_media":6419,"comment_status":"open","ping_status":"open","sticky":false,"template":"","format":"standard","meta":[],"categories":[1,17],"tags":[116,91,1052,26,1053],"aioseo_notices":[],"_links":{"self":[{"href":"https:\/\/mx-bretagne.com\/mxb\/wp-json\/wp\/v2\/posts\/6418"}],"collection":[{"href":"https:\/\/mx-bretagne.com\/mxb\/wp-json\/wp\/v2\/posts"}],"about":[{"href":"https:\/\/mx-bretagne.com\/mxb\/wp-json\/wp\/v2\/types\/post"}],"author":[{"embeddable":true,"href":"https:\/\/mx-bretagne.com\/mxb\/wp-json\/wp\/v2\/users\/2"}],"replies":[{"embeddable":true,"href":"https:\/\/mx-bretagne.com\/mxb\/wp-json\/wp\/v2\/comments?post=6418"}],"version-history":[{"count":2,"href":"https:\/\/mx-bretagne.com\/mxb\/wp-json\/wp\/v2\/posts\/6418\/revisions"}],"predecessor-version":[{"id":6421,"href":"https:\/\/mx-bretagne.com\/mxb\/wp-json\/wp\/v2\/posts\/6418\/revisions\/6421"}],"wp:featuredmedia":[{"embeddable":true,"href":"https:\/\/mx-bretagne.com\/mxb\/wp-json\/wp\/v2\/media\/6419"}],"wp:attachment":[{"href":"https:\/\/mx-bretagne.com\/mxb\/wp-json\/wp\/v2\/media?parent=6418"}],"wp:term":[{"taxonomy":"category","embeddable":true,"href":"https:\/\/mx-bretagne.com\/mxb\/wp-json\/wp\/v2\/categories?post=6418"},{"taxonomy":"post_tag","embeddable":true,"href":"https:\/\/mx-bretagne.com\/mxb\/wp-json\/wp\/v2\/tags?post=6418"}],"curies":[{"name":"wp","href":"https:\/\/api.w.org\/{rel}","templated":true}]}}