{"id":6363,"date":"2013-06-10T04:52:03","date_gmt":"2013-06-10T04:52:03","guid":{"rendered":"http:\/\/www.mx-bretagne.com\/mxb\/?p=6363"},"modified":"2013-06-10T04:52:03","modified_gmt":"2013-06-10T04:52:03","slug":"itv-audio-jason-clermont","status":"publish","type":"post","link":"https:\/\/mx-bretagne.com\/mxb\/itv-audio-jason-clermont","title":{"rendered":"ITV AUDIO: Jason CLERMONT"},"content":{"rendered":"<div id=\"attachment_6366\" style=\"width: 674px\" class=\"wp-caption aligncenter\"><img aria-describedby=\"caption-attachment-6366\" decoding=\"async\" loading=\"lazy\" class=\" wp-image-6366\" alt=\"jasonitv\" src=\"http:\/\/www.mx-bretagne.com\/mxb\/wp-content\/uploads\/2013\/06\/jasonitv.jpg\" width=\"664\" height=\"293\" srcset=\"https:\/\/mx-bretagne.com\/mxb\/wp-content\/uploads\/2013\/06\/jasonitv.jpg 830w, https:\/\/mx-bretagne.com\/mxb\/wp-content\/uploads\/2013\/06\/jasonitv-650x286.jpg 650w, https:\/\/mx-bretagne.com\/mxb\/wp-content\/uploads\/2013\/06\/jasonitv-700x308.jpg 700w\" sizes=\"(max-width: 664px) 100vw, 664px\" \/><p id=\"caption-attachment-6366\" class=\"wp-caption-text\">Photo Facebook Jason Clermont<\/p><\/div>\n<p>&nbsp;<\/p>\n<p style=\"text-align: justify;\"><span style=\"font-size: large;\"><strong>Apr\u00e8s sa manche qualifs dans laquelle il termine \u00e0 une superbe 4\u00e8me place, Jason Clermont s&rsquo;est confi\u00e9 \u00e0 Davouts pou en savoir plus sur ses changements d&rsquo;\u00e9quipe, de moto et son retour en G.P.<\/strong><\/span><\/p>\n<p style=\"text-align: justify;\"><!--more--><\/p>\n<p>&nbsp;<\/p>\n<p>&nbsp;<\/p>\n<p style=\"text-align: center;\"><iframe loading=\"lazy\" src=\"http:\/\/www.youtube.com\/embed\/dpMGjqzImbg\" height=\"360\" width=\"480\" allowfullscreen=\"\" frameborder=\"0\"><\/iframe><\/p>\n<p style=\"text-align: center;\">Lien lecteur smartphone:\u00a0<a href=\"http:\/\/www.youtube.com\/watch?v=dpMGjqzImbg&amp;feature=youtu.be\" target=\"_blank\">http:\/\/www.youtube.com\/watch?v=dpMGjqzImbg&amp;feature=youtu.be<\/a><\/p>\n<p style=\"text-align: center;\">\u00a0<\/p>\n","protected":false},"excerpt":{"rendered":"<p> Photo Facebook Jason Clermont<\/p>\n","protected":false},"author":2,"featured_media":6366,"comment_status":"open","ping_status":"open","sticky":false,"template":"","format":"standard","meta":[],"categories":[52,17],"tags":[328,305,321,148,398,53,750],"aioseo_notices":[],"_links":{"self":[{"href":"https:\/\/mx-bretagne.com\/mxb\/wp-json\/wp\/v2\/posts\/6363"}],"collection":[{"href":"https:\/\/mx-bretagne.com\/mxb\/wp-json\/wp\/v2\/posts"}],"about":[{"href":"https:\/\/mx-bretagne.com\/mxb\/wp-json\/wp\/v2\/types\/post"}],"author":[{"embeddable":true,"href":"https:\/\/mx-bretagne.com\/mxb\/wp-json\/wp\/v2\/users\/2"}],"replies":[{"embeddable":true,"href":"https:\/\/mx-bretagne.com\/mxb\/wp-json\/wp\/v2\/comments?post=6363"}],"version-history":[{"count":2,"href":"https:\/\/mx-bretagne.com\/mxb\/wp-json\/wp\/v2\/posts\/6363\/revisions"}],"predecessor-version":[{"id":6368,"href":"https:\/\/mx-bretagne.com\/mxb\/wp-json\/wp\/v2\/posts\/6363\/revisions\/6368"}],"wp:featuredmedia":[{"embeddable":true,"href":"https:\/\/mx-bretagne.com\/mxb\/wp-json\/wp\/v2\/media\/6366"}],"wp:attachment":[{"href":"https:\/\/mx-bretagne.com\/mxb\/wp-json\/wp\/v2\/media?parent=6363"}],"wp:term":[{"taxonomy":"category","embeddable":true,"href":"https:\/\/mx-bretagne.com\/mxb\/wp-json\/wp\/v2\/categories?post=6363"},{"taxonomy":"post_tag","embeddable":true,"href":"https:\/\/mx-bretagne.com\/mxb\/wp-json\/wp\/v2\/tags?post=6363"}],"curies":[{"name":"wp","href":"https:\/\/api.w.org\/{rel}","templated":true}]}}