{"id":6282,"date":"2013-05-30T20:37:14","date_gmt":"2013-05-30T20:37:14","guid":{"rendered":"http:\/\/www.mx-bretagne.com\/mxb\/?p=6282"},"modified":"2013-05-30T20:37:14","modified_gmt":"2013-05-30T20:37:14","slug":"jason-peut-le-faire","status":"publish","type":"post","link":"https:\/\/mx-bretagne.com\/mxb\/jason-peut-le-faire","title":{"rendered":"JASON PEUT LE FAIRE !"},"content":{"rendered":"<div id=\"attachment_6284\" style=\"width: 674px\" class=\"wp-caption aligncenter\"><img aria-describedby=\"caption-attachment-6284\" decoding=\"async\" loading=\"lazy\" class=\" wp-image-6284 \" alt=\"Photo Eddy TERTRAIS\" src=\"http:\/\/www.mx-bretagne.com\/mxb\/wp-content\/uploads\/2013\/05\/jason.jpg\" width=\"664\" height=\"293\" srcset=\"https:\/\/mx-bretagne.com\/mxb\/wp-content\/uploads\/2013\/05\/jason.jpg 830w, https:\/\/mx-bretagne.com\/mxb\/wp-content\/uploads\/2013\/05\/jason-650x286.jpg 650w, https:\/\/mx-bretagne.com\/mxb\/wp-content\/uploads\/2013\/05\/jason-700x308.jpg 700w\" sizes=\"(max-width: 664px) 100vw, 664px\" \/><p id=\"caption-attachment-6284\" class=\"wp-caption-text\">Photo Eddy TERTRAIS<\/p><\/div>\n<p style=\"text-align: justify;\"><span style=\"font-size: large;\"><strong>La Finale du Championnat de France \u00c9lite de Motocross a lieu ce week-end \u00e0 Gaillac-Toulza. Si en 250, c&rsquo;est quasiment pli\u00e9, en 450 il peut encore se passer des choses pour le titre.<\/strong><\/span><\/p>\n<p style=\"text-align: justify;\"><!--more--><\/p>\n<p style=\"text-align: justify;\">\u00a0<\/p>\n<p style=\"text-align: justify;\"><span style=\"font-size: large;\"><strong>Et s&rsquo;il le faisait&#8230;<\/strong><\/span><\/p>\n<p style=\"text-align: justify;\">9 points s\u00e9parent C\u00e9dric Soubeyras, le leader et Jason Clermont avant cette derni\u00e8re \u00e9preuve. Il reste deux manches \u00e0 disputer et connaissant le temp\u00e9rament de Jason (<a href=\"http:\/\/www.mx-bretagne.com\/mxb\/sx-bercy-live-audio-reecoute-repechage-de-fou-dimanche\/\" target=\"_blank\">r\u00e9\u00e9coutez le live de Bercy &#8230;<\/a>), tout est encore possible. Voici leurs statistiques:<\/p>\n<p style=\"text-align: justify;\">\u00a0<\/p>\n<p style=\"text-align: justify;\"><!--nextpage--><\/p>\n<p style=\"text-align: justify;\">\u00a0<\/p>\n<p style=\"text-align: justify;\"><span style=\"font-size: x-large; color: #3366ff;\"><strong>STATS SOUBEYRAS<\/strong><\/span><\/p>\n<p style=\"text-align: justify;\"><span style=\"font-size: medium;\"><strong>Romagn\u00e9:<\/strong> 41 points &#8211; 3\u00e8me de la journ\u00e9e<\/span><\/p>\n<p style=\"text-align: justify;\"><span style=\"font-size: medium;\"><strong>Lacapelle Marival:<\/strong> 28 points &#8211; 5\u00e8me\u00a0de la journ\u00e9e<\/span><\/p>\n<p style=\"text-align: justify;\"><span style=\"font-size: medium;\"><strong>Villars sous Ecot:<\/strong> 42 points &#8211; 2\u00e8me\u00a0de la journ\u00e9e<\/span><\/p>\n<p style=\"text-align: justify;\"><span style=\"font-size: medium;\"><strong>Saint Jean d&rsquo;Angely:<\/strong> 42 points &#8211; 3\u00e8me\u00a0de la journ\u00e9e<\/span><\/p>\n<p style=\"text-align: justify;\"><span style=\"font-size: medium;\"><strong>TOTAL avant Gaillac:<\/strong> 153 points<\/span><\/p>\n<p style=\"text-align: justify;\">\u00a0<\/p>\n<p style=\"text-align: justify;\"><!--nextpage--><\/p>\n<p style=\"text-align: justify;\">\u00a0<\/p>\n<p style=\"text-align: justify;\"><span style=\"font-size: x-large; color: #3366ff;\"><strong>STATS CLERMONT<\/strong><\/span><\/p>\n<p style=\"text-align: justify;\"><span style=\"font-size: medium;\"><strong>Romagn\u00e9:<\/strong> 33 points &#8211; 5\u00e8me\u00a0de la journ\u00e9e<\/span><\/p>\n<p style=\"text-align: justify;\"><span style=\"font-size: medium;\"><strong>Lacapelle Marival:<\/strong> 29 points &#8211; 7\u00e8me\u00a0de la journ\u00e9e<\/span><\/p>\n<p style=\"text-align: justify;\"><span style=\"font-size: medium;\"><strong>Villars sous Ecot:<\/strong> 42 points &#8211; 3\u00e8me\u00a0de la journ\u00e9e<\/span><\/p>\n<p style=\"text-align: justify;\"><span style=\"font-size: medium;\"><strong>Saint Jean d&rsquo;Angely:<\/strong> 40 points &#8211; 2\u00e8me\u00a0de la journ\u00e9e<\/span><\/p>\n<p style=\"text-align: justify;\"><span style=\"font-size: medium;\"><strong>TOTAL avant Gaillac:<\/strong> 144 points<\/span><\/p>\n<p style=\"text-align: justify;\">\u00a0<\/p>\n<p style=\"text-align: justify;\"><!--nextpage--><\/p>\n<p style=\"text-align: justify;\">\u00a0<\/p>\n<p style=\"text-align: justify;\">\u00a0<\/p>\n<p style=\"text-align: justify;\"><span style=\"font-size: large; color: #000000;\"><strong>PROVISOIRE MX1 avant Gaillac<\/strong><\/span><\/p>\n<p>1 SOUBEYRAS Cedric MX1 153<\/p>\n<p><span style=\"color: #3366ff;\">2 CLERMONT Jason MX1 144<\/span><\/p>\n<p>3 POTISEK Milko MX1 126<\/p>\n<p>4 IZOIRD Fabien MX1 116<\/p>\n<p>5 ARANDA Gregory MX1 97<\/p>\n<p>6 AUBIN Nicolas MX1 95<\/p>\n<p>7 LACAN Jordan MX1 90<\/p>\n<p>8 LEONCE Loic MX1 90<\/p>\n<p><span style=\"color: #3366ff;\">9 ADAM David MX1 88<\/span><\/p>\n<p>10 POURCEL Sebastien MX1 80<\/p>\n<p><span style=\"color: #3366ff;\">11 LEFRANCOIS Charles MX1 70<\/span><\/p>\n<p>&#8230;<\/p>\n<p>&nbsp;<\/p>\n<p><span style=\"font-size: large;\"><strong>PROVISOIRE MX2 avant Gaillac<\/strong><\/span><\/p>\n<p>1 FERRANDIS Dylan MX2 190<\/p>\n<p>2 PATUREL Benoit MX2 170<\/p>\n<p>3 AUBIN Arnaud MX2 139<\/p>\n<p>4 ESCOFFIER Adrien MX2 127<\/p>\n<p>5 MALLET Simon MX2 111<\/p>\n<p>6 JAMET Germain MX2 104<\/p>\n<p>7 IRSUTI Yannis MX2 85<\/p>\n<p>8 BERTHOME Romain MX2 85<\/p>\n<p>9 SALLEFRANQUE Josse MX2 83<\/p>\n<p>10 TEILLET Valentin MX2 72<\/p>\n<p>&#8230;<\/p>\n","protected":false},"excerpt":{"rendered":"<p> Photo Eddy TERTRAIS<\/p>\n","protected":false},"author":2,"featured_media":6284,"comment_status":"open","ping_status":"open","sticky":false,"template":"","format":"standard","meta":[],"categories":[281,17],"tags":[328,305,275,123,1030,750,26,523,1031],"aioseo_notices":[],"_links":{"self":[{"href":"https:\/\/mx-bretagne.com\/mxb\/wp-json\/wp\/v2\/posts\/6282"}],"collection":[{"href":"https:\/\/mx-bretagne.com\/mxb\/wp-json\/wp\/v2\/posts"}],"about":[{"href":"https:\/\/mx-bretagne.com\/mxb\/wp-json\/wp\/v2\/types\/post"}],"author":[{"embeddable":true,"href":"https:\/\/mx-bretagne.com\/mxb\/wp-json\/wp\/v2\/users\/2"}],"replies":[{"embeddable":true,"href":"https:\/\/mx-bretagne.com\/mxb\/wp-json\/wp\/v2\/comments?post=6282"}],"version-history":[{"count":5,"href":"https:\/\/mx-bretagne.com\/mxb\/wp-json\/wp\/v2\/posts\/6282\/revisions"}],"predecessor-version":[{"id":6288,"href":"https:\/\/mx-bretagne.com\/mxb\/wp-json\/wp\/v2\/posts\/6282\/revisions\/6288"}],"wp:featuredmedia":[{"embeddable":true,"href":"https:\/\/mx-bretagne.com\/mxb\/wp-json\/wp\/v2\/media\/6284"}],"wp:attachment":[{"href":"https:\/\/mx-bretagne.com\/mxb\/wp-json\/wp\/v2\/media?parent=6282"}],"wp:term":[{"taxonomy":"category","embeddable":true,"href":"https:\/\/mx-bretagne.com\/mxb\/wp-json\/wp\/v2\/categories?post=6282"},{"taxonomy":"post_tag","embeddable":true,"href":"https:\/\/mx-bretagne.com\/mxb\/wp-json\/wp\/v2\/tags?post=6282"}],"curies":[{"name":"wp","href":"https:\/\/api.w.org\/{rel}","templated":true}]}}