{"id":5706,"date":"2013-03-25T19:42:40","date_gmt":"2013-03-25T19:42:40","guid":{"rendered":"http:\/\/www.mx-bretagne.com\/mxb\/?p=5706"},"modified":"2013-03-25T19:42:40","modified_gmt":"2013-03-25T19:42:40","slug":"report-romagne","status":"publish","type":"post","link":"https:\/\/mx-bretagne.com\/mxb\/report-romagne","title":{"rendered":"REPORT: Romagn\u00e9"},"content":{"rendered":"<div id=\"attachment_5707\" style=\"width: 674px\" class=\"wp-caption aligncenter\"><img aria-describedby=\"caption-attachment-5707\" decoding=\"async\" loading=\"lazy\" class=\" wp-image-5707\" alt=\"romagnegrums\" src=\"http:\/\/www.mx-bretagne.com\/mxb\/wp-content\/uploads\/2013\/03\/romagnegrums.jpg\" width=\"664\" height=\"293\" srcset=\"https:\/\/mx-bretagne.com\/mxb\/wp-content\/uploads\/2013\/03\/romagnegrums.jpg 830w, https:\/\/mx-bretagne.com\/mxb\/wp-content\/uploads\/2013\/03\/romagnegrums-650x286.jpg 650w, https:\/\/mx-bretagne.com\/mxb\/wp-content\/uploads\/2013\/03\/romagnegrums-700x308.jpg 700w\" sizes=\"(max-width: 664px) 100vw, 664px\" \/><p id=\"caption-attachment-5707\" class=\"wp-caption-text\">Nico Aubin \u00e9crase sa 450 CR-F dans les vallons de Romagn\u00e9 encourag\u00e9 dans sa remont\u00e9e en manche MX1.<\/p><\/div>\n<p style=\"text-align: justify;\"><span style=\"font-size: large;\"><strong>La 32\u00e8me \u00e9dition de Romagn\u00e9 a vraiment \u00e9t\u00e9 une r\u00e9ussite \u00e0 tous points de vue. L\u2019ambiance, le plateau, la m\u00e9t\u00e9o et le public. Simplement que du bonheur\u00a0! Joyeux anniversaire \u00e0 Mr Villerbue pour ses 30 ann\u00e9es \u00e0 la t\u00eate du club.<\/strong><\/span><\/p>\n<p style=\"text-align: justify;\"><!--more--><\/p>\n<p style=\"text-align: justify;\">\u00a0<\/p>\n<p style=\"text-align: justify;\">\u00a0<\/p>\n<p style=\"text-align: justify;\"><span style=\"font-size: xx-large; color: #3366ff;\"><strong>MX2<\/strong><\/span><\/p>\n<div id=\"attachment_5708\" style=\"width: 360px\" class=\"wp-caption alignright\"><img aria-describedby=\"caption-attachment-5708\" decoding=\"async\" loading=\"lazy\" class=\"size-full wp-image-5708\" alt=\"Alexandre Lefran\u00e7ois, la classe et la vitesse en Final A\" src=\"http:\/\/www.mx-bretagne.com\/mxb\/wp-content\/uploads\/2013\/03\/lefrancoisrom.jpg\" width=\"350\" height=\"507\" srcset=\"https:\/\/mx-bretagne.com\/mxb\/wp-content\/uploads\/2013\/03\/lefrancoisrom.jpg 350w, https:\/\/mx-bretagne.com\/mxb\/wp-content\/uploads\/2013\/03\/lefrancoisrom-255x370.jpg 255w\" sizes=\"(max-width: 350px) 100vw, 350px\" \/><p id=\"caption-attachment-5708\" class=\"wp-caption-text\">Alexandre Lefran\u00e7ois, la classe et la vitesse en Final A<\/p><\/div>\n<p style=\"text-align: justify;\">Holeshot sign\u00e9 Arnaud Aubin devant le champion de France national MX2 2012 Thibault Laurent. Bon retour de Teillet qui a pris les commandes d\u2019une mani\u00e8re d\u00e9finitive apr\u00e8s un d\u00e9part 12\u00e8me. Il a ensuite pris 9 secondes d\u2019avance. Dylan Ferrandis a fait du bon travail mais il a eu un probl\u00e8me avec son bloc fourche puis une petite chute en fin de manche. Il fini 4\u00e8me. Beno\u00eet Paturel permet \u00e0 Bud Racing de faire le doubl\u00e9 gr\u00e2ce \u00e0 son d\u00e9passement sur Arnaud Aubin dans les derniers tours. Belle 5\u00e8me place de Camille Chapeli\u00e8re. Les pilotes 125 Nicolas Dercourt et David Herbreteau terminent 13 et 14\u00e8me roue dans roue.<\/p>\n<p style=\"text-align: justify;\"><strong><span style=\"font-size: x-small;\">Manche MX2\u00a0: 1. Valentin Teillet 2. Beno\u00eet Paturel 3. Arnaud Aubin<\/span><\/strong><\/p>\n<p style=\"text-align: justify;\"><strong><span style=\"font-size: x-small;\">Valentin Teillet\u00a0: 2, 01 753<\/span><\/strong><\/p>\n<p style=\"text-align: justify;\">\u00a0<\/p>\n<p style=\"text-align: justify;\">\u00a0<\/p>\n<p style=\"text-align: justify;\">\u00a0<span style=\"font-size: xx-large; color: #3366ff;\"><strong>MX1<\/strong><\/span><\/p>\n<p style=\"text-align: justify;\">S\u00e9bastien Pourcel a pris les commandes d\u00e8s le premier virage. Nicolas Aubin a chut\u00e9 et c\u2019est la m\u00eame sentence pour Charles Lefran\u00e7ois dans la premi\u00e8re descente du circuit. On souhaite un rapide r\u00e9tablissement \u00e0 Charles. Devant Pourcel \u00e0 men\u00e9 un long moment avant de voir C\u00e9dric Soubeyras lui prendre le commandement. Une belle lutte a eu lieu entre Clermont, Potisek, Adam. Nicolas Aubin est ensuite revenu de nulle part pour terminer 3\u00e8me. Jason Clermont \u00e9tait \u00e0 1 seconde 710 de Pourcel avant de faiblir puis chuter. Florent Richier auteur de la p\u00f4le termine 6\u00e8me devant Pourcel et juste derri\u00e8re Clermont et Adam 4\u00e8me et 5\u00e8me.<\/p>\n<p style=\"text-align: justify;\">C\u00e9dric Soubeyras sort vainqueur alors qu\u2019il ne devait en principe pas rouler, fort\u00a0!<\/p>\n<p style=\"text-align: justify;\"><span style=\"font-size: x-small;\"><strong>Manche MX1\u00a0: 1. C\u00e9dric Soubeyras 2. Milko Potisek 3. Nicolas Aubin<\/strong><\/span><\/p>\n<p style=\"text-align: justify;\"><span style=\"font-size: x-small;\"><strong>C\u00e9dric Soubeyras\u00a0: 2, 07\u00a0020<\/strong><\/span><\/p>\n<p style=\"text-align: justify;\">\u00a0<\/p>\n<p style=\"text-align: justify;\">\u00a0<\/p>\n<p style=\"text-align: justify;\"><span style=\"font-size: xx-large; color: #3366ff;\"><strong>SUPERFINALE<\/strong><\/span><\/p>\n<p style=\"text-align: justify;\">Le pilote Suzuki SR Florent Richier sera le plus rapide au d\u00e9part avec dans ses roues Jason Clermont, S\u00e9bastien Pourcel et Nicolas Aubin. Jason Clermont a ensuite pris la t\u00eate de course un moment pour finalement terminer 5\u00e8me. Valentin Teillet a entam\u00e9 une remont\u00e9e de toute beaut\u00e9 en revenant \u00e0 1 seconde 781 de Pourcel. Une chute violente dans le dernier tour stoppera la chevauch\u00e9e du pilote Bud, dommage. Sera-t-il \u00e0 Valkenswaard\u00a0? Aubin a maintenu Pourcel \u00e0 2 seconde 5 toute la manche. Belle 4\u00e8me place de Lo\u00efc Rombaut qui joue plac\u00e9. Lo\u00efc L\u00e9once (12\/15) devra mettre du gros gaz \u00e0 Lacapelle Marival le 7 avril pour revenir au championnat apr\u00e8s une journ\u00e9e difficile. Dylan Ferrandis 7\u00e8me et Beno\u00eet Paturel 10\u00e8me sont les premiers MX2<\/p>\n<p style=\"text-align: justify;\"><span style=\"font-size: x-small;\"><strong>Superfinale\u00a0: 1. Nicolas Aubin 2. S\u00e9bastien Pourcel 3. Milko Potisek<\/strong><\/span><\/p>\n<p style=\"text-align: justify;\"><span style=\"font-size: x-small;\"><strong>Nicolas Aubin\u00a0: 2, 04 432<\/strong><\/span><\/p>\n<p style=\"text-align: justify;\">\u00a0<\/p>\n<p style=\"text-align: justify;\">\u00a0<\/p>\n<p style=\"text-align: justify;\"><span style=\"font-size: xx-large; color: #3366ff;\"><strong>FINALE A<\/strong><\/span><\/p>\n<div id=\"attachment_5709\" style=\"width: 190px\" class=\"wp-caption alignright\"><img aria-describedby=\"caption-attachment-5709\" decoding=\"async\" loading=\"lazy\" class=\"size-thumbnail wp-image-5709\" alt=\"Guillaume Fouillet de retour en terre Bretonne\" src=\"http:\/\/www.mx-bretagne.com\/mxb\/wp-content\/uploads\/2013\/03\/fouillet-180x149.jpg\" width=\"180\" height=\"149\" \/><p id=\"caption-attachment-5709\" class=\"wp-caption-text\">Guillaume Fouillet de retour en terre Bretonne<\/p><\/div>\n<p style=\"text-align: justify;\">L\u00e9vy Bastista \u00e9tait bien le plus rapide de cette s\u00e9rie. Alexandre Lefran\u00e7ois second est pass\u00e9 en t\u00eate apr\u00e8s la chute de L\u00e9vy. Tout le public Breton esp\u00e9rait une victoire d\u2019Alexandre mais L\u00e9vy a r\u00e9ussi \u00e0 l\u2019emporter au prix d\u2019une meilleure efficacit\u00e9 en fin de manche. Troisi\u00e8me Laurent Saulmier a fait sa course sans pouvoir inqui\u00e9ter les leaders.<\/p>\n<p>Le jeune Thomas Do termine 4\u00e8me. 7\u00e8me place pour le normand Maxime Jeanne. Guillaume Fouillet et Thomas Even terminent 11\u00e8me et 13\u00e8me.<\/p>\n<p><span style=\"font-size: x-small;\"><strong>Finale A\u00a0: 1. L\u00e9vy Batista 2. Alexandre Lefran\u00e7ois 3. Laurent Saulmier<\/strong><\/span><\/p>\n<p><span style=\"font-size: x-small;\"><strong>L\u00e9vy Batista\u00a0: 2, 11\u00a0905<\/strong><\/span><\/p>\n","protected":false},"excerpt":{"rendered":"<p> Nico Aubin \u00e9crase sa 450 CR-F dans les vallons de Romagn\u00e9 encourag\u00e9 dans sa remont\u00e9e en manche MX1.<\/p>\n","protected":false},"author":5,"featured_media":5707,"comment_status":"open","ping_status":"open","sticky":false,"template":"","format":"standard","meta":[],"categories":[294,17],"tags":[328,222,26,361,583,953],"aioseo_notices":[],"_links":{"self":[{"href":"https:\/\/mx-bretagne.com\/mxb\/wp-json\/wp\/v2\/posts\/5706"}],"collection":[{"href":"https:\/\/mx-bretagne.com\/mxb\/wp-json\/wp\/v2\/posts"}],"about":[{"href":"https:\/\/mx-bretagne.com\/mxb\/wp-json\/wp\/v2\/types\/post"}],"author":[{"embeddable":true,"href":"https:\/\/mx-bretagne.com\/mxb\/wp-json\/wp\/v2\/users\/5"}],"replies":[{"embeddable":true,"href":"https:\/\/mx-bretagne.com\/mxb\/wp-json\/wp\/v2\/comments?post=5706"}],"version-history":[{"count":3,"href":"https:\/\/mx-bretagne.com\/mxb\/wp-json\/wp\/v2\/posts\/5706\/revisions"}],"predecessor-version":[{"id":5712,"href":"https:\/\/mx-bretagne.com\/mxb\/wp-json\/wp\/v2\/posts\/5706\/revisions\/5712"}],"wp:featuredmedia":[{"embeddable":true,"href":"https:\/\/mx-bretagne.com\/mxb\/wp-json\/wp\/v2\/media\/5707"}],"wp:attachment":[{"href":"https:\/\/mx-bretagne.com\/mxb\/wp-json\/wp\/v2\/media?parent=5706"}],"wp:term":[{"taxonomy":"category","embeddable":true,"href":"https:\/\/mx-bretagne.com\/mxb\/wp-json\/wp\/v2\/categories?post=5706"},{"taxonomy":"post_tag","embeddable":true,"href":"https:\/\/mx-bretagne.com\/mxb\/wp-json\/wp\/v2\/tags?post=5706"}],"curies":[{"name":"wp","href":"https:\/\/api.w.org\/{rel}","templated":true}]}}