{"id":5379,"date":"2013-02-27T06:01:33","date_gmt":"2013-02-27T06:01:33","guid":{"rendered":"http:\/\/www.mx-bretagne.com\/mxb\/?p=5379"},"modified":"2022-03-10T13:23:18","modified_gmt":"2022-03-10T12:23:18","slug":"photos-journee-le-cours-56","status":"publish","type":"post","link":"https:\/\/mx-bretagne.com\/mxb\/photos-journee-le-cours-56","title":{"rendered":"PHOTOS: Journ\u00e9e Le Cours (56)"},"content":{"rendered":"<div id=\"attachment_5380\" style=\"width: 674px\" class=\"wp-caption aligncenter\"><img aria-describedby=\"caption-attachment-5380\" decoding=\"async\" loading=\"lazy\" class=\" wp-image-5380\" alt=\"lecours\" src=\"http:\/\/www.mx-bretagne.com\/mxb\/wp-content\/uploads\/2013\/02\/lecours.jpg\" width=\"664\" height=\"293\" srcset=\"https:\/\/mx-bretagne.com\/mxb\/wp-content\/uploads\/2013\/02\/lecours.jpg 830w, https:\/\/mx-bretagne.com\/mxb\/wp-content\/uploads\/2013\/02\/lecours-300x132.jpg 300w, https:\/\/mx-bretagne.com\/mxb\/wp-content\/uploads\/2013\/02\/lecours-700x308.jpg 700w\" sizes=\"(max-width: 664px) 100vw, 664px\" \/><p id=\"caption-attachment-5380\" class=\"wp-caption-text\">Photo Gwendal Gouzerh<\/p><\/div>\n<p>&nbsp;<\/p>\n<p style=\"text-align: justify;\"><span style=\"font-size: large;\"><strong>Ce dimanche 17 f\u00e9vrier avait lieu \u00e0 Le Cours (Morbihan) une journ\u00e9e enti\u00e8rement d\u00e9di\u00e9e au moto cross et \u00e0 l&rsquo;enduro. Journ\u00e9e organis\u00e9e par l&rsquo;association moto Le Cours 56 dont le Pr\u00e9sident est Mr Jean Christophe Roic bien connu dans le milieu du moto cross Breton.<\/strong> <\/span><\/p>\n<p style=\"text-align: justify;\"><!--more--><\/p>\n<p style=\"text-align: justify;\">\u00a0<\/p>\n<p style=\"text-align: justify;\">Le but de cette jetant de passer un moment convivial entre pilotes de tout niveaux. Un hommage en soutient \u00e0 Hugo Noblet ainsi qu&rsquo;\u00e0 sa famille a \u00e9t\u00e9 fait \u00e9galement lors de cette \u00e9preuve. Il est \u00e0 noter aussi la pr\u00e9sence de pilotes sourd et muet qui on su d\u00e9montrer tout leur talent et faire le spectacle !!! C&rsquo;est comme \u00e7a a Le Cours tout le monde y trouve sa place !!<\/p>\n<p style=\"text-align: justify;\">\u00a0<\/p>\n<p style=\"text-align: justify;\">Merci \u00e0 tout les pilotes, aux b\u00e9n\u00e9voles , aux propri\u00e9taires des terrains, aux sponsors, et au public. Rendez-vous l&rsquo;ann\u00e9e prochaine sur un nouveau trac\u00e9 pour partager une agr\u00e9able journ\u00e9e en toute simplicit\u00e9.<\/p>\n<p style=\"text-align: right;\"><strong>Par Gwendal Gouzerh<\/strong><\/p>\n<p style=\"text-align: right;\">\u00a0<\/p>\n<p style=\"text-align: center;\"><strong><span style=\"font-size: xx-large;\"><a href=\"https:\/\/www.facebook.com\/media\/set\/?set=a.3804576812527.121051.1820586206&amp;type=3\" target=\"_blank\" rel=\"noopener\">LIEN VERS LA GALERIE<\/a>\u00a0<\/span><\/strong><\/p>\n<p style=\"text-align: center;\">photos\u00a0<strong>\u00a0Gwendal Gouzerh<\/strong><\/p>\n","protected":false},"excerpt":{"rendered":"<p> Photo Gwendal Gouzerh<\/p>\n","protected":false},"author":2,"featured_media":5380,"comment_status":"open","ping_status":"open","sticky":false,"template":"","format":"standard","meta":[],"categories":[10,2309,17],"tags":[898,28,897,90,68],"aioseo_notices":[],"_links":{"self":[{"href":"https:\/\/mx-bretagne.com\/mxb\/wp-json\/wp\/v2\/posts\/5379"}],"collection":[{"href":"https:\/\/mx-bretagne.com\/mxb\/wp-json\/wp\/v2\/posts"}],"about":[{"href":"https:\/\/mx-bretagne.com\/mxb\/wp-json\/wp\/v2\/types\/post"}],"author":[{"embeddable":true,"href":"https:\/\/mx-bretagne.com\/mxb\/wp-json\/wp\/v2\/users\/2"}],"replies":[{"embeddable":true,"href":"https:\/\/mx-bretagne.com\/mxb\/wp-json\/wp\/v2\/comments?post=5379"}],"version-history":[{"count":4,"href":"https:\/\/mx-bretagne.com\/mxb\/wp-json\/wp\/v2\/posts\/5379\/revisions"}],"predecessor-version":[{"id":18775,"href":"https:\/\/mx-bretagne.com\/mxb\/wp-json\/wp\/v2\/posts\/5379\/revisions\/18775"}],"wp:featuredmedia":[{"embeddable":true,"href":"https:\/\/mx-bretagne.com\/mxb\/wp-json\/wp\/v2\/media\/5380"}],"wp:attachment":[{"href":"https:\/\/mx-bretagne.com\/mxb\/wp-json\/wp\/v2\/media?parent=5379"}],"wp:term":[{"taxonomy":"category","embeddable":true,"href":"https:\/\/mx-bretagne.com\/mxb\/wp-json\/wp\/v2\/categories?post=5379"},{"taxonomy":"post_tag","embeddable":true,"href":"https:\/\/mx-bretagne.com\/mxb\/wp-json\/wp\/v2\/tags?post=5379"}],"curies":[{"name":"wp","href":"https:\/\/api.w.org\/{rel}","templated":true}]}}