{"id":4685,"date":"2012-11-30T22:59:26","date_gmt":"2012-11-30T22:59:26","guid":{"rendered":"http:\/\/www.mx-bretagne.com\/mxb\/?p=4685"},"modified":"2012-12-01T12:09:59","modified_gmt":"2012-12-01T12:09:59","slug":"sx-tour-geneve-1ere-soiree-clermont-aux-portes-du-podium","status":"publish","type":"post","link":"https:\/\/mx-bretagne.com\/mxb\/sx-tour-geneve-1ere-soiree-clermont-aux-portes-du-podium","title":{"rendered":"SX TOUR &#8211; Gen\u00e8ve 1\u00e8re soir\u00e9e: Clermont aux portes du podium !"},"content":{"rendered":"<p style=\"text-align: justify;\"><img decoding=\"async\" loading=\"lazy\" class=\"aligncenter size-full wp-image-4686\" title=\"geneve2012_1\" src=\"http:\/\/www.mx-bretagne.com\/mxb\/wp-content\/uploads\/2012\/11\/geneve2012_1.jpg\" alt=\"\" width=\"650\" height=\"366\" srcset=\"https:\/\/mx-bretagne.com\/mxb\/wp-content\/uploads\/2012\/11\/geneve2012_1.jpg 650w, https:\/\/mx-bretagne.com\/mxb\/wp-content\/uploads\/2012\/11\/geneve2012_1-300x168.jpg 300w\" sizes=\"(max-width: 650px) 100vw, 650px\" \/><\/p>\n<p style=\"text-align: justify;\"><span style=\"font-size: medium;\"><strong>L&rsquo;Am\u00e9ricain Justin Brayton s&rsquo;impose assez facilement dans cette premi\u00e8re soir\u00e9e du Supercross de Gen\u00e8ve 2012. Marvin Musquin prend la seconde place juste devant C\u00e9dric Soubeyras, le leader du Championnat.<\/strong><\/span><\/p>\n<p style=\"text-align: justify;\"><!--more--><\/p>\n<p>&nbsp;<\/p>\n<p>A la quatri\u00e8me position, <span style=\"color: #3366ff;\"><strong>Jason Clermont<\/strong><\/span> a d\u00e9montr\u00e9 de tr\u00e8s belles choses devant le public Suisse. Il termine second de cette finale au classement SX Tour derri\u00e8re Soubeyras si on enl\u00e8ve les deux invit\u00e9s Brayton et Musquin. C&rsquo;est sa meilleure performance de l&rsquo;ann\u00e9e en Supercross SX1.\u00a0<span style=\"color: #3366ff;\"><strong>Charles Lefran\u00e7ois<\/strong><\/span>, mal parti, prend la 7\u00e8me position (5\u00e8me SX Tour). Alexandre Lefran\u00e7ois s&rsquo;est \u00e9galement qualifi\u00e9 via le rep\u00eachage et termine 14\u00e8me de la Finale (8\u00e8me SX Tour).<\/p>\n<p>&nbsp;<\/p>\n<p>RESULTATS Finale vendredi : 1.Justin Brayton ; 2.Marvin Musquin ; 3.C\u00e9dric Soubeyras ; <strong>4.Jason Clermont<\/strong> ; &#8230; <strong>7.Charles Lefran\u00e7ois ; &#8230; 14.Alexandre Lefran\u00e7ois ; &#8230;<\/strong><\/p>\n","protected":false},"excerpt":{"rendered":"<p><\/p>\n","protected":false},"author":2,"featured_media":4686,"comment_status":"open","ping_status":"open","sticky":false,"template":"","format":"standard","meta":[],"categories":[96,17],"tags":[83,88,361,315,27],"aioseo_notices":[],"_links":{"self":[{"href":"https:\/\/mx-bretagne.com\/mxb\/wp-json\/wp\/v2\/posts\/4685"}],"collection":[{"href":"https:\/\/mx-bretagne.com\/mxb\/wp-json\/wp\/v2\/posts"}],"about":[{"href":"https:\/\/mx-bretagne.com\/mxb\/wp-json\/wp\/v2\/types\/post"}],"author":[{"embeddable":true,"href":"https:\/\/mx-bretagne.com\/mxb\/wp-json\/wp\/v2\/users\/2"}],"replies":[{"embeddable":true,"href":"https:\/\/mx-bretagne.com\/mxb\/wp-json\/wp\/v2\/comments?post=4685"}],"version-history":[{"count":6,"href":"https:\/\/mx-bretagne.com\/mxb\/wp-json\/wp\/v2\/posts\/4685\/revisions"}],"predecessor-version":[{"id":4688,"href":"https:\/\/mx-bretagne.com\/mxb\/wp-json\/wp\/v2\/posts\/4685\/revisions\/4688"}],"wp:featuredmedia":[{"embeddable":true,"href":"https:\/\/mx-bretagne.com\/mxb\/wp-json\/wp\/v2\/media\/4686"}],"wp:attachment":[{"href":"https:\/\/mx-bretagne.com\/mxb\/wp-json\/wp\/v2\/media?parent=4685"}],"wp:term":[{"taxonomy":"category","embeddable":true,"href":"https:\/\/mx-bretagne.com\/mxb\/wp-json\/wp\/v2\/categories?post=4685"},{"taxonomy":"post_tag","embeddable":true,"href":"https:\/\/mx-bretagne.com\/mxb\/wp-json\/wp\/v2\/tags?post=4685"}],"curies":[{"name":"wp","href":"https:\/\/api.w.org\/{rel}","templated":true}]}}