{"id":4525,"date":"2012-11-20T12:01:01","date_gmt":"2012-11-20T12:01:01","guid":{"rendered":"http:\/\/www.mx-bretagne.com\/mxb\/?p=4525"},"modified":"2012-11-20T12:01:01","modified_gmt":"2012-11-20T12:01:01","slug":"debat-christophe-pourcel-peut-il-revenir","status":"publish","type":"post","link":"https:\/\/mx-bretagne.com\/mxb\/debat-christophe-pourcel-peut-il-revenir","title":{"rendered":"DEBAT: Christophe Pourcel peut-il revenir ?"},"content":{"rendered":"<p style=\"text-align: justify;\"><img decoding=\"async\" loading=\"lazy\" class=\"aligncenter size-full wp-image-4329\" title=\"debat\" src=\"http:\/\/www.mx-bretagne.com\/mxb\/wp-content\/uploads\/2012\/11\/debat.jpg\" alt=\"\" width=\"650\" height=\"366\" srcset=\"https:\/\/mx-bretagne.com\/mxb\/wp-content\/uploads\/2012\/11\/debat.jpg 650w, https:\/\/mx-bretagne.com\/mxb\/wp-content\/uploads\/2012\/11\/debat-300x168.jpg 300w\" sizes=\"(max-width: 650px) 100vw, 650px\" \/><\/p>\n<p style=\"text-align: justify;\"><span style=\"font-size: medium;\"><strong><span style=\"text-align: justify;\">Il est surement impossible et beaucoup trop t\u00f4t pour r\u00e9pondre \u00e0 cette question mais suite \u00e0 sa grosse chute lors de la finale du samedi soir au Supercross de Bercy, Christophe Pourcel traverse un nouveau passage difficile dans sa carri\u00e8re pro.\u00a0<\/span><\/strong><\/span><\/p>\n<p style=\"text-align: justify;\"><!--more--><\/p>\n<p style=\"text-align: justify;\">\u00a0<\/p>\n<p style=\"text-align: justify;\">D\u00e9j\u00e0 affect\u00e9 tant mentalement que physiquement par sa blessure au dos en 2007, ce nouveau coup dur, alors qu&rsquo;il se disait heureux de rouler sur la 350 KTM, va peut-\u00eatre le t\u00e9taniser encore un peu plus dans sa prise de risque sur une piste de motocross et supercross.<\/p>\n<p style=\"text-align: justify;\">\u00a0<\/p>\n<p style=\"text-align: justify;\"><span style=\"font-size: x-large; color: #3366ff;\"><strong>Pensez-vous qu&rsquo;on reverra Christophe Pourcel chez les pros ? C&rsquo;est le d\u00e9bat de la semaine&#8230;<\/strong><\/span><\/p>\n<p style=\"text-align: justify;\">\u00a0<\/p>\n<p style=\"text-align: justify;\">\u00a0<\/p>\n<p style=\"text-align: justify;\"><strong><img decoding=\"async\" loading=\"lazy\" class=\"alignleft size-full wp-image-4331\" title=\"pouceleve\" src=\"http:\/\/www.mx-bretagne.com\/mxb\/wp-content\/uploads\/2012\/11\/pouceleve.png\" alt=\"\" width=\"50\" height=\"45\" \/><span style=\"font-size: x-large;\">Dyno<\/span>:\u00a0<\/strong>Apr\u00e8s son accident de 2007 il est revenu \u00e0 son meilleur niveau en devenant double champion SX US Lites, cela prouve la volont\u00e9 de Christophe.\u00a0Cette ann\u00e9e en MX1 CP a \u00e9t\u00e9 un des seul \u00e0 pouvoir inqui\u00e9ter Cairoli \u00e0 la r\u00e9guli\u00e8re.\u00a0L\u2019\u00e9pisode du SX de Bercy montre que Christophe a toujours envie de rouler. Cette chute malheureuse le stoppe une nouvelle fois mais il n\u2019a pas dit son dernier mot j\u2019en suis convaincu.<\/p>\n<p style=\"text-align: justify;\">\u00a0<\/p>\n<p style=\"text-align: justify;\">Cri ne peut pas rester sur cette d\u00e9ception pour lui et pour ses fans.\u00a0La KTM est un nouveau d\u00e9fi alors pourquoi pas le retrouver en Outdoor US Lites ce printemps cela lui laisse le temps de se refaire une sant\u00e9.\u00a0Mieux encore en SX US d\u00e8s janvier 2013, lui seul le sait. Il saura prendre la bonne d\u00e9cision.\u00a0Une chose est certaine, on va revoir Christophe Pourcel sur le devant de la sc\u00e8ne.\u00a0Beaucoup de chose sont dites sur Christophe Pourcel or un champion ne meurt jamais par les critiques o\u00f9 les on dit\u2026<\/p>\n<p style=\"text-align: justify;\">\u00a0<\/p>\n<p style=\"text-align: justify;\">\u00a0<\/p>\n<p style=\"text-align: justify;\">\u00a0<\/p>\n<p style=\"text-align: justify;\"><strong><img decoding=\"async\" loading=\"lazy\" class=\"alignleft size-full wp-image-4331\" title=\"pouceleve\" src=\"http:\/\/www.mx-bretagne.com\/mxb\/wp-content\/uploads\/2012\/11\/pouceleve.png\" alt=\"\" width=\"50\" height=\"45\" \/><span style=\"font-size: x-large;\">T\u00e9fli<\/span>:\u00a0<\/strong>Pour moi cette question a une seule et unique r\u00e9ponse. Christophe Pourcel va forc\u00e9ment revenir au top chez les pros. Plusieurs \u00e9l\u00e9ments m\u2019am\u00e8ne \u00e0 penser cela.\u00a0La premi\u00e8re c\u2019est que Christophe \u00e0 un talent unique et un physique qu\u2019il conna\u00eet parfaitement malgr\u00e9 les nombreuses blessures qu\u2019il a d\u00fb d\u00e9passer. En second lieu Christophe a un mental hors norme et il arrive toujours o\u00f9 on ne l\u2019attend pas. Ces choix sont tr\u00e8s rarement compris mais s\u2019est ce qui fait sa force, ne pas se laisser influencer par le monde ext\u00e9rieur.<\/p>\n<p style=\"text-align: justify;\">\u00a0<\/p>\n<p style=\"text-align: justify;\">Je pense qu\u2019il lui faudra du temps mais il va revenir car il sait tirer profit des ses moments de convalescence pour r\u00e9fl\u00e9chir et revenir diff\u00e9rent car pour moi il est impossible de redevenir ce que l\u2019on a \u00e9t\u00e9, il faut avancer et \u00e9voluer. Christophe semble avoir compris qu\u2019il est n\u00e9cessaire de changer pour progresser avec son passage sur la KTM. Pour moi il va devoir poursuivre dans cette voie.<\/p>\n<p style=\"text-align: justify;\">\u00a0<\/p>\n<hr \/>\n<p style=\"text-align: justify;\">\u00a0<\/p>\n<p style=\"text-align: justify;\">\u00a0<\/p>\n<p style=\"text-align: justify;\"><span style=\"font-size: x-large;\"><strong><img decoding=\"async\" loading=\"lazy\" class=\"alignleft size-full wp-image-4332\" title=\"poucebas\" src=\"http:\/\/www.mx-bretagne.com\/mxb\/wp-content\/uploads\/2012\/11\/poucebas.png\" alt=\"\" width=\"50\" height=\"46\" \/>James<\/strong><\/span>: Il n&rsquo;y a aucun doute la dessus, mentalement il est extr\u00eamement solide. Malgr\u00e9 toutes les critiques n\u00e9gatives qu&rsquo;il peut lire et entendre \u00e0 son sujet, il semble r\u00e9ussir \u00e0 en faire abstraction au point m\u00eame de provoquer chez lui des sursauts d&rsquo;orgueil lui permettant de gagner des courses quand il le sent bien.<\/p>\n<p style=\"text-align: justify;\">\u00a0<\/p>\n<p style=\"text-align: justify;\">Et c&rsquo;est bien \u00e7a le probl\u00e8me, il me donne l&rsquo;impression qu&rsquo;il le sent de moins en moins au fil des ann\u00e9es. La confiance qu&rsquo;il avait trouv\u00e9 chez Pro Circuit en 2009 et 2010 s&rsquo;\u00e9graine petit \u00e0 petit. Sa combativit\u00e9 a compl\u00e8tement dispar\u00fbt en course d\u00e8s qu&rsquo;il faut jouer des coudes. Il parait loin le temps o\u00f9 il allait au contact de Barcia, Canard et Dungey. Aujourd&rsquo;hui c&rsquo;est plut\u00f4t vas-y je te laisse passer, on verra plus tard. Ce mec a un talent fou, une science de la trajectoire inou\u00efe et fait baver tous les puristes du pilotage du monde entier cependant sa prise de conscience du risque de blessure grave en motocross lui coupe son \u00e9nergie.<\/p>\n<p style=\"text-align: justify;\">\u00a0<\/p>\n<p style=\"text-align: justify;\">Donc je pense qu&rsquo;on le reverra chez les pros mais plus pour se battre pour remporter un championnat. Comme il le dit lui m\u00eame, il a gagn\u00e9 assez d&rsquo;argent, il roule pour se faire plaisir et comme il en a envie. La messe est dite &#8230;<\/p>\n<p style=\"text-align: justify;\">\u00a0<\/p>\n<p style=\"text-align: justify;\">\u00a0<\/p>\n<p style=\"text-align: justify;\">\u00a0<span style=\"font-size: large; color: #3366ff;\"><strong>SONDAGE<\/strong><\/span><\/p>\n<p style=\"text-align: justify;\">[poll id=\u00a0\u00bb10&Prime;]\n","protected":false},"excerpt":{"rendered":"<p><\/p>\n","protected":false},"author":2,"featured_media":4329,"comment_status":"open","ping_status":"open","sticky":false,"template":"","format":"standard","meta":[],"categories":[281,17],"tags":[770,222,166,771,622,462],"aioseo_notices":[],"_links":{"self":[{"href":"https:\/\/mx-bretagne.com\/mxb\/wp-json\/wp\/v2\/posts\/4525"}],"collection":[{"href":"https:\/\/mx-bretagne.com\/mxb\/wp-json\/wp\/v2\/posts"}],"about":[{"href":"https:\/\/mx-bretagne.com\/mxb\/wp-json\/wp\/v2\/types\/post"}],"author":[{"embeddable":true,"href":"https:\/\/mx-bretagne.com\/mxb\/wp-json\/wp\/v2\/users\/2"}],"replies":[{"embeddable":true,"href":"https:\/\/mx-bretagne.com\/mxb\/wp-json\/wp\/v2\/comments?post=4525"}],"version-history":[{"count":16,"href":"https:\/\/mx-bretagne.com\/mxb\/wp-json\/wp\/v2\/posts\/4525\/revisions"}],"predecessor-version":[{"id":4618,"href":"https:\/\/mx-bretagne.com\/mxb\/wp-json\/wp\/v2\/posts\/4525\/revisions\/4618"}],"wp:featuredmedia":[{"embeddable":true,"href":"https:\/\/mx-bretagne.com\/mxb\/wp-json\/wp\/v2\/media\/4329"}],"wp:attachment":[{"href":"https:\/\/mx-bretagne.com\/mxb\/wp-json\/wp\/v2\/media?parent=4525"}],"wp:term":[{"taxonomy":"category","embeddable":true,"href":"https:\/\/mx-bretagne.com\/mxb\/wp-json\/wp\/v2\/categories?post=4525"},{"taxonomy":"post_tag","embeddable":true,"href":"https:\/\/mx-bretagne.com\/mxb\/wp-json\/wp\/v2\/tags?post=4525"}],"curies":[{"name":"wp","href":"https:\/\/api.w.org\/{rel}","templated":true}]}}