{"id":4062,"date":"2012-10-15T19:52:06","date_gmt":"2012-10-15T19:52:06","guid":{"rendered":"http:\/\/www.mx-bretagne.com\/mxb\/?p=4062"},"modified":"2012-10-15T19:52:06","modified_gmt":"2012-10-15T19:52:06","slug":"mx-kids-bignan-cloture-la-saison","status":"publish","type":"post","link":"https:\/\/mx-bretagne.com\/mxb\/mx-kids-bignan-cloture-la-saison","title":{"rendered":"MX KIDS: Bignan cl\u00f4ture la saison"},"content":{"rendered":"<div class=\"mceTemp mceIEcenter\" style=\"text-align: justify;\">\n<dl id=\"attachment_4067\" class=\"wp-caption aligncenter\" style=\"width: 660px;\">\n<dt class=\"wp-caption-dt\"><img decoding=\"async\" loading=\"lazy\" class=\"size-full wp-image-4067\" title=\"kids\" src=\"http:\/\/www.mx-bretagne.com\/mxb\/wp-content\/uploads\/2012\/10\/kids1.jpg\" alt=\"\" width=\"650\" height=\"366\" srcset=\"https:\/\/mx-bretagne.com\/mxb\/wp-content\/uploads\/2012\/10\/kids1.jpg 650w, https:\/\/mx-bretagne.com\/mxb\/wp-content\/uploads\/2012\/10\/kids1-300x168.jpg 300w\" sizes=\"(max-width: 650px) 100vw, 650px\" \/><\/dt>\n<dd class=\"wp-caption-dd\">Les Champions Kids 2012.<\/dd>\n<\/dl>\n<\/div>\n<p style=\"text-align: justify;\">\u00a0<\/p>\n<p style=\"text-align: justify;\"><span style=\"font-size: medium;\"><strong>La derni\u00e8re course de l\u2019ann\u00e9e 2012 a bel et bien eu lieu m\u00eame si les conditions \u00e9taient difficiles en d\u00e9but de journ\u00e9e. Tous les passionn\u00e9s \u00e9taient l\u00e0 et ils ont eu raison. Tout s\u2019est bien pass\u00e9 gr\u00e2ce \u00e0 un terrain soign\u00e9, des kids motiv\u00e9s et une journ\u00e9e presque ensoleill\u00e9e\u2026 Toute l\u2019\u00e9quipe de l\u2019AM Bignan et Didier Tancray ont fait du bon boulot.<\/strong><\/span><\/p>\n<p style=\"text-align: justify;\">\u00a0<\/p>\n<p style=\"text-align: justify;\"><!--more--><\/p>\n<p style=\"text-align: justify;\">\u00a0<\/p>\n<p style=\"text-align: justify;\">\u00a0<\/p>\n<p style=\"text-align: justify;\"><span style=\"font-size: xx-large; color: #3366ff;\"><strong>50<\/strong><\/span><\/p>\n<p style=\"text-align: justify;\">\u00a0<\/p>\n<div class=\"mceTemp mceIEcenter\" style=\"text-align: justify;\">\n<dl id=\"attachment_4068\" class=\"wp-caption aligncenter\" style=\"width: 610px;\">\n<dt class=\"wp-caption-dt\"><img decoding=\"async\" loading=\"lazy\" class=\"size-full wp-image-4068\" title=\"pl\" src=\"http:\/\/www.mx-bretagne.com\/mxb\/wp-content\/uploads\/2012\/10\/pl.jpg\" alt=\"\" width=\"600\" height=\"340\" srcset=\"https:\/\/mx-bretagne.com\/mxb\/wp-content\/uploads\/2012\/10\/pl.jpg 600w, https:\/\/mx-bretagne.com\/mxb\/wp-content\/uploads\/2012\/10\/pl-300x170.jpg 300w\" sizes=\"(max-width: 600px) 100vw, 600px\" \/><\/dt>\n<dd class=\"wp-caption-dd\">Pierre-Louis Deroyer.<\/dd>\n<\/dl>\n<\/div>\n<p style=\"text-align: justify;\">\u00a0<\/p>\n<p style=\"text-align: justify;\">En \u00ab\u00a0FIFTY\u00a0\u00bb on met du gaz et il n\u2019y a pas de cadeau. Pierre-Louis Deroyer termine sa saison sur une belle victoire devant Math\u00e9o Corre. Un temps troisi\u00e8me Lorenzo Ladjyn-Javaudin a commis des fautes \u00e0 la mi-manche.<\/p>\n<p style=\"text-align: justify;\"><span style=\"font-size: x-small;\"><strong>2\u00e8me manche\u00a0: Pierre-Louis Deroyer 2. Math\u00e9o Corre 3. Alexis Martin<\/strong><\/span><\/p>\n<p style=\"text-align: justify;\"><span style=\"font-size: x-small;\"><strong>Pierre-Louis Deroyer\u00a0: 1, 12\u00a0806 (circuit r\u00e9duit)<\/strong><\/span><\/p>\n<p style=\"text-align: justify;\"><span style=\"text-align: justify;\">\u00a0<\/span><span style=\"text-align: justify;\">\u00a0<\/span><\/p>\n<hr \/>\n<p style=\"text-align: justify;\">\u00a0<\/p>\n<p style=\"text-align: justify;\"><span style=\"font-size: x-large; color: #3366ff;\"><strong>65\u00a0<\/strong><\/span><\/p>\n<p style=\"text-align: justify;\">\u00a0<\/p>\n<p style=\"text-align: justify;\">Chez les 65 pas de surprise, le champion 2012 remporte les deux manches. Luigi Perrichot termine 2 fois second, le pilote de l\u2019AM Bignan termine sa saison sur une bonne note, de bonne augure pour 2013. Nicolas Duhamel aurait pu terminer deux fois troisi\u00e8me, c\u2019\u00e9tait sans compter sur la belle attaque de Gwendal Robert en fin de seconde manche.<\/p>\n<p style=\"text-align: justify;\"><span style=\"font-size: x-small;\"><strong>1\u00e8re manche: 1. Erwan Vieira 2. Luigi Perrichot 3. Nicolas Duhamel<\/strong><\/span><\/p>\n<p style=\"text-align: justify;\"><span style=\"font-size: x-small;\"><strong>2\u00e8me manche: 1. Erwan Vieira 2. Luigi Perrichot 3. Gwendal Robert<\/strong><\/span><\/p>\n<p style=\"text-align: justify;\"><span style=\"font-size: x-small;\"><strong>Erwan Vieira\u00a0: 2, 27 773<\/strong><\/span><\/p>\n<p style=\"text-align: justify;\">\u00a0<\/p>\n<hr \/>\n<p style=\"text-align: justify;\">\u00a0<\/p>\n<p style=\"text-align: justify;\">\u00a0<\/p>\n<p style=\"text-align: justify;\"><span style=\"font-size: xx-large; color: #3366ff;\"><strong>85<\/strong><\/span><\/p>\n<p style=\"text-align: justify;\">\u00a0<\/p>\n<div class=\"mceTemp mceIEcenter\" style=\"text-align: justify;\">\n<dl id=\"attachment_4066\" class=\"wp-caption aligncenter\" style=\"width: 610px;\">\n<dt class=\"wp-caption-dt\"><img decoding=\"async\" loading=\"lazy\" class=\"size-full wp-image-4066\" title=\"jd\" src=\"http:\/\/www.mx-bretagne.com\/mxb\/wp-content\/uploads\/2012\/10\/jd.jpg\" alt=\"\" width=\"600\" height=\"340\" srcset=\"https:\/\/mx-bretagne.com\/mxb\/wp-content\/uploads\/2012\/10\/jd.jpg 600w, https:\/\/mx-bretagne.com\/mxb\/wp-content\/uploads\/2012\/10\/jd-300x170.jpg 300w\" sizes=\"(max-width: 600px) 100vw, 600px\" \/><\/dt>\n<dd class=\"wp-caption-dd\">Julien Duhamel.<\/dd>\n<\/dl>\n<\/div>\n<p style=\"text-align: justify;\">\u00a0<\/p>\n<p style=\"text-align: justify;\">Une hi\u00e9rarchie respect\u00e9e pour les deux leaders. En effet Julien Duhamel et Gr\u00e9gory Mar\u00e9chal ont roul\u00e9 sans prendre trop de risque pour assurer leurs positions au championnat. On peut noter que durant la seconde manche Simon Boulard a r\u00e9alis\u00e9 le holeshot. Julien Duhamel r\u00e9alise un beau retour apr\u00e8s un d\u00e9part un peu compliqu\u00e9. Mathieu Trividic et Antoine Lelan pilotait des 85 KTM 2013 et de belle mani\u00e8re.<\/p>\n<p style=\"text-align: justify;\"><span style=\"font-size: x-small;\"><strong>1\u00e8re manche\u00a0: Julien Duhamel 2. Gr\u00e9gory Marechal 3. Jimmy Chesnel<\/strong><\/span><\/p>\n<p style=\"text-align: justify;\"><span style=\"font-size: x-small;\"><strong>Julien Duhamel\u00a0: 2, 25 941<\/strong><\/span><\/p>\n<p style=\"text-align: justify;\"><span style=\"font-size: x-small;\"><strong>2\u00e8me manche\u00a0: Julien Duhamel 2. Gr\u00e9gory Marechal 3. Simon Boulard<\/strong><\/span><\/p>\n<p style=\"text-align: justify;\"><span style=\"font-size: x-small;\"><strong>Simon Boulard\u00a0: 2, 32\u00a0815<\/strong><\/span><\/p>\n<p style=\"text-align: justify;\"><span style=\"font-size: x-small;\"><strong>Julien Duhamel\u00a0: 2, 26 187<\/strong><\/span><\/p>\n<p style=\"text-align: justify;\">\u00a0<\/p>\n<hr \/>\n<p style=\"text-align: justify;\">\u00a0<\/p>\n<p style=\"text-align: justify;\"><span style=\"font-size: xx-large; color: #3366ff;\"><strong><span style=\"text-align: justify;\">EVO 89\u00a0<\/span><\/strong><\/span><\/p>\n<p style=\"text-align: justify;\">\u00a0<\/p>\n<p style=\"text-align: justify;\">Dans cette cat\u00e9gorie pas de probl\u00e8me pour Christophe Leray qui gagne facilement les manches avec sa 250 CR devant la Ma\u00efco de Franck Lelan. Dans la derni\u00e8re manche Jean Pierre Garin s\u2019est fait devancer par la 250 CR d\u2019Anthony Puillandre.<\/p>\n<p style=\"text-align: justify;\"><span style=\"font-size: x-small;\"><strong>2\u00e8me manche: 1. Christophe Leray (250 Honda 2T 1985) 2. Franck Lelan (440 Ma\u00efco 2T 1989) 3. Jean Pierre Garin (250 2T Suzuki 1988)<\/strong><\/span><\/p>\n<p style=\"text-align: justify;\"><span style=\"font-size: x-small;\"><strong>3\u00e8me manche EVO 89 : 1. Christophe Leray (250 Honda 2T 1985) 2. Franck Lelan (440 Ma\u00efco 2T 1989) 3. Anthony Puillandre (250 Honda 2T 1987)<\/strong><\/span><\/p>\n<p style=\"text-align: justify;\"><span style=\"font-size: x-small;\"><strong>Christophe Leray\u00a0: 2, 13\u00a0344<\/strong><\/span><\/p>\n<p style=\"text-align: justify;\"><span style=\"font-size: x-small;\"><strong>Franck Lelan\u00a0: 2, 22 840<\/strong><\/span><\/p>\n<p style=\"text-align: justify;\">\u00a0<\/p>\n<hr \/>\n<p style=\"text-align: justify;\">\u00a0<\/p>\n<p style=\"text-align: justify;\"><span style=\"font-size: xx-large; color: #3366ff;\"><strong>Pr\u00e9 75<\/strong><\/span><\/p>\n<p style=\"text-align: justify;\">\u00a0<\/p>\n<div class=\"mceTemp mceIEcenter\" style=\"text-align: justify;\">\n<dl id=\"attachment_4065\" class=\"wp-caption aligncenter\" style=\"width: 610px;\">\n<dt class=\"wp-caption-dt\"><img decoding=\"async\" loading=\"lazy\" class=\"size-full wp-image-4065\" title=\"georges\" src=\"http:\/\/www.mx-bretagne.com\/mxb\/wp-content\/uploads\/2012\/10\/georges.jpg\" alt=\"\" width=\"600\" height=\"340\" srcset=\"https:\/\/mx-bretagne.com\/mxb\/wp-content\/uploads\/2012\/10\/georges.jpg 600w, https:\/\/mx-bretagne.com\/mxb\/wp-content\/uploads\/2012\/10\/georges-300x170.jpg 300w\" sizes=\"(max-width: 600px) 100vw, 600px\" \/><\/dt>\n<dd class=\"wp-caption-dd\">Georges Le Piouffe.<\/dd>\n<\/dl>\n<\/div>\n<p style=\"text-align: justify;\">\u00a0<\/p>\n<p style=\"text-align: justify;\">Pour la troisi\u00e8me manche Pr\u00e9 75 Jean-Claude Bontemps fait triompher sa CZ devant la Ma\u00efco pilot\u00e9e par Jean-Michel Preauchat. Thierry Quinquis termine 3\u00e8me avec la m\u00eame machine que le vainqueur version 1969. On peut r\u00e9ellement regretter la disparition des CZ car visiblement c\u2019\u00e9tait costaud. En fin de manche Ga\u00ebl Maurice sur sa 125 KX 1978 est pass\u00e9 4\u00e8me apr\u00e8s un bon duel avec Gilbert Rannou arm\u00e9 lui d\u2019une 500 Eso 4T mod\u00e8le 1960. Un petit clin d\u2019\u0153il \u00e0 Georges Le Piouffe et sa \u00ab\u00a0Huski\u00a0\u00bb 125. Toujours l\u00e0 et pas dernier \u00e0 68 ans, respect. Jean-Claude Bontemps remporte le g\u00e9n\u00e9ral.<\/p>\n<p style=\"text-align: justify;\"><strong><span style=\"font-size: x-small;\">3\u00e8me manche Pr\u00e9 75\u00a0: 1. Jean-Claude Bontemps (380 CZ 2T 1965) 2. Jean-Michel Preauchat (400 Ma\u00efco 2T 1975) 3. Thierry Quinquis (380 CZ 2T 1969)<\/span><\/strong><\/p>\n<p style=\"text-align: justify;\"><strong><span style=\"font-size: x-small;\">Jean-Claude Bontemps\u00a0: 2, 39\u00a0256<\/span><\/strong><\/p>\n<p style=\"text-align: justify;\">\u00a0<\/p>\n<hr \/>\n<p style=\"text-align: justify;\">\u00a0<\/p>\n<p style=\"text-align: justify;\">\u00a0<\/p>\n<p style=\"text-align: justify;\"><span style=\"font-size: xx-large; color: #3366ff;\"><strong>EVO83<\/strong><\/span><\/p>\n<p style=\"text-align: justify;\">\u00a0<\/p>\n<p style=\"text-align: justify;\">Christophe Boussard a remport\u00e9 les deux premi\u00e8res confrontations et comptait bien terminer en beaut\u00e9 mais Jonathan Martineau a saisi sa chance. Dans le dernier tour il passe et gagne l\u2019ultime manche apr\u00e8s avoir mis une pression constante sur Christophe Boussard. Didier Ternisien compl\u00e8te le podium en ayant fait une manche solide. Christophe Boussard l\u2019emporte au g\u00e9n\u00e9ral des 3 manches<\/p>\n<p style=\"text-align: justify;\"><span style=\"font-size: x-small;\"><strong>3\u00e8me manche\u00a0: 1. Jonathan Martineau (125 Portal 2T\u00a01979 ?) 2. Christophe Boussard (490 Yamaha 2T) 3. Didier Ternisien (470 Ma\u00efco 2T 1981)<\/strong><\/span><\/p>\n<p style=\"text-align: justify;\"><span style=\"font-size: x-small;\"><strong>Christophe Boussard\u00a0: 2, 16 95<\/strong><\/span><\/p>\n<p style=\"text-align: justify;\"><span style=\"font-size: x-small;\"><strong>Jonathan Martineau\u00a0: 2, 22\u00a0134<\/strong><\/span><\/p>\n<p style=\"text-align: justify;\">\u00a0<\/p>\n<hr \/>\n<p style=\"text-align: justify;\">\u00a0<\/p>\n<p style=\"text-align: justify;\"><span style=\"font-size: xx-large; color: #3366ff;\"><strong>V\u00e9t\u00e9rans<\/strong><\/span><\/p>\n<p style=\"text-align: justify;\">\u00a0<\/p>\n<div class=\"mceTemp mceIEcenter\" style=\"text-align: justify;\">\n<dl id=\"attachment_4064\" class=\"wp-caption aligncenter\" style=\"width: 610px;\">\n<dt class=\"wp-caption-dt\"><img decoding=\"async\" loading=\"lazy\" class=\"size-full wp-image-4064\" title=\"didier\" src=\"http:\/\/www.mx-bretagne.com\/mxb\/wp-content\/uploads\/2012\/10\/didier.jpg\" alt=\"\" width=\"600\" height=\"340\" srcset=\"https:\/\/mx-bretagne.com\/mxb\/wp-content\/uploads\/2012\/10\/didier.jpg 600w, https:\/\/mx-bretagne.com\/mxb\/wp-content\/uploads\/2012\/10\/didier-300x170.jpg 300w\" sizes=\"(max-width: 600px) 100vw, 600px\" \/><\/dt>\n<dd class=\"wp-caption-dd\">Didier Tancray.<\/dd>\n<\/dl>\n<\/div>\n<p style=\"text-align: justify;\">\u00a0<\/p>\n<p style=\"text-align: justify;\">On retrouve le m\u00eame classement dans les deux derni\u00e8res manches sans oublier qu\u2019Olivier Bruneau remporte aussi la premi\u00e8re manche. Au guidon de sa 350 SX KTM on a pu appr\u00e9cier un pilotage souple et soign\u00e9 toujours au top. Yann Baulard termine 3\u00e8me tandis que Jocelyn Perrichot se permet de s\u2019intercal\u00e9 entre ses deux pilotes exp\u00e9riment\u00e9s.<\/p>\n<p style=\"text-align: justify;\">Didier Tancray roulait dans cette cat\u00e9gorie ainsi que dans la cat\u00e9gorie EVO 83. Didier s\u2019est donn\u00e9 \u00e0 fond. Daniel Stervnou \u00e9tait lui aussi de la partie en V\u00e9t\u00e9rans.<\/p>\n<p style=\"text-align: justify;\"><strong><span style=\"font-size: x-small;\">2\u00e8me manche V\u00e9t\u00e9rans\u00a0: 1. Olivier Bruneau 2. Jocelyn Perrichot 3. Yann Baulard<\/span><\/strong><\/p>\n<p style=\"text-align: justify;\"><strong><span style=\"font-size: x-small;\">Olivier Bruneau\u00a0: 2, 09 161<\/span><\/strong><\/p>\n<p style=\"text-align: justify;\"><strong><span style=\"font-size: x-small;\">3\u00e8me manche V\u00e9t\u00e9rans\u00a0: 1. Olivier Bruneau 2. Jocelyn Perrichot 3. Yann Baulard<\/span><\/strong><\/p>\n<p style=\"text-align: justify;\"><strong><span style=\"font-size: x-small;\">Olivier Bruneau\u00a0: 2, 13\u00a0034<\/span><\/strong><\/p>\n<p style=\"text-align: justify;\">\u00a0<\/p>\n<p style=\"text-align: justify;\">\u00a0<\/p>\n<div class=\"mceTemp mceIEcenter\" style=\"text-align: justify;\">\n<dl id=\"attachment_4063\" class=\"wp-caption aligncenter\" style=\"width: 610px;\">\n<dt class=\"wp-caption-dt\"><img decoding=\"async\" loading=\"lazy\" class=\"size-full wp-image-4063\" title=\"detrez\" src=\"http:\/\/www.mx-bretagne.com\/mxb\/wp-content\/uploads\/2012\/10\/detrez.jpg\" alt=\"\" width=\"600\" height=\"340\" srcset=\"https:\/\/mx-bretagne.com\/mxb\/wp-content\/uploads\/2012\/10\/detrez.jpg 600w, https:\/\/mx-bretagne.com\/mxb\/wp-content\/uploads\/2012\/10\/detrez-300x170.jpg 300w\" sizes=\"(max-width: 600px) 100vw, 600px\" \/><\/dt>\n<dd class=\"wp-caption-dd\">Andr\u00e9 Detrez.<\/dd>\n<\/dl>\n<\/div>\n<p style=\"text-align: justify;\">\u00a0<\/p>\n<p style=\"text-align: justify;\">\u00a0<\/p>\n","protected":false},"excerpt":{"rendered":"<p>Les Champions Kids 2012.<\/p>\n","protected":false},"author":5,"featured_media":4067,"comment_status":"open","ping_status":"open","sticky":false,"template":"","format":"standard","meta":[],"categories":[7,1,17],"tags":[74,39,608,607,339,26,648,606],"aioseo_notices":[],"_links":{"self":[{"href":"https:\/\/mx-bretagne.com\/mxb\/wp-json\/wp\/v2\/posts\/4062"}],"collection":[{"href":"https:\/\/mx-bretagne.com\/mxb\/wp-json\/wp\/v2\/posts"}],"about":[{"href":"https:\/\/mx-bretagne.com\/mxb\/wp-json\/wp\/v2\/types\/post"}],"author":[{"embeddable":true,"href":"https:\/\/mx-bretagne.com\/mxb\/wp-json\/wp\/v2\/users\/5"}],"replies":[{"embeddable":true,"href":"https:\/\/mx-bretagne.com\/mxb\/wp-json\/wp\/v2\/comments?post=4062"}],"version-history":[{"count":5,"href":"https:\/\/mx-bretagne.com\/mxb\/wp-json\/wp\/v2\/posts\/4062\/revisions"}],"predecessor-version":[{"id":4073,"href":"https:\/\/mx-bretagne.com\/mxb\/wp-json\/wp\/v2\/posts\/4062\/revisions\/4073"}],"wp:featuredmedia":[{"embeddable":true,"href":"https:\/\/mx-bretagne.com\/mxb\/wp-json\/wp\/v2\/media\/4067"}],"wp:attachment":[{"href":"https:\/\/mx-bretagne.com\/mxb\/wp-json\/wp\/v2\/media?parent=4062"}],"wp:term":[{"taxonomy":"category","embeddable":true,"href":"https:\/\/mx-bretagne.com\/mxb\/wp-json\/wp\/v2\/categories?post=4062"},{"taxonomy":"post_tag","embeddable":true,"href":"https:\/\/mx-bretagne.com\/mxb\/wp-json\/wp\/v2\/tags?post=4062"}],"curies":[{"name":"wp","href":"https:\/\/api.w.org\/{rel}","templated":true}]}}