{"id":3898,"date":"2012-09-25T16:33:20","date_gmt":"2012-09-25T16:33:20","guid":{"rendered":"http:\/\/www.mx-bretagne.com\/mxb\/?p=3898"},"modified":"2012-09-25T20:01:54","modified_gmt":"2012-09-25T20:01:54","slug":"resultats-mx-ufolep-tremblay","status":"publish","type":"post","link":"https:\/\/mx-bretagne.com\/mxb\/resultats-mx-ufolep-tremblay","title":{"rendered":"MX UFOLEP: Les Champions 2012"},"content":{"rendered":"<p style=\"text-align: justify;\">\u00a0<img decoding=\"async\" loading=\"lazy\" class=\"aligncenter size-full wp-image-3914\" title=\"ufolep\" src=\"http:\/\/www.mx-bretagne.com\/mxb\/wp-content\/uploads\/2000\/09\/ufolep.jpg\" alt=\"\" width=\"650\" height=\"366\" srcset=\"https:\/\/mx-bretagne.com\/mxb\/wp-content\/uploads\/2000\/09\/ufolep.jpg 650w, https:\/\/mx-bretagne.com\/mxb\/wp-content\/uploads\/2000\/09\/ufolep-300x168.jpg 300w\" sizes=\"(max-width: 650px) 100vw, 650px\" \/><\/p>\n<p style=\"text-align: justify;\"><span style=\"font-size: medium;\"><strong>Bien qu&rsquo;il reste deux \u00e9preuves au calendrier, le Troph\u00e9e de Bretagne UFOLEP 2012 s&rsquo;est officiellement termin\u00e9 \u00e0 Tremblay pour la Finale. Nous connaissons donc d\u00e9sormais tous les nouveaux titr\u00e9s !<\/strong><\/span><\/p>\n<p style=\"text-align: justify;\"><!--more--><\/p>\n<p>&nbsp;<\/p>\n<p><strong>Les titre par clubs: <\/strong>Meillac (3), St-Jacut les Pins(2), Liffr\u00e9 (2), Andouill\u00e9-Neuville (1)<\/p>\n<p>&nbsp;<\/p>\n<p><span style=\"font-size: xx-large; color: #3366ff;\"><strong>85cc<\/strong><\/span><\/p>\n<p>&nbsp;<\/p>\n<div id=\"attachment_3911\" style=\"width: 610px\" class=\"wp-caption aligncenter\"><img aria-describedby=\"caption-attachment-3911\" decoding=\"async\" loading=\"lazy\" class=\"size-full wp-image-3911\" title=\"marechal\" src=\"http:\/\/www.mx-bretagne.com\/mxb\/wp-content\/uploads\/2000\/09\/marechal.jpg\" alt=\"\" width=\"600\" height=\"320\" srcset=\"https:\/\/mx-bretagne.com\/mxb\/wp-content\/uploads\/2000\/09\/marechal.jpg 600w, https:\/\/mx-bretagne.com\/mxb\/wp-content\/uploads\/2000\/09\/marechal-300x160.jpg 300w\" sizes=\"(max-width: 600px) 100vw, 600px\" \/><p id=\"caption-attachment-3911\" class=\"wp-caption-text\">Gregory Marechal. (Photo William Jamet)<\/p><\/div>\n<p style=\"text-align: justify;\">\u00a0Gregory Mach\u00e9ral obtient le titre 85 apr\u00e8s une belle saison r\u00e9guli\u00e8re. Il s&rsquo;imposait d\u00e8s la premi\u00e8re \u00e9preuve \u00e0 Mernel et connaissait son moins bon week-end lors de la 3\u00e8me \u00e9tape \u00e0 Goven. Avec 244 points d&rsquo;avance sur Adrien Josset, second, c&rsquo;\u00e9tait vraiment lui le patron !<\/p>\n<p style=\"text-align: justify;\">\u00a0<\/p>\n<p><span style=\"font-size: x-small;\">1 12 MARECHAL GREGORY MEILLAC 994<\/span><\/p>\n<p><span style=\"font-size: x-small;\">2 71 JOSSET ADRIEN MINIAC 750<\/span><\/p>\n<p><span style=\"font-size: x-small;\">3 94 DESGRANGES MAXIME TREMBLAY 677<\/span><\/p>\n<p><span style=\"font-size: x-small;\">4 4 JEGOUIC ANDREAS MEILLAC 671<\/span><\/p>\n<p><span style=\"font-size: x-small;\">5 118 LEBALLAIS ERWAN BAGUER PICAN 665<\/span><\/p>\n<p><span style=\"font-size: x-small;\">&#8230;<\/span><\/p>\n<p>&nbsp;<\/p>\n<p>&nbsp;<\/p>\n<hr \/>\n<p>&nbsp;<\/p>\n<p>&nbsp;<\/p>\n<p><span style=\"font-size: xx-large; color: #3366ff;\"><strong>125\u00a0ALIZ\u00c9<\/strong><\/span><\/p>\n<p>&nbsp;<\/p>\n<div id=\"attachment_3912\" style=\"width: 610px\" class=\"wp-caption aligncenter\"><img aria-describedby=\"caption-attachment-3912\" decoding=\"async\" loading=\"lazy\" class=\"size-full wp-image-3912\" title=\"vianney\" src=\"http:\/\/www.mx-bretagne.com\/mxb\/wp-content\/uploads\/2000\/09\/vianney.jpg\" alt=\"\" width=\"600\" height=\"320\" srcset=\"https:\/\/mx-bretagne.com\/mxb\/wp-content\/uploads\/2000\/09\/vianney.jpg 600w, https:\/\/mx-bretagne.com\/mxb\/wp-content\/uploads\/2000\/09\/vianney-300x160.jpg 300w\" sizes=\"(max-width: 600px) 100vw, 600px\" \/><p id=\"caption-attachment-3912\" class=\"wp-caption-text\">Vianney Blandin. (Photo Eddy Tertrais)<\/p><\/div>\n<p style=\"text-align: justify;\">\u00a0Vianney Blandin s&rsquo;impose en 125 Aliz\u00e9 avec 22 points d&rsquo;avance sur Maxime Le Calonnec. Avec une moyenne de 281,33 points par \u00e9preuve, Vianney a scor\u00e9 comme il fallait sur les six \u00e9tapes. En revanche coup de pression pour la seconde place entre Maxime Le Calonnec et son coll\u00e8gue du club Brevelaysien, Kerwann Rollando puisqu&rsquo;ils ne sont s\u00e9par\u00e9s que de 7 points au soir de Tremblay !<\/p>\n<p style=\"text-align: justify;\">\u00a0<\/p>\n<p><span style=\"font-size: x-small;\">1 844 BLANDIN VIANNEY ST JACUT 1688<\/span><\/p>\n<p><span style=\"font-size: x-small;\">2 518 LE CALONNEC MAXIME BREVELAYSIEN 1666<\/span><\/p>\n<p><span style=\"font-size: x-small;\">3 88 ROLLANDO KERWANN BREVELAYSIEN 1659<\/span><\/p>\n<p><span style=\"font-size: x-small;\">4 168 CHEVALIER RUDY P-FOUGERES 1638<\/span><\/p>\n<p><span style=\"font-size: x-small;\">5 438 BLANDIN MAXIME ST JACUT 1588<\/span><\/p>\n<p><span style=\"font-size: x-small;\">&#8230;<\/span><\/p>\n<p>&nbsp;<\/p>\n<p>&nbsp;<\/p>\n<hr \/>\n<p>&nbsp;<\/p>\n<p>&nbsp;<\/p>\n<p><span style=\"font-size: xx-large; color: #3366ff;\"><strong>125 OCEANE<\/strong><\/span><\/p>\n<p>&nbsp;<\/p>\n<div id=\"attachment_3913\" style=\"width: 610px\" class=\"wp-caption aligncenter\"><img aria-describedby=\"caption-attachment-3913\" decoding=\"async\" loading=\"lazy\" class=\"size-full wp-image-3913\" title=\"bruno\" src=\"http:\/\/www.mx-bretagne.com\/mxb\/wp-content\/uploads\/2000\/09\/bruno.jpg\" alt=\"\" width=\"600\" height=\"320\" srcset=\"https:\/\/mx-bretagne.com\/mxb\/wp-content\/uploads\/2000\/09\/bruno.jpg 600w, https:\/\/mx-bretagne.com\/mxb\/wp-content\/uploads\/2000\/09\/bruno-300x160.jpg 300w\" sizes=\"(max-width: 600px) 100vw, 600px\" \/><p id=\"caption-attachment-3913\" class=\"wp-caption-text\">Bruno Rabruau. (Photo Willysaki)<\/p><\/div>\n<p style=\"text-align: justify;\">En 125 Oc\u00e9ane, un seul homme s&rsquo;est d\u00e9marqu\u00e9 du lot. Il s&rsquo;agit de Bruno Rabruau qui remporte le titre assez ais\u00e9ment. Le triple champion de Bretagne FFM 125 (1993 \u00e0 1995) a fait parler la poudre au guidon de sa 250 YZ-F et a bien malmen\u00e9 les jeunes loups de la cat\u00e9gorie 125. Derri\u00e8re, Fr\u00e9d\u00e9rick Pestel et Pierre Herveleu se partage la place de dauphin avec une \u00e9galit\u00e9 parfaite entre les deux hommes.<\/p>\n<p style=\"text-align: justify;\">\u00a0<\/p>\n<p><span style=\"font-size: x-small;\">1 2 RABRUAU BRUNO MEILLAC 1920<\/span><\/p>\n<p><span style=\"font-size: x-small;\">2 342 PESTEL FREDERIK MINIAC 1810<\/span><\/p>\n<p><span style=\"font-size: x-small;\">3 202 HERVELEU PIERRE A-NEUVILLE 1810<\/span><\/p>\n<p><span style=\"font-size: x-small;\">4 14 QUESNEL VALENTIN MEILLAC 1751<\/span><\/p>\n<p><span style=\"font-size: x-small;\">5 50 TOUFFET FABIEN TREMBLAY 1721<\/span><\/p>\n<p><span style=\"font-size: x-small;\">&#8230;<\/span><\/p>\n<p>&nbsp;<\/p>\n<p>&nbsp;<\/p>\n<hr \/>\n<p>&nbsp;<\/p>\n<p>&nbsp;<\/p>\n<p><span style=\"font-size: xx-large; color: #3366ff;\"><strong>250 ALIZ\u00c9<\/strong><\/span><\/p>\n<p>&nbsp;<\/p>\n<div id=\"attachment_3910\" style=\"width: 610px\" class=\"wp-caption aligncenter\"><img aria-describedby=\"caption-attachment-3910\" decoding=\"async\" loading=\"lazy\" class=\"size-full wp-image-3910\" title=\"damien\" src=\"http:\/\/www.mx-bretagne.com\/mxb\/wp-content\/uploads\/2000\/09\/damien.jpg\" alt=\"\" width=\"600\" height=\"320\" srcset=\"https:\/\/mx-bretagne.com\/mxb\/wp-content\/uploads\/2000\/09\/damien.jpg 600w, https:\/\/mx-bretagne.com\/mxb\/wp-content\/uploads\/2000\/09\/damien-300x160.jpg 300w\" sizes=\"(max-width: 600px) 100vw, 600px\" \/><p id=\"caption-attachment-3910\" class=\"wp-caption-text\">Damien Bataller. (Kristen Bizien)<\/p><\/div>\n<p style=\"text-align: justify;\">\u00a0En 250 Aliz\u00e9e, Damien Battaler gagne au guidon de sa 250 KTM 2 tps avec 62 points d&rsquo;avance sur Micha\u00ebl Guineheu et Jean-Fran\u00e7ois Durand. Une belle saison pour Damien du Moto-club de Liffr\u00e9 qui termine \u00e0 chaque fois tr\u00e8s bien plac\u00e9.\u00a0<\/p>\n<p style=\"text-align: justify;\">\u00a0<\/p>\n<p><span style=\"font-size: x-small;\">1 29 BATALLER DAMIEN LIFFRE 1867<\/span><\/p>\n<p><span style=\"font-size: x-small;\">2 17 GUINEHEU MICHAEL ST JACUT 1805<\/span><\/p>\n<p><span style=\"font-size: x-small;\">3 211 DURAND JEAN FRANCOIS MERNEL 1790<\/span><\/p>\n<p><span style=\"font-size: x-small;\">4 411 TOUCHET ARNAUD P-FOUGERES 1786<\/span><\/p>\n<p><span style=\"font-size: x-small;\">5 95 CLEMENT DAVID LIFFRE 1480<\/span><\/p>\n<p><span style=\"font-size: x-small;\">&#8230;<\/span><\/p>\n<p>&nbsp;<\/p>\n<p>&nbsp;<\/p>\n<hr \/>\n<p>&nbsp;<\/p>\n<p>&nbsp;<\/p>\n<p><span style=\"font-size: xx-large; color: #3366ff;\"><strong>250 OCEANE<\/strong><\/span><\/p>\n<p>&nbsp;<\/p>\n<div id=\"attachment_3909\" style=\"width: 610px\" class=\"wp-caption aligncenter\"><img aria-describedby=\"caption-attachment-3909\" decoding=\"async\" loading=\"lazy\" class=\"size-full wp-image-3909\" title=\"aurelien\" src=\"http:\/\/www.mx-bretagne.com\/mxb\/wp-content\/uploads\/2000\/09\/aurelien.jpg\" alt=\"\" width=\"600\" height=\"320\" srcset=\"https:\/\/mx-bretagne.com\/mxb\/wp-content\/uploads\/2000\/09\/aurelien.jpg 600w, https:\/\/mx-bretagne.com\/mxb\/wp-content\/uploads\/2000\/09\/aurelien-300x160.jpg 300w\" sizes=\"(max-width: 600px) 100vw, 600px\" \/><p id=\"caption-attachment-3909\" class=\"wp-caption-text\">Aur\u00e9lien Toulain. (photo Lolo Mx)<\/p><\/div>\n<p style=\"text-align: justify;\">\u00a0Pas de soucis pour Aur\u00e9lien Toulain qui termine avec 166 points d&rsquo;avance sur David Vaillant. Aur\u00e9lien fait d\u00e9sormais figure de r\u00e9f\u00e9rence sur les circuits UFOLEP et continue de prouver son excellente vitesse de pointe ann\u00e9e apr\u00e8s ann\u00e9e. A noter la domination des pilotes du moto-club d&rsquo;Andouill\u00e9-Neuville avec 4 pilotes plac\u00e9s dans le top 5 final !<\/p>\n<p style=\"text-align: justify;\">\u00a0<\/p>\n<p><span style=\"font-size: x-small;\">1 49 TOULAIN AURELIEN A-NEUVILLE 1920<\/span><\/p>\n<p><span style=\"font-size: x-small;\">2 69 VAILLANT DAVID A-NEUVILLE 1754<\/span><\/p>\n<p><span style=\"font-size: x-small;\">3 63 POIVET JEAN PHILIPPE A-NEUVILLE 1698<\/span><\/p>\n<p><span style=\"font-size: x-small;\">4 1 VILBOUX JULIEN TREMBLAY 1693<\/span><\/p>\n<p><span style=\"font-size: x-small;\">5 65 BEAULIEU JEREMY A-NEUVILLE 1686<\/span><\/p>\n<p><span style=\"font-size: x-small;\">&#8230;<\/span><\/p>\n<p>&nbsp;<\/p>\n<p>&nbsp;<\/p>\n<hr \/>\n<p>&nbsp;<\/p>\n<p>&nbsp;<\/p>\n<p><span style=\"font-size: xx-large; color: #3366ff;\"><strong>PRESTIGE ALIZ\u00c9<\/strong><\/span><\/p>\n<p>&nbsp;<\/p>\n<p style=\"text-align: justify;\">\u00a0C&rsquo;est Olivier Bordeau qui s&rsquo;impose en Prestige Aliz\u00e9 avec seulement 14 points d&rsquo;avance sur Norbert Chastel. Christophe Rio compl\u00e8te le podium.<\/p>\n<p style=\"text-align: justify;\">\u00a0<\/p>\n<p><span style=\"font-size: x-small;\">1 7 BORDEAU OLIVIER LIFFRE 544<\/span><\/p>\n<p><span style=\"font-size: x-small;\">2 10 CHASTEL NORBERT P-FOUGERES 530<\/span><\/p>\n<p><span style=\"font-size: x-small;\">3 11 RIO CHRISTOPHE ALLAIRE 502<\/span><\/p>\n<p><span style=\"font-size: x-small;\">4 4 LORNOIS JOHNY P-FOUGERES 461<\/span><\/p>\n<p><span style=\"font-size: x-small;\">5 29 HERNIOTE DENIS P-FOUGERES 384<\/span><\/p>\n<p><span style=\"font-size: x-small;\">&#8230;<\/span><\/p>\n<p>&nbsp;<\/p>\n<hr \/>\n<p>&nbsp;<\/p>\n<p><span style=\"font-size: xx-large; color: #3366ff;\"><strong>PRESTIGE OCEANE<\/strong><\/span><\/p>\n<p>&nbsp;<\/p>\n<p style=\"text-align: justify;\">\u00a0Fr\u00e9d\u00e9ric Adam a \u00e9t\u00e9 constant sur toute l&rsquo;ann\u00e9e et remporte le titre Prestige Oc\u00e9ane avec 92 points d&rsquo;avance sur Remi Blanchet alors que Didier Renou r\u00e9siste \u00e0 Pascal Chapin pour la 3\u00e8me place.<\/p>\n<p style=\"text-align: justify;\">\u00a0<\/p>\n<p><span style=\"font-size: x-small;\">1 27 ADAM FREDERIC MEILLAC 650<\/span><\/p>\n<p><span style=\"font-size: x-small;\">2 151 BLANCHET REMI LA MOTTE 558<\/span><\/p>\n<p><span style=\"font-size: x-small;\">3 52 RENOU DIDIER MINIAC 441<\/span><\/p>\n<p><span style=\"font-size: x-small;\">4 170 CHAPIN PASCAL CONCORET 433<\/span><\/p>\n<p><span style=\"font-size: x-small;\">4 44 BEAULIEU PASCAL MINIAC 365<\/span><\/p>\n<p><span style=\"font-size: x-small;\">&#8230;<\/span><\/p>\n<p>&nbsp;<\/p>\n<hr \/>\n<p>&nbsp;<\/p>\n<p><span style=\"font-size: xx-large; color: #3366ff;\"><strong>FEMININES<\/strong><\/span><\/p>\n<p>&nbsp;<\/p>\n<div id=\"attachment_3908\" style=\"width: 610px\" class=\"wp-caption aligncenter\"><img aria-describedby=\"caption-attachment-3908\" decoding=\"async\" loading=\"lazy\" class=\"size-full wp-image-3908\" title=\"adeline\" src=\"http:\/\/www.mx-bretagne.com\/mxb\/wp-content\/uploads\/2000\/09\/adeline.jpg\" alt=\"\" width=\"600\" height=\"320\" srcset=\"https:\/\/mx-bretagne.com\/mxb\/wp-content\/uploads\/2000\/09\/adeline.jpg 600w, https:\/\/mx-bretagne.com\/mxb\/wp-content\/uploads\/2000\/09\/adeline-300x160.jpg 300w\" sizes=\"(max-width: 600px) 100vw, 600px\" \/><p id=\"caption-attachment-3908\" class=\"wp-caption-text\">Adeline Corbel.<\/p><\/div>\n<p style=\"text-align: justify;\">Chez les demoiselles, Adeline Corbel d\u00e9croche la timbale. Habitu\u00e9e au top 10 en Championnat de France F\u00e9minin, Adeline s&rsquo;impose avec 10 points d&rsquo;avance sur Erell Boulouard et Florence Barbu. \u00a0<\/p>\n<p style=\"text-align: justify;\">\u00a0<\/p>\n<p><span style=\"font-size: x-small;\">1 282 CORBEL ADELINE ST JACUT 790<\/span><\/p>\n<p><span style=\"font-size: x-small;\">2 222 BOULOUARD ERELL TALENSAC 780<\/span><\/p>\n<p><span style=\"font-size: x-small;\">3 32 BARBU FLORENCE LA MOTTE 652<\/span><\/p>\n<p><span style=\"font-size: x-small;\">4 700 CHRETIEN LAURE LA MOTTE 599<\/span><\/p>\n<p><span style=\"font-size: x-small;\">5 304 HUE B\u00c9R\u00c9NICE MERNEL 394<\/span><\/p>\n<p><span style=\"font-size: x-small;\">&#8230;<\/span><\/p>\n<p>&nbsp;<\/p>\n<p>\u00a0Tous les r\u00e9sultats complets sur\u00a0<a href=\"http:\/\/www.mxufolepbzh.com\/mxligue\/Default.aspx\" target=\"_blank\">http:\/\/www.mxufolepbzh.com<\/a><\/p>\n<p>&nbsp;<\/p>\n","protected":false},"excerpt":{"rendered":"<p>\u00a0<\/p>\n","protected":false},"author":2,"featured_media":3914,"comment_status":"open","ping_status":"open","sticky":false,"template":"","format":"standard","meta":[],"categories":[8,17],"tags":[83,26,595,361,315,596],"aioseo_notices":[],"_links":{"self":[{"href":"https:\/\/mx-bretagne.com\/mxb\/wp-json\/wp\/v2\/posts\/3898"}],"collection":[{"href":"https:\/\/mx-bretagne.com\/mxb\/wp-json\/wp\/v2\/posts"}],"about":[{"href":"https:\/\/mx-bretagne.com\/mxb\/wp-json\/wp\/v2\/types\/post"}],"author":[{"embeddable":true,"href":"https:\/\/mx-bretagne.com\/mxb\/wp-json\/wp\/v2\/users\/2"}],"replies":[{"embeddable":true,"href":"https:\/\/mx-bretagne.com\/mxb\/wp-json\/wp\/v2\/comments?post=3898"}],"version-history":[{"count":9,"href":"https:\/\/mx-bretagne.com\/mxb\/wp-json\/wp\/v2\/posts\/3898\/revisions"}],"predecessor-version":[{"id":3902,"href":"https:\/\/mx-bretagne.com\/mxb\/wp-json\/wp\/v2\/posts\/3898\/revisions\/3902"}],"wp:featuredmedia":[{"embeddable":true,"href":"https:\/\/mx-bretagne.com\/mxb\/wp-json\/wp\/v2\/media\/3914"}],"wp:attachment":[{"href":"https:\/\/mx-bretagne.com\/mxb\/wp-json\/wp\/v2\/media?parent=3898"}],"wp:term":[{"taxonomy":"category","embeddable":true,"href":"https:\/\/mx-bretagne.com\/mxb\/wp-json\/wp\/v2\/categories?post=3898"},{"taxonomy":"post_tag","embeddable":true,"href":"https:\/\/mx-bretagne.com\/mxb\/wp-json\/wp\/v2\/tags?post=3898"}],"curies":[{"name":"wp","href":"https:\/\/api.w.org\/{rel}","templated":true}]}}