{"id":3237,"date":"2012-07-09T10:31:29","date_gmt":"2012-07-09T10:31:29","guid":{"rendered":"http:\/\/www.mx-bretagne.com\/mxb\/?p=3237"},"modified":"2022-03-10T13:21:59","modified_gmt":"2022-03-10T12:21:59","slug":"photos-inter-iffendic","status":"publish","type":"post","link":"https:\/\/mx-bretagne.com\/mxb\/photos-inter-iffendic","title":{"rendered":"PHOTOS: Inter Iffendic"},"content":{"rendered":"<p><img decoding=\"async\" loading=\"lazy\" class=\"aligncenter size-full wp-image-3238\" title=\"photointer\" src=\"http:\/\/www.mx-bretagne.com\/mxb\/wp-content\/uploads\/2012\/07\/photointer.jpg\" alt=\"\" width=\"650\" height=\"366\" srcset=\"https:\/\/mx-bretagne.com\/mxb\/wp-content\/uploads\/2012\/07\/photointer.jpg 650w, https:\/\/mx-bretagne.com\/mxb\/wp-content\/uploads\/2012\/07\/photointer-300x168.jpg 300w\" sizes=\"(max-width: 650px) 100vw, 650px\" \/><\/p>\n<p>&nbsp;<\/p>\n<p style=\"text-align: justify;\"><strong>Retour photos sur les leaders de la cat\u00e9gories Inter du motocross d&rsquo;Iffendic.<\/strong><\/p>\n<p style=\"text-align: justify;\"><!--more--><\/p>\n<p>&nbsp;<\/p>\n\r\n<div class=\"ngg-galleryoverview\" id=\"ngg-gallery-25-3237\">\r\n\r\n\r\n\t\r\n\t<!-- Thumbnails -->\r\n\t\t\r\n\t<div id=\"ngg-image-331\" class=\"ngg-gallery-thumbnail-box\"  >\r\n\t\t<div class=\"ngg-gallery-thumbnail\" >\r\n\t\t\t<a href=\"https:\/\/mx-bretagne.com\/mxb\/wp-content\/gallery\/iffendic_inter_2012\/aranda.jpg\" title=\"Pour son retour, Greg Aranda n'a pas pris trop de risques mais a fait de belles choses. (5\/3\/4)\" class='ngg_lightbox' >\r\n\t\t\t\t\t\t\t\t<img title=\"aranda\" alt=\"aranda\" src=\"https:\/\/mx-bretagne.com\/mxb\/wp-content\/gallery\/iffendic_inter_2012\/thumbs\/thumbs_aranda.jpg\" width=\"135\" height=\"105\" \/>\r\n\t\t\t\t\t\t\t<\/a>\r\n\t\t<\/div>\r\n\t<\/div>\r\n\t\r\n\t\t\r\n \t\t\r\n\t<div id=\"ngg-image-332\" class=\"ngg-gallery-thumbnail-box\"  >\r\n\t\t<div class=\"ngg-gallery-thumbnail\" >\r\n\t\t\t<a href=\"https:\/\/mx-bretagne.com\/mxb\/wp-content\/gallery\/iffendic_inter_2012\/boissiere.jpg\" title=\"Anthony Boissi\u00e8re avait le bon rythme \u00e0 Iffendic. Avec de meilleurs d\u00e9parts, il aurait pu esp\u00e9rer encore mieux. (6\/4\/5)\" class='ngg_lightbox' >\r\n\t\t\t\t\t\t\t\t<img title=\"boissiere\" alt=\"boissiere\" src=\"https:\/\/mx-bretagne.com\/mxb\/wp-content\/gallery\/iffendic_inter_2012\/thumbs\/thumbs_boissiere.jpg\" width=\"135\" height=\"105\" \/>\r\n\t\t\t\t\t\t\t<\/a>\r\n\t\t<\/div>\r\n\t<\/div>\r\n\t\r\n\t\t\r\n \t\t\r\n\t<div id=\"ngg-image-333\" class=\"ngg-gallery-thumbnail-box\"  >\r\n\t\t<div class=\"ngg-gallery-thumbnail\" >\r\n\t\t\t<a href=\"https:\/\/mx-bretagne.com\/mxb\/wp-content\/gallery\/iffendic_inter_2012\/charles.jpg\" title=\"Charles Lefran\u00e7ois s'est fait remarquer par ses 3 holeshots et a tenter de prendre la cadence des pilotes &quot;G.P&quot;. (10\/7\/10)\" class='ngg_lightbox' >\r\n\t\t\t\t\t\t\t\t<img title=\"charles\" alt=\"charles\" src=\"https:\/\/mx-bretagne.com\/mxb\/wp-content\/gallery\/iffendic_inter_2012\/thumbs\/thumbs_charles.jpg\" width=\"135\" height=\"105\" \/>\r\n\t\t\t\t\t\t\t<\/a>\r\n\t\t<\/div>\r\n\t<\/div>\r\n\t\r\n\t\t\r\n \t\t\r\n\t<div id=\"ngg-image-334\" class=\"ngg-gallery-thumbnail-box\"  >\r\n\t\t<div class=\"ngg-gallery-thumbnail\" >\r\n\t\t\t<a href=\"https:\/\/mx-bretagne.com\/mxb\/wp-content\/gallery\/iffendic_inter_2012\/clermont.jpg\" title=\"Jason Clermont a d\u00e9montr\u00e9 de belles choses avec des bons d\u00e9parts et un rythme impressionnant face \u00e0 des pilotes logiquement plus rapides. C'est notre meilleur breton malgr\u00e9 une seconde manche loup\u00e9e. (7\/17\/6)\" class='ngg_lightbox' >\r\n\t\t\t\t\t\t\t\t<img title=\"clermont\" alt=\"clermont\" src=\"https:\/\/mx-bretagne.com\/mxb\/wp-content\/gallery\/iffendic_inter_2012\/thumbs\/thumbs_clermont.jpg\" width=\"135\" height=\"105\" \/>\r\n\t\t\t\t\t\t\t<\/a>\r\n\t\t<\/div>\r\n\t<\/div>\r\n\t\r\n\t\t\r\n \t\t\r\n\t<div id=\"ngg-image-335\" class=\"ngg-gallery-thumbnail-box\"  >\r\n\t\t<div class=\"ngg-gallery-thumbnail\" >\r\n\t\t\t<a href=\"https:\/\/mx-bretagne.com\/mxb\/wp-content\/gallery\/iffendic_inter_2012\/desprey.jpg\" title=\"Maxime Desprey avait un bon rythme sur la 450 KX-F. (9\/9\/dnf)\" class='ngg_lightbox' >\r\n\t\t\t\t\t\t\t\t<img title=\"desprey\" alt=\"desprey\" src=\"https:\/\/mx-bretagne.com\/mxb\/wp-content\/gallery\/iffendic_inter_2012\/thumbs\/thumbs_desprey.jpg\" width=\"135\" height=\"105\" \/>\r\n\t\t\t\t\t\t\t<\/a>\r\n\t\t<\/div>\r\n\t<\/div>\r\n\t\r\n\t\t\r\n \t\t\r\n\t<div id=\"ngg-image-336\" class=\"ngg-gallery-thumbnail-box\"  >\r\n\t\t<div class=\"ngg-gallery-thumbnail\" >\r\n\t\t\t<a href=\"https:\/\/mx-bretagne.com\/mxb\/wp-content\/gallery\/iffendic_inter_2012\/ferrandis.jpg\" title=\"Dylan Ferrandis a fait vibrer le public en seconde manche en tenant face un David Guarneri tr\u00e8s menan\u00e7ant. C'est sa 1\u00e8re victoire sur une 450 \u00e0 17 ans seulement !\" class='ngg_lightbox' >\r\n\t\t\t\t\t\t\t\t<img title=\"ferrandis\" alt=\"ferrandis\" src=\"https:\/\/mx-bretagne.com\/mxb\/wp-content\/gallery\/iffendic_inter_2012\/thumbs\/thumbs_ferrandis.jpg\" width=\"135\" height=\"105\" \/>\r\n\t\t\t\t\t\t\t<\/a>\r\n\t\t<\/div>\r\n\t<\/div>\r\n\t\r\n\t\t\r\n \t\t\r\n\t<div id=\"ngg-image-337\" class=\"ngg-gallery-thumbnail-box\"  >\r\n\t\t<div class=\"ngg-gallery-thumbnail\" >\r\n\t\t\t<a href=\"https:\/\/mx-bretagne.com\/mxb\/wp-content\/gallery\/iffendic_inter_2012\/guarneri.jpg\" title=\"L'italien David Guarneri s'impose au g\u00e9n\u00e9ral sans avoir gagner de manche. La r\u00e9gularit\u00e9 a pay\u00e9 pour l'officiel KTM Silver Action. (3\/2\/2)\" class='ngg_lightbox' >\r\n\t\t\t\t\t\t\t\t<img title=\"guarneri\" alt=\"guarneri\" src=\"https:\/\/mx-bretagne.com\/mxb\/wp-content\/gallery\/iffendic_inter_2012\/thumbs\/thumbs_guarneri.jpg\" width=\"135\" height=\"105\" \/>\r\n\t\t\t\t\t\t\t<\/a>\r\n\t\t<\/div>\r\n\t<\/div>\r\n\t\r\n\t\t\r\n \t\t\r\n\t<div id=\"ngg-image-338\" class=\"ngg-gallery-thumbnail-box\"  >\r\n\t\t<div class=\"ngg-gallery-thumbnail\" >\r\n\t\t\t<a href=\"https:\/\/mx-bretagne.com\/mxb\/wp-content\/gallery\/iffendic_inter_2012\/simpson.jpg\" title=\"L'Ecossais Shaun Simpson \u00e9tait l'homme en forme de ce motocross d'Iffendic 2012. Malheureusement, un accrochage avec le finlandais Kovalaien ruinera ses espoirs de victoires. (1\/12\/1) \" class='ngg_lightbox' >\r\n\t\t\t\t\t\t\t\t<img title=\"simpson\" alt=\"simpson\" src=\"https:\/\/mx-bretagne.com\/mxb\/wp-content\/gallery\/iffendic_inter_2012\/thumbs\/thumbs_simpson.jpg\" width=\"135\" height=\"105\" \/>\r\n\t\t\t\t\t\t\t<\/a>\r\n\t\t<\/div>\r\n\t<\/div>\r\n\t\r\n\t\t\r\n \t\t\r\n\t<div id=\"ngg-image-339\" class=\"ngg-gallery-thumbnail-box\"  >\r\n\t\t<div class=\"ngg-gallery-thumbnail\" >\r\n\t\t\t<a href=\"https:\/\/mx-bretagne.com\/mxb\/wp-content\/gallery\/iffendic_inter_2012\/soub.jpg\" title=\"C\u00e9dric Soubeyras avait annonc\u00e9 la couleur le matin aux chronos avec la p\u00f4le mais les manches ne se sont pas aussi bien d\u00e9roul\u00e9es. (4\/6\/7)\" class='ngg_lightbox' >\r\n\t\t\t\t\t\t\t\t<img title=\"soub\" alt=\"soub\" src=\"https:\/\/mx-bretagne.com\/mxb\/wp-content\/gallery\/iffendic_inter_2012\/thumbs\/thumbs_soub.jpg\" width=\"135\" height=\"105\" \/>\r\n\t\t\t\t\t\t\t<\/a>\r\n\t\t<\/div>\r\n\t<\/div>\r\n\t\r\n\t\t\r\n \t\t\r\n\t<div id=\"ngg-image-340\" class=\"ngg-gallery-thumbnail-box\"  >\r\n\t\t<div class=\"ngg-gallery-thumbnail\" >\r\n\t\t\t<a href=\"https:\/\/mx-bretagne.com\/mxb\/wp-content\/gallery\/iffendic_inter_2012\/tixier.jpg\" title=\"L'officiel KTM Red Bull, Jordi Tixier, termine 1er MX2 avec notamment une superbe 3\u00e8me place en derni\u00e8re manche malgr\u00e9 les conditions m\u00e9t\u00e9o difficiles. (11\/5\/3)\" class='ngg_lightbox' >\r\n\t\t\t\t\t\t\t\t<img title=\"tixier\" alt=\"tixier\" src=\"https:\/\/mx-bretagne.com\/mxb\/wp-content\/gallery\/iffendic_inter_2012\/thumbs\/thumbs_tixier.jpg\" width=\"135\" height=\"105\" \/>\r\n\t\t\t\t\t\t\t<\/a>\r\n\t\t<\/div>\r\n\t<\/div>\r\n\t\r\n\t\t\r\n \t \t\r\n\t<!-- Pagination -->\r\n \t<div class='ngg-clear'><\/div>\n \t\r\n<\/div>\r\n\r\n\n<p>&nbsp;<\/p>\n","protected":false},"excerpt":{"rendered":"<p><\/p>\n","protected":false},"author":2,"featured_media":3238,"comment_status":"open","ping_status":"open","sticky":false,"template":"","format":"standard","meta":[],"categories":[10,2309,17],"tags":[473,66,393,26,68],"aioseo_notices":[],"_links":{"self":[{"href":"https:\/\/mx-bretagne.com\/mxb\/wp-json\/wp\/v2\/posts\/3237"}],"collection":[{"href":"https:\/\/mx-bretagne.com\/mxb\/wp-json\/wp\/v2\/posts"}],"about":[{"href":"https:\/\/mx-bretagne.com\/mxb\/wp-json\/wp\/v2\/types\/post"}],"author":[{"embeddable":true,"href":"https:\/\/mx-bretagne.com\/mxb\/wp-json\/wp\/v2\/users\/2"}],"replies":[{"embeddable":true,"href":"https:\/\/mx-bretagne.com\/mxb\/wp-json\/wp\/v2\/comments?post=3237"}],"version-history":[{"count":3,"href":"https:\/\/mx-bretagne.com\/mxb\/wp-json\/wp\/v2\/posts\/3237\/revisions"}],"predecessor-version":[{"id":18745,"href":"https:\/\/mx-bretagne.com\/mxb\/wp-json\/wp\/v2\/posts\/3237\/revisions\/18745"}],"wp:featuredmedia":[{"embeddable":true,"href":"https:\/\/mx-bretagne.com\/mxb\/wp-json\/wp\/v2\/media\/3238"}],"wp:attachment":[{"href":"https:\/\/mx-bretagne.com\/mxb\/wp-json\/wp\/v2\/media?parent=3237"}],"wp:term":[{"taxonomy":"category","embeddable":true,"href":"https:\/\/mx-bretagne.com\/mxb\/wp-json\/wp\/v2\/categories?post=3237"},{"taxonomy":"post_tag","embeddable":true,"href":"https:\/\/mx-bretagne.com\/mxb\/wp-json\/wp\/v2\/tags?post=3237"}],"curies":[{"name":"wp","href":"https:\/\/api.w.org\/{rel}","templated":true}]}}