{"id":2902,"date":"2012-06-11T19:15:51","date_gmt":"2012-06-11T19:15:51","guid":{"rendered":"http:\/\/www.mx-bretagne.com\/mxb\/?p=2902"},"modified":"2012-06-11T22:13:23","modified_gmt":"2012-06-11T22:13:23","slug":"report-ffm-martigne-ferchaud","status":"publish","type":"post","link":"https:\/\/mx-bretagne.com\/mxb\/report-ffm-martigne-ferchaud","title":{"rendered":"REPORT FFM: Martign\u00e9-Ferchaud"},"content":{"rendered":"<p style=\"text-align: justify;\"><img decoding=\"async\" loading=\"lazy\" class=\"aligncenter size-full wp-image-2908\" title=\"report\" src=\"http:\/\/www.mx-bretagne.com\/mxb\/wp-content\/uploads\/2012\/06\/report1.jpg\" alt=\"\" width=\"650\" height=\"366\" srcset=\"https:\/\/mx-bretagne.com\/mxb\/wp-content\/uploads\/2012\/06\/report1.jpg 650w, https:\/\/mx-bretagne.com\/mxb\/wp-content\/uploads\/2012\/06\/report1-300x168.jpg 300w\" sizes=\"(max-width: 650px) 100vw, 650px\" \/><\/p>\n<p style=\"text-align: justify;\">\u00a0<\/p>\n<p style=\"text-align: justify;\"><strong>Et oui, on garde le rythme en Bretagne les courses s\u2019encha\u00eenent ce qui conduit les pilotes \u00e0 devoir faire preuve d\u2019endurance et de r\u00e9gularit\u00e9. Lequel d&rsquo;entre-eux est-il le meilleur \u00e0 ce jeu l\u00e0 apr\u00e8s 8 \u00e9preuves sur 14 ? Une partie de la r\u00e9ponse \u00e0 Martign\u00e9-Ferchaud.<\/strong><\/p>\n<p style=\"text-align: justify;\"><!--more--><\/p>\n<p style=\"text-align: justify;\">\u00a0<\/p>\n<p style=\"text-align: justify;\">\u00a0<\/p>\n<p style=\"text-align: justify;\">\u00a0<\/p>\n<p style=\"text-align: justify;\"><span style=\"font-size: x-large; color: #3366ff;\"><strong>MX2: \u00a0La pression monte !<\/strong><\/span><\/p>\n<p style=\"text-align: justify;\">\u00a0<\/p>\n<div id=\"attachment_2907\" style=\"width: 610px\" class=\"wp-caption aligncenter\"><img aria-describedby=\"caption-attachment-2907\" decoding=\"async\" loading=\"lazy\" class=\"size-full wp-image-2907\" title=\"logiou\" src=\"http:\/\/www.mx-bretagne.com\/mxb\/wp-content\/uploads\/2012\/06\/logiou.jpg\" alt=\"\" width=\"600\" height=\"300\" srcset=\"https:\/\/mx-bretagne.com\/mxb\/wp-content\/uploads\/2012\/06\/logiou.jpg 600w, https:\/\/mx-bretagne.com\/mxb\/wp-content\/uploads\/2012\/06\/logiou-300x150.jpg 300w\" sizes=\"(max-width: 600px) 100vw, 600px\" \/><p id=\"caption-attachment-2907\" class=\"wp-caption-text\">Aur\u00e9lien Logiou (606) aura du se m\u00e9fier de Killian Chastel (38) pendant les 25 minutes de la 1\u00e8re manche MX2.<\/p><\/div>\n<p style=\"text-align: justify;\"><span style=\"font-size: small;\"><strong>Le duel Logiou\/Chastel<\/strong><br \/>Lors de la premi\u00e8re manche on a assist\u00e9 \u00e0 un bon d\u00e9part de tous les favoris pour la victoire. On regrette seulement l\u2019absence de Jean-Baptiste Br\u00e9cheteau. Aur\u00e9lien Logiou a imprim\u00e9 un rythme tr\u00e8s soutenu en d\u00e9but de manche sans pour autant distancer ses adversaires. Killian Chastel est rest\u00e9 mena\u00e7ant toute la manche. Valentin Thac\u00e9 sera le premier \u00e0 aller \u00e0 la faute. Il terminera finalement 5\u00e8me juste derri\u00e8re Jocelyn Canevet. Pierre Cohas est bien revenu apr\u00e8s un d\u00e9part moyen. La vitesse est l\u00e0, c\u2019est incontestable. Julien Cabioch passe la ligne en 7\u00e8me position apr\u00e8s une manche solide devant Antoine Bachelard.<\/span><\/p>\n<p style=\"text-align: justify;\"><strong><span style=\"font-size: x-small;\">1\u00e8re manche MX2\u00a0: 1. Aur\u00e9lien Logiou 2. Killian Chastel 3. Pierre Cohas<\/span><\/strong><\/p>\n<p style=\"text-align: justify;\"><strong><span style=\"font-size: x-small;\">Aur\u00e9lien Logiou\u00a0: 1, 50 757 ;\u00a0<\/span><span style=\"font-size: x-small;\">Pierre Cohas\u00a0: 1, 50\u00a0716<\/span><\/strong><\/p>\n<p style=\"text-align: justify;\">\u00a0<\/p>\n<div id=\"attachment_2905\" style=\"width: 610px\" class=\"wp-caption aligncenter\"><img aria-describedby=\"caption-attachment-2905\" decoding=\"async\" loading=\"lazy\" class=\"size-full wp-image-2905\" title=\"cohas\" src=\"http:\/\/www.mx-bretagne.com\/mxb\/wp-content\/uploads\/2012\/06\/cohas.jpg\" alt=\"\" width=\"600\" height=\"300\" srcset=\"https:\/\/mx-bretagne.com\/mxb\/wp-content\/uploads\/2012\/06\/cohas.jpg 600w, https:\/\/mx-bretagne.com\/mxb\/wp-content\/uploads\/2012\/06\/cohas-300x150.jpg 300w\" sizes=\"(max-width: 600px) 100vw, 600px\" \/><p id=\"caption-attachment-2905\" class=\"wp-caption-text\">Pierre Cohas repart de Martign\u00e9 avec une victoire de manche pour sa 1\u00e8re apparition en MX2 Bretagne cette ann\u00e9e, National MX2 oblige.<\/p><\/div>\n<p style=\"text-align: justify;\"><span style=\"font-size: small;\"><strong>Rythme National MX2<\/strong><br \/>Pierre Cohas signe le holeshot de la seconde manche. Pierre a su gard\u00e9 un petit avantage pour remporter une victoire m\u00e9rit\u00e9e dans un pilotage propre et coul\u00e9. Souhaitons-lui autant de r\u00e9ussite lors du National MX2. Derri\u00e8re Valentin Thac\u00e9 prend la deuxi\u00e8me place malgr\u00e9 les attaques d\u2019Aur\u00e9lien Logiou. Moins de chance pour Killian Chastel qui a d\u00fb lutter pour revenir 4\u00e8me apr\u00e8s avoir loup\u00e9 son d\u00e9part. Hugues Rio cl\u00f4ture le top 5 et confirme sa bonne performance de Vieux Vy. Laurent Diascorn est l\u2019auteur d\u2019un beau d\u00e9but de manche avant de faiblir, dommage. Aymeric Ropars s\u2019est fait une grosse chaleur en sautant \u00e0 c\u00f4t\u00e9 d\u2019une table mais il termine tout de m\u00eame 11\u00e8me. R\u00e9my Mordret a fait son retour m\u00eame si \u00e7a a \u00e9t\u00e9 comliqu\u00e9. Antoine Bachelard a lui abandonn\u00e9 dans cette manche.<\/span><\/p>\n<p style=\"text-align: justify;\"><span style=\"font-size: x-small;\"><strong>2\u00e8me manche MX2\u00a0: 1. Pierre Cohas 2. Valentin Thac\u00e9 3. Aur\u00e9lien Logiou<\/strong><\/span><\/p>\n<p style=\"text-align: justify;\"><span style=\"font-size: x-small;\"><strong>Pierre Cohas\u00a0: 1, 51\u00a0733 ;\u00a0<\/strong><\/span><strong style=\"font-size: x-small;\">Aur\u00e9lien Logiou\u00a0: 1, 52 903<\/strong><\/p>\n<p style=\"text-align: justify;\">\u00a0<\/p>\n<hr \/>\n<p style=\"text-align: justify;\">\u00a0<\/p>\n<p style=\"text-align: justify;\">\u00a0<\/p>\n<p style=\"text-align: justify;\"><strong><span style=\"font-size: x-large; color: #3366ff;\">\u00a0MX1: Emery incontestable !<\/span><\/strong><\/p>\n<p style=\"text-align: justify;\">\u00a0<\/p>\n<div id=\"attachment_2906\" style=\"width: 610px\" class=\"wp-caption aligncenter\"><img aria-describedby=\"caption-attachment-2906\" decoding=\"async\" loading=\"lazy\" class=\"size-full wp-image-2906\" title=\"emerey\" src=\"http:\/\/www.mx-bretagne.com\/mxb\/wp-content\/uploads\/2012\/06\/emerey.jpg\" alt=\"\" width=\"600\" height=\"300\" srcset=\"https:\/\/mx-bretagne.com\/mxb\/wp-content\/uploads\/2012\/06\/emerey.jpg 600w, https:\/\/mx-bretagne.com\/mxb\/wp-content\/uploads\/2012\/06\/emerey-300x150.jpg 300w\" sizes=\"(max-width: 600px) 100vw, 600px\" \/><p id=\"caption-attachment-2906\" class=\"wp-caption-text\">Maxime Emery encha\u00eene victoire apr\u00e8s victoire !<\/p><\/div>\n<p style=\"text-align: justify;\"><span style=\"font-size: small;\"><strong>Max revient de loin<\/strong><br \/>Bon d\u00e9part d&rsquo;Hugo Noblet devant Alexandre Lefran\u00e7ois (actuel leader du Chpt de France National MX1) et Franck Grassin en 1\u00e8re manche. Maxime Emery \u00e9tait alors aux portes du top 10. Alexandre Lefran\u00e7ois reprenait la moto apr\u00e8s une petite pause afin de garder la gniac pour le championnat de France National. Il a fait quelques tours en t\u00eate et a assur\u00e9 sa seconde place apr\u00e8s un retour canon de Maxime Emery. Derri\u00e8re les deux leaders on retrouve le clan des bleus avec Noblet et Grassin<\/span><\/p>\n<p style=\"text-align: justify;\"><span style=\"font-size: x-small;\"><strong>1\u00e8re manche MX1\u00a0: 1. Maxime Emery 2. Alexandre Lefran\u00e7ois 3. Hugo Noblet<\/strong><\/span><\/p>\n<p style=\"text-align: justify;\">\u00a0<\/p>\n<div id=\"attachment_2903\" style=\"width: 610px\" class=\"wp-caption aligncenter\"><img aria-describedby=\"caption-attachment-2903\" decoding=\"async\" loading=\"lazy\" class=\"size-full wp-image-2903\" title=\"alex\" src=\"http:\/\/www.mx-bretagne.com\/mxb\/wp-content\/uploads\/2012\/06\/alex.jpg\" alt=\"\" width=\"600\" height=\"300\" srcset=\"https:\/\/mx-bretagne.com\/mxb\/wp-content\/uploads\/2012\/06\/alex.jpg 600w, https:\/\/mx-bretagne.com\/mxb\/wp-content\/uploads\/2012\/06\/alex-300x150.jpg 300w\" sizes=\"(max-width: 600px) 100vw, 600px\" \/><p id=\"caption-attachment-2903\" class=\"wp-caption-text\">Apr\u00e8s avoir fait la p\u00f4le le matin, Alexandre Lefran\u00e7ois s&#39;est &quot;content\u00e9&quot; de 3 deuxi\u00e8mes places.<\/p><\/div>\n<p style=\"text-align: justify;\"><span style=\"font-size: small;\"><strong>Un sc\u00e9nario connu<\/strong><br \/>Comme en premi\u00e8re manche Hugo Noblet a r\u00e9ussi une belle envol\u00e9e malheureusement cette fois il est all\u00e9 au tapis dans le premier virage, sans gravit\u00e9 heureusement. Apr\u00e8s avoir retrouv\u00e9 tous ses esprits il a fait une remont\u00e9e solide jusqu\u2019en 6\u00e8me position. Super d\u00e9part de David Launay 5\u00e8me ce qui lui permet de terminer \u00e0 une belle 12\u00e8me place. Il pouvait esp\u00e9rer mieux sans un probl\u00e8me de frein avant. Alexandre Modret r\u00e9alise sa plus belle manche en terminant 5\u00e8me. En t\u00eate Maxime Emery a tenu ses adversaires \u00e0 distance. Franck Grassin toujours constant termine pas tr\u00e8s loin d\u2019Alexandre Lefran\u00e7ois. Abandon de S\u00e9bastien Rab\u00e9 apr\u00e8s une grosse chute, dommage\u00a0! Seulement 7 pilotes terminent dans le m\u00eame tour impressionnant.<\/span><\/p>\n<p style=\"text-align: justify;\"><span style=\"font-size: x-small;\"><strong>2\u00e8me manche MX1\u00a0: 1. Maxime Emery 2. Alexandre Lefran\u00e7ois 3. Franck Grassin<\/strong><\/span><\/p>\n<p style=\"text-align: justify;\"><span style=\"font-size: x-small;\"><strong>Franck Grassin\u00a0: 1, 53\u00a0651<\/strong><\/span><\/p>\n<p style=\"text-align: justify;\">\u00a0<\/p>\n<p style=\"text-align: justify;\">\u00a0<\/p>\n<p style=\"text-align: justify;\">\u00a0<\/p>\n<p style=\"text-align: justify;\"><span style=\"font-size: x-large; color: #3366ff;\"><strong>SUPERFINALE<\/strong><\/span><\/p>\n<p style=\"text-align: justify;\">\u00a0<\/p>\n<div id=\"attachment_2909\" style=\"width: 610px\" class=\"wp-caption aligncenter\"><img aria-describedby=\"caption-attachment-2909\" decoding=\"async\" loading=\"lazy\" class=\"size-full wp-image-2909\" title=\"finale\" src=\"http:\/\/www.mx-bretagne.com\/mxb\/wp-content\/uploads\/2012\/06\/finale.jpg\" alt=\"\" width=\"600\" height=\"300\" srcset=\"https:\/\/mx-bretagne.com\/mxb\/wp-content\/uploads\/2012\/06\/finale.jpg 600w, https:\/\/mx-bretagne.com\/mxb\/wp-content\/uploads\/2012\/06\/finale-300x150.jpg 300w\" sizes=\"(max-width: 600px) 100vw, 600px\" \/><p id=\"caption-attachment-2909\" class=\"wp-caption-text\">D\u00e9part de la Superfinale, Maxime Emery est d\u00e9j\u00e0 devant alors que \u00e7a se bouscule derri\u00e8re.<\/p><\/div>\n<p style=\"text-align: justify;\"><span style=\"font-size: small;\">Maxime Emery sera le plus rapide au d\u00e9part. On pensait bien voir Alexandre Lefran\u00e7ois prendre le dessus mais l\u2019averse du d\u00e9but de course a d\u00fb refroidir ses ardeurs et ne pas prendre de risques inutiles. Il va devoir tout donner dimanche prochain \u00e0 Is sur Tille pour le National MX1. Hugo Noblet termine 3\u00e8me. Derri\u00e8re les MX2 ont fait le spectacle. Pierre Cohas 4\u00e8me (il vous donne rendez-vous dimanche \u00e0 Lieoux pour le National MX2) devant Aur\u00e9lien Logiou. Aur\u00e9lien a eu sa revanche face a Valentin Thac\u00e9 (5\u00e8me) dans les toutes derni\u00e8res boucles. Killian Chastel finit 6\u00e8me et Romain Pape abandonne. Victime de la m\u00eame erreur qu\u2019Aymeric Ropars avec en plus les filets orange dans la roue arri\u00e8re ce qu\u2019il l\u2019a contraint \u00e0 l\u2019abandon.<\/span><\/p>\n<p style=\"text-align: justify;\"><span style=\"font-size: x-small;\"><strong>Superfinale MX1\/ MX2\u00a0: 1. Maxime Emery 2. Alexandre Lefran\u00e7ois 3. Hugo Noblet<\/strong><\/span><\/p>\n<p style=\"text-align: justify;\"><span style=\"font-size: x-small;\"><strong>Aur\u00e9lien Logiou\u00a0: 1, 59\u00a0341 ;\u00a0Maxime Emery 1, 57\u00a0038<\/strong><\/span><\/p>\n<p style=\"text-align: justify;\">\u00a0<\/p>\n<hr \/>\n<p style=\"text-align: justify;\">\u00a0<\/p>\n<p style=\"text-align: justify;\"><span style=\"font-size: x-large; color: #3366ff;\"><strong>CRITERIUM<\/strong><\/span><\/p>\n<p style=\"text-align: justify;\">\u00a0<\/p>\n<p style=\"text-align: justify;\"><img decoding=\"async\" loading=\"lazy\" class=\"aligncenter size-full wp-image-2910\" title=\"178\" src=\"http:\/\/www.mx-bretagne.com\/mxb\/wp-content\/uploads\/2012\/06\/178.jpg\" alt=\"\" width=\"600\" height=\"300\" srcset=\"https:\/\/mx-bretagne.com\/mxb\/wp-content\/uploads\/2012\/06\/178.jpg 600w, https:\/\/mx-bretagne.com\/mxb\/wp-content\/uploads\/2012\/06\/178-300x150.jpg 300w\" sizes=\"(max-width: 600px) 100vw, 600px\" \/><\/p>\n<p style=\"text-align: justify;\"><span style=\"font-size: small;\">Manche sans probl\u00e8me pour Thomas Sagorin qui s\u2019impose \u00e0 Anthony Bourges et Quentin Guehl. Quentin a fait une belle fin de manche apr\u00e8s avoir d\u00e9bord\u00e9 Johann Letestu-Etesse et Joris Besnard qui \u00e9tait pourtant solide 3\u00e8me.<\/span><\/p>\n<p style=\"text-align: justify;\"><span style=\"font-size: x-small;\"><strong>1\u00e8re manche Crit\u00e9rium\u00a0: 1. Thomas Sagorin 2. Anthony Bourges 3. Quentin Guehl<\/strong><\/span><\/p>\n<p style=\"text-align: justify;\"><span style=\"font-size: x-small;\"><strong>Thomas Sagorin\u00a0: 2, 09\u00a0364<\/strong><\/span><\/p>\n<p style=\"text-align: justify;\">\u00a0<\/p>\n<p style=\"text-align: justify;\"><span style=\"font-size: small;\">En seconde manche Thomas Flatres n\u2019a pas laiss\u00e9 plan\u00e9 le doute bien longtemps puisqu\u2019il est parti en t\u00eate et n\u2019a jamais \u00e9t\u00e9 rejoins. Anthony Bourges assure la victoire en g\u00e9n\u00e9rale devant Benjamin Bouan toujours aussi constant. De la 6\u00e8me \u00e0 la 9\u00e8me place 4 pilotes ont fait chauff\u00e9 les cylindres \u00e0 trous de leurs KTM avec dans l\u2019ordre Tomas Sagorin devant Mathieu Moquet, Micka\u00ebl Villalard et S\u00e9bastien Launay.<\/span><\/p>\n<p style=\"text-align: justify;\"><span style=\"font-size: x-small;\"><strong>2\u00e8me manche Crit\u00e9rium 1. Thomas Flatres 2. Anthony Bourges 3. Benjamin Bouan<\/strong><\/span><\/p>\n<p style=\"text-align: justify;\"><span style=\"font-size: x-small;\"><strong>Thomas Flatres\u00a0: 2, 05\u00a0090 ;\u00a0Anthony Bourges\u00a0: 2, 07 200<\/strong><\/span><\/p>\n<p style=\"text-align: justify;\">\u00a0<\/p>\n<p>Rendez-vous \u00e0 Guisseny dimanche prochain pour les pilotes Bretons.<\/p>\n<p style=\"text-align: justify;\">\u00a0<\/p>\n<hr \/>\n<p><span style=\"font-size: x-large; color: #3366ff;\"><strong>CLIN D&rsquo;OEIL<\/strong><\/span><\/p>\n<p>&nbsp;<\/p>\n<div id=\"attachment_2904\" style=\"width: 610px\" class=\"wp-caption aligncenter\"><img aria-describedby=\"caption-attachment-2904\" decoding=\"async\" loading=\"lazy\" class=\"size-full wp-image-2904\" title=\"clin\" src=\"http:\/\/www.mx-bretagne.com\/mxb\/wp-content\/uploads\/2012\/06\/clin.jpg\" alt=\"\" width=\"600\" height=\"300\" srcset=\"https:\/\/mx-bretagne.com\/mxb\/wp-content\/uploads\/2012\/06\/clin.jpg 600w, https:\/\/mx-bretagne.com\/mxb\/wp-content\/uploads\/2012\/06\/clin-300x150.jpg 300w\" sizes=\"(max-width: 600px) 100vw, 600px\" \/><p id=\"caption-attachment-2904\" class=\"wp-caption-text\">On est parfois heureux de le voir, parfois d\u00e9\u00e7u, sans lui les courses ne s&#39;arr\u00eateraient jamais: le drapeau \u00e0 damier !<\/p><\/div>\n<p>&nbsp;<\/p>\n","protected":false},"excerpt":{"rendered":"<p><\/p>\n","protected":false},"author":2,"featured_media":2908,"comment_status":"open","ping_status":"open","sticky":false,"template":"","format":"standard","meta":[],"categories":[7,17],"tags":[83,39,408,26,361,315],"aioseo_notices":[],"_links":{"self":[{"href":"https:\/\/mx-bretagne.com\/mxb\/wp-json\/wp\/v2\/posts\/2902"}],"collection":[{"href":"https:\/\/mx-bretagne.com\/mxb\/wp-json\/wp\/v2\/posts"}],"about":[{"href":"https:\/\/mx-bretagne.com\/mxb\/wp-json\/wp\/v2\/types\/post"}],"author":[{"embeddable":true,"href":"https:\/\/mx-bretagne.com\/mxb\/wp-json\/wp\/v2\/users\/2"}],"replies":[{"embeddable":true,"href":"https:\/\/mx-bretagne.com\/mxb\/wp-json\/wp\/v2\/comments?post=2902"}],"version-history":[{"count":6,"href":"https:\/\/mx-bretagne.com\/mxb\/wp-json\/wp\/v2\/posts\/2902\/revisions"}],"predecessor-version":[{"id":2932,"href":"https:\/\/mx-bretagne.com\/mxb\/wp-json\/wp\/v2\/posts\/2902\/revisions\/2932"}],"wp:featuredmedia":[{"embeddable":true,"href":"https:\/\/mx-bretagne.com\/mxb\/wp-json\/wp\/v2\/media\/2908"}],"wp:attachment":[{"href":"https:\/\/mx-bretagne.com\/mxb\/wp-json\/wp\/v2\/media?parent=2902"}],"wp:term":[{"taxonomy":"category","embeddable":true,"href":"https:\/\/mx-bretagne.com\/mxb\/wp-json\/wp\/v2\/categories?post=2902"},{"taxonomy":"post_tag","embeddable":true,"href":"https:\/\/mx-bretagne.com\/mxb\/wp-json\/wp\/v2\/tags?post=2902"}],"curies":[{"name":"wp","href":"https:\/\/api.w.org\/{rel}","templated":true}]}}