{"id":2780,"date":"2012-05-29T19:15:29","date_gmt":"2012-05-29T19:15:29","guid":{"rendered":"http:\/\/www.mx-bretagne.com\/mxb\/?p=2780"},"modified":"2012-05-29T19:15:29","modified_gmt":"2012-05-29T19:15:29","slug":"report-ffm-plounerin","status":"publish","type":"post","link":"https:\/\/mx-bretagne.com\/mxb\/report-ffm-plounerin","title":{"rendered":"REPORT FFM: Ploun\u00e9rin"},"content":{"rendered":"<p>\u00a0<img decoding=\"async\" loading=\"lazy\" class=\"aligncenter size-full wp-image-2783\" title=\"plounerin\" src=\"http:\/\/www.mx-bretagne.com\/mxb\/wp-content\/uploads\/2012\/05\/plounerin.jpg\" alt=\"\" width=\"650\" height=\"366\" srcset=\"https:\/\/mx-bretagne.com\/mxb\/wp-content\/uploads\/2012\/05\/plounerin.jpg 650w, https:\/\/mx-bretagne.com\/mxb\/wp-content\/uploads\/2012\/05\/plounerin-300x168.jpg 300w\" sizes=\"(max-width: 650px) 100vw, 650px\" \/><\/p>\n<p>&nbsp;<\/p>\n<p style=\"text-align: justify;\"><strong>Retour sur la 6\u00e8me \u00e9preuve du Championnat de Bretagne de Motocross, sur le magnifique circuit de Ploun\u00e9rin. Si les leaders sont s\u00e9rieusement install\u00e9s, \u00e7a se frotte pour les accessits aux podiums.\u00a0<\/strong><\/p>\n<p style=\"text-align: justify;\"><!--more--><\/p>\n<p>&nbsp;<\/p>\n<p>&nbsp;<\/p>\n<p><span style=\"font-size: x-large; color: #3366ff;\"><strong>MX2: Le doubl\u00e9 pour Aur\u00e9lien !<\/strong><\/span><\/p>\n<p>&nbsp;<\/p>\n<p style=\"text-align: justify;\"><span style=\"font-size: small;\">\u00a0Nouveau doubl\u00e9 pour Aur\u00e9lien Logiou qui accentue son avance au championnat. Il semble \u00eatre tr\u00e8s bien lanc\u00e9 alors que l&rsquo;on approche de la moiti\u00e9 de saison.\u00a0<\/span><\/p>\n<p style=\"text-align: justify;\">\u00a0<\/p>\n<table border=\"0\">\n<tbody>\n<tr>\n<td><span style=\"font-size: medium; color: #3366ff;\"><strong>1\u00e8re manche<\/strong><\/span><\/td>\n<td><span style=\"font-size: medium; color: #3366ff;\"><strong>2\u00e8me manche<\/strong><\/span><\/td>\n<td><span style=\"font-size: medium; color: #3366ff;\"><strong>Provisoire 6\/14<\/strong><\/span><\/td>\n<\/tr>\n<tr>\n<td>\n<p><span style=\"font-size: x-small;\">1 606 LOGIOU AURELIEN\u00a0<\/span><\/p>\n<p><span style=\"font-size: x-small;\">2 160 THACE VALENTIN<\/span><\/p>\n<p><span style=\"font-size: x-small;\">3 252 BRECHETEAU JEAN-B\u2026<\/span><\/p>\n<p><span style=\"font-size: x-small;\">4 38 CHASTEL KILLIAN\u00a0<\/span><\/p>\n<p><span style=\"font-size: x-small;\">5 78 CUEFF PIERRE-OLIVIER\u00a0<\/span><\/p>\n<p><span style=\"font-size: x-small;\">6 444 PAPE ROMAIN\u00a0<\/span><\/p>\n<p><span style=\"font-size: x-small;\">7 428 BACHELARD ANTOINE\u00a0<\/span><\/p>\n<p><span style=\"font-size: x-small;\">8 270 ROPARS AYMERIC\u00a0<\/span><\/p>\n<p><span style=\"font-size: x-small;\">9 86 GAUTIER CEDRICK\u00a0<\/span><\/p>\n<p><span style=\"font-size: x-small;\">10 40 MORICE HOWARD<\/span><\/p>\n<\/td>\n<td>\n<p><span style=\"font-size: x-small;\">1 606 LOGIOU AURELIEN<\/span><\/p>\n<p><span style=\"font-size: x-small;\">2 252 BRECHETEAU JEAN-B\u2026\u00a0<\/span><\/p>\n<p><span style=\"font-size: x-small;\">3 160 THACE VALENTIN\u00a0<\/span><\/p>\n<p><span style=\"font-size: x-small;\">4 444 PAPE ROMAIN\u00a0<\/span><\/p>\n<p><span style=\"font-size: x-small;\">5 38 CHASTEL KILLIAN\u00a0<\/span><\/p>\n<p><span style=\"font-size: x-small;\">6 212 CABIOCH JULIEN\u00a0<\/span><\/p>\n<p><span style=\"font-size: x-small;\">7 270 ROPARS AYMERIC<\/span><\/p>\n<p><span style=\"font-size: x-small;\">8 78 CUEFF PIERRE-OLIVIER\u00a0<\/span><\/p>\n<p><span style=\"font-size: x-small;\">9 428 BACHELARD ANTOINE\u00a0<\/span><\/p>\n<p><span style=\"font-size: x-small;\">10 40 MORICE HOWARD<\/span><\/p>\n<\/td>\n<td>\n<p><span style=\"font-size: x-small;\">1 606 LOGIOU AURELIEN \u00a0383<\/span><\/p>\n<p><span style=\"font-size: x-small;\">2 252 BRECHETEAU JEAN-BAPTISTE 312<\/span><\/p>\n<p><span style=\"font-size: x-small;\">3 160 THACE VALENTIN \u00a0294<\/span><\/p>\n<p><span style=\"font-size: x-small;\">4 38 CHASTEL KILLIAN \u00a0291<\/span><\/p>\n<p><span style=\"font-size: x-small;\">5 444 PAPE ROMAIN 220<\/span><\/p>\n<p><span style=\"font-size: x-small;\">6 270 ROPARS AYMERIC \u00a0196<\/span><\/p>\n<p><span style=\"font-size: x-small;\">7 216 RIO HUGUES 183<\/span><\/p>\n<p><span style=\"font-size: x-small;\">8 212 CABIOCH JULIEN 157<\/span><\/p>\n<p><span style=\"font-size: x-small;\">9 40 MORICE HOWARD \u00a0154<\/span><\/p>\n<p><span style=\"font-size: x-small;\">10 86 GAUTIER CEDRICK \u00a0126<\/span><\/p>\n<\/td>\n<\/tr>\n<\/tbody>\n<\/table>\n<p><a href=\"http:\/\/www.ligue-moto-bretagne.com\/spip.php?article977\" target=\"_blank\">R\u00e9sultats complets par la Ligue<\/a><\/p>\n<p>&nbsp;<\/p>\n<p>&nbsp;<\/p>\n<hr \/>\n<p>&nbsp;<\/p>\n<p>&nbsp;<\/p>\n<p><span style=\"font-size: x-large; color: #3366ff;\"><strong>MX1: Le rouleau compresseur !<\/strong><\/span><\/p>\n<p>&nbsp;<\/p>\n<p style=\"text-align: justify;\"><span style=\"font-size: small;\">\u00a0M\u00eame topo du c\u00f4t\u00e9 des gros bras puisque Maxime Emery s&rsquo;impose dans les deux manches. Avec 91 points d&rsquo;avance sur Hugo Noblet soit presque 4 manches, il peut voir venir sereinement. Lyvio Ramassamy et J\u00e9r\u00f4me Botherel \u00e9taient absent. J\u00e9r\u00f4me s&rsquo;\u00e9tait d\u00e9bo\u00eet\u00e9 les deux \u00e9paules (!) la semaine pr\u00e9c\u00e9dente.<\/span><\/p>\n<p style=\"text-align: justify;\">\u00a0<\/p>\n<table border=\"0\">\n<tbody>\n<tr>\n<td><span style=\"font-size: medium; color: #3366ff;\"><strong>1\u00e8re manche<\/strong><\/span><\/td>\n<td><span style=\"font-size: medium; color: #3366ff;\"><strong>2\u00e8me manche<\/strong><\/span><\/td>\n<td><span style=\"font-size: medium; color: #3366ff;\"><strong>Provisoire 6\/14<\/strong><\/span><\/td>\n<td><strong><br \/><\/strong><\/td>\n<\/tr>\n<tr>\n<td>\n<p><span style=\"font-size: x-small;\">1 1 EMERY MAXIME\u00a0<\/span><\/p>\n<p><span style=\"font-size: x-small;\">2 585 NOBLET HUGO<\/span><\/p>\n<p><span style=\"font-size: x-small;\">3 61 GRASSIN FRANCK<\/span><\/p>\n<p><span style=\"font-size: x-small;\">4 967 HUC BASTIEN<\/span><\/p>\n<p><span style=\"font-size: x-small;\">5 149 RABE SEBASTIEN\u00a0<\/span><\/p>\n<p><span style=\"font-size: x-small;\">6 19 DROUAULT JULIEN\u00a0<\/span><\/p>\n<p><span style=\"font-size: x-small;\">7 321 TRAVERT GUILLAUME<\/span><\/p>\n<p><span style=\"font-size: x-small;\">8 85 LERAY CHRISTOPHE<\/span><\/p>\n<p><span style=\"font-size: x-small;\">9 125 BELLEC LUCAS\u00a0<\/span><\/p>\n<p><span style=\"font-size: x-small;\">10 251 CUEFF MARC-ANTOINE \u00a0\u00a0<\/span><\/p>\n<\/td>\n<td>\n<p><span style=\"font-size: x-small;\">1 1 EMERY MAXIME\u00a0<\/span><\/p>\n<p><span style=\"font-size: x-small;\">2 61 GRASSIN FRANCK\u00a0<\/span><\/p>\n<p><span style=\"font-size: x-small;\">3 585 NOBLET HUGO\u00a0<\/span><\/p>\n<p><span style=\"font-size: x-small;\">4 19 DROUAULT JULIEN\u00a0<\/span><\/p>\n<p><span style=\"font-size: x-small;\">5 967 HUC BASTIEN\u00a0<\/span><\/p>\n<p><span style=\"font-size: x-small;\">6 321 TRAVERT GUILLAUME \u00a0 \u00a0\u00a0<\/span><\/p>\n<p><span style=\"font-size: x-small;\">7 85 LERAY CHRISTOPHE\u00a0<\/span><\/p>\n<p><span style=\"font-size: x-small;\">8 125 BELLEC LUCAS\u00a0<\/span><\/p>\n<p><span style=\"font-size: x-small;\">9 113 MOQUET CEDRIC<\/span><\/p>\n<p><span style=\"font-size: x-small;\">10 313 VIGNE LUDOVIC<\/span><\/p>\n<\/td>\n<td><span style=\"font-size: x-small;\">\u00a01 1 EMERY MAXIME \u00a0492<\/span><\/p>\n<p><span style=\"font-size: x-small;\">2 585 NOBLET HUGO \u00a0401<\/span><\/p>\n<p><span style=\"font-size: x-small;\">3 61 GRASSIN FRANCK \u00a0363<\/span><\/p>\n<p><span style=\"font-size: x-small;\">4 19 DROUAULT JULIEN \u00a0334<\/span><\/p>\n<p><span style=\"font-size: x-small;\">5 149 RABE SEBASTIEN \u00a0295<\/span><\/p>\n<p><span style=\"font-size: x-small;\">6 771 RAMASSAMY LYVIO \u00a0250<\/span><\/p>\n<p><span style=\"font-size: x-small;\">7 611 BOTHEREL JEROME \u00a0227<\/span><\/p>\n<p><span style=\"font-size: x-small;\">8 321 TRAVERT GUILLAUME \u00a0227<\/span><\/p>\n<p><span style=\"font-size: x-small;\">9 125 BELLEC LUCAS \u00a0212<\/span><\/p>\n<p><span style=\"font-size: x-small;\">10 35 LUCAS GAETAN \u00a0157<\/span><\/p>\n<\/td>\n<\/tr>\n<\/tbody>\n<\/table>\n<p><a href=\"http:\/\/www.ligue-moto-bretagne.com\/spip.php?article977\" target=\"_blank\">R\u00e9sultats complets par la Ligue<\/a><\/p>\n<p>\u00a0<\/p>\n<p><span style=\"font-size: x-large; color: #3366ff;\"><strong>SUPERFINALE<\/strong><\/span><\/p>\n<p style=\"text-align: justify;\">\u00a0<\/p>\n<p style=\"text-align: justify;\"><span style=\"font-size: small;\">Nouvelle d\u00e9monstration de Maxime Emery devant Aur\u00e9lien Logiou, 1er MX2. Superbe 6\u00e8me place de Romain Pape qui place sa petite 125cc aux portes du top 5 ! Killian Chastel ne marque pas de point suite \u00e0 une disqualification pour perte de silencieux &#8230;<\/span><\/p>\n<p style=\"text-align: justify;\">\u00a0<\/p>\n<p style=\"text-align: justify;\"><span style=\"font-size: x-small;\">1 1 EMERY MAXIME \u00a02 606 LOGIOU AURELIEN \u00a03 585 NOBLET HUGO \u00a04 967 HUC BASTIEN \u00a05 61 GRASSIN FRANCK \u00a06 444 PAPE ROMAIN \u00a07 252 BRECHETEAU JEAN-B\u2026 \u00a08 19 DROUAULT JULIEN \u00a09 149 RABE SEBASTIEN \u00a010 160 THACE VALENTIN\u00a0<\/span><\/p>\n<p style=\"text-align: justify;\">\u00a0<\/p>\n<hr \/>\n<p>&nbsp;<\/p>\n<p><strong><span style=\"font-size: x-large; color: #3366ff;\">\u00a0MINIMES\/CADETS 85cc<\/span><\/strong><\/p>\n<p>&nbsp;<\/p>\n<p>&nbsp;<\/p>\n<p><span style=\"font-size: small;\">Retrouvez tous les r\u00e9sultats des Minimes\/Cadets et Minicross sur ce lien :\u00a0<a href=\"http:\/\/www.ligue-moto-bretagne.com\/spip.php?article977\" target=\"_blank\">http:\/\/www.ligue-moto-bretagne.com<\/a><\/span><\/p>\n<p>&nbsp;<\/p>\n<hr \/>\n<p>&nbsp;<\/p>\n<p><span style=\"color: #3366ff;\"><strong><span style=\"font-size: x-large;\">CRITERIUM<\/span><\/strong><\/span><\/p>\n<p style=\"text-align: justify;\">\u00a0<\/p>\n<p><span style=\"font-size: x-small;\">1 368 FLATRES THOMAS\u00a0<\/span><\/p>\n<p><span style=\"font-size: x-small;\">2 200 BOURGES ANTHONY\u00a0<\/span><\/p>\n<p><span style=\"font-size: x-small;\">3 234 NOZAY DAMIEN\u00a0<\/span><\/p>\n<p><span style=\"font-size: x-small;\">4 832 LETESTU-ETESSE JOH\u2026\u00a0<\/span><\/p>\n<p><span style=\"font-size: x-small;\">5 132 CADIOU ANTOINE\u00a0<\/span><\/p>\n<p><span style=\"font-size: x-small;\">6 64 GRALL MATHIEU\u00a0<\/span><\/p>\n<p><span style=\"font-size: x-small;\">7 16 LAUNAY SEBASTIEN\u00a0<\/span><\/p>\n<p><span style=\"font-size: x-small;\">8 181 LE MASLE DIDIER\u00a0<\/span><\/p>\n<p><span style=\"font-size: x-small;\">9 184 CORRE VINCENT\u00a0<\/span><\/p>\n<p><span style=\"font-size: x-small;\">10 540 GODEFROY GUILLAUME<\/span><\/p>\n<p>&#8230;<\/p>\n<p>&nbsp;<\/p>\n<p style=\"text-align: justify;\">\u00a0<\/p>\n","protected":false},"excerpt":{"rendered":"<p>\u00a0<\/p>\n","protected":false},"author":2,"featured_media":2783,"comment_status":"open","ping_status":"open","sticky":false,"template":"","format":"standard","meta":[],"categories":[7,17],"tags":[83,397,390,361,315],"aioseo_notices":[],"_links":{"self":[{"href":"https:\/\/mx-bretagne.com\/mxb\/wp-json\/wp\/v2\/posts\/2780"}],"collection":[{"href":"https:\/\/mx-bretagne.com\/mxb\/wp-json\/wp\/v2\/posts"}],"about":[{"href":"https:\/\/mx-bretagne.com\/mxb\/wp-json\/wp\/v2\/types\/post"}],"author":[{"embeddable":true,"href":"https:\/\/mx-bretagne.com\/mxb\/wp-json\/wp\/v2\/users\/2"}],"replies":[{"embeddable":true,"href":"https:\/\/mx-bretagne.com\/mxb\/wp-json\/wp\/v2\/comments?post=2780"}],"version-history":[{"count":4,"href":"https:\/\/mx-bretagne.com\/mxb\/wp-json\/wp\/v2\/posts\/2780\/revisions"}],"predecessor-version":[{"id":2786,"href":"https:\/\/mx-bretagne.com\/mxb\/wp-json\/wp\/v2\/posts\/2780\/revisions\/2786"}],"wp:featuredmedia":[{"embeddable":true,"href":"https:\/\/mx-bretagne.com\/mxb\/wp-json\/wp\/v2\/media\/2783"}],"wp:attachment":[{"href":"https:\/\/mx-bretagne.com\/mxb\/wp-json\/wp\/v2\/media?parent=2780"}],"wp:term":[{"taxonomy":"category","embeddable":true,"href":"https:\/\/mx-bretagne.com\/mxb\/wp-json\/wp\/v2\/categories?post=2780"},{"taxonomy":"post_tag","embeddable":true,"href":"https:\/\/mx-bretagne.com\/mxb\/wp-json\/wp\/v2\/tags?post=2780"}],"curies":[{"name":"wp","href":"https:\/\/api.w.org\/{rel}","templated":true}]}}