{"id":2141,"date":"2012-04-16T19:52:04","date_gmt":"2012-04-16T19:52:04","guid":{"rendered":"http:\/\/www.mx-bretagne.com\/mxb\/?p=2141"},"modified":"2012-04-16T20:53:17","modified_gmt":"2012-04-16T20:53:17","slug":"report-glenac-mx1-side-car","status":"publish","type":"post","link":"https:\/\/mx-bretagne.com\/mxb\/report-glenac-mx1-side-car","title":{"rendered":"REPORT: Gl\u00e9nac &#8211; MX1 Side-Car"},"content":{"rendered":"<div id=\"attachment_2150\" style=\"width: 660px\" class=\"wp-caption aligncenter\"><img aria-describedby=\"caption-attachment-2150\" decoding=\"async\" loading=\"lazy\" class=\"size-full wp-image-2150\" title=\"report\" src=\"http:\/\/www.mx-bretagne.com\/mxb\/wp-content\/uploads\/2012\/04\/report1.jpg\" alt=\"\" width=\"650\" height=\"366\" srcset=\"https:\/\/mx-bretagne.com\/mxb\/wp-content\/uploads\/2012\/04\/report1.jpg 650w, https:\/\/mx-bretagne.com\/mxb\/wp-content\/uploads\/2012\/04\/report1-300x168.jpg 300w\" sizes=\"(max-width: 650px) 100vw, 650px\" \/><p id=\"caption-attachment-2150\" class=\"wp-caption-text\">Hugo Noblet a fait vibrer &quot;son&quot; public en 3\u00e8me manche MX1<\/p><\/div>\n<p>&nbsp;<\/p>\n<p style=\"text-align: justify;\"><strong>En ce 15 avril le circuit de Branf\u00e9r\u00e9 a accueilli la 3\u00e8me \u00e9preuve MX1 Bretagne et la seconde \u00e9preuve du championnat de France de Side-Car Cross. Ce trac\u00e9 exigent n\u2019a laiss\u00e9 aucun r\u00e9pit aux pilotes ce qui a permis d\u2019offrir des manches de qualit\u00e9 en oubliant presque le froid de ce mois d\u2019avril.<\/strong><\/p>\n<p style=\"text-align: justify;\"><strong><\/strong><!--more--><\/p>\n<p style=\"text-align: justify;\">\u00a0<\/p>\n<p style=\"text-align: justify;\">\u00a0<\/p>\n<p style=\"text-align: justify;\"><span style=\"font-size: xx-large; color: #3366ff;\"><strong>MX1: La fin de la s\u00e9rie &#8230;<\/strong><\/span><\/p>\n<p style=\"text-align: justify;\">\u00a0<\/p>\n<p style=\"text-align: justify;\">\u00a0<\/p>\n<div id=\"attachment_2148\" style=\"width: 610px\" class=\"wp-caption aligncenter\"><img aria-describedby=\"caption-attachment-2148\" decoding=\"async\" loading=\"lazy\" class=\"size-full wp-image-2148\" title=\"rabe\" src=\"http:\/\/www.mx-bretagne.com\/mxb\/wp-content\/uploads\/2012\/04\/rabe.jpg\" alt=\"\" width=\"600\" height=\"300\" srcset=\"https:\/\/mx-bretagne.com\/mxb\/wp-content\/uploads\/2012\/04\/rabe.jpg 600w, https:\/\/mx-bretagne.com\/mxb\/wp-content\/uploads\/2012\/04\/rabe-300x150.jpg 300w, https:\/\/mx-bretagne.com\/mxb\/wp-content\/uploads\/2012\/04\/rabe-150x75.jpg 150w\" sizes=\"(max-width: 600px) 100vw, 600px\" \/><p id=\"caption-attachment-2148\" class=\"wp-caption-text\">Seb Rab\u00e9 prend une belle 2\u00e8me place en premi\u00e8re manche.<\/p><\/div>\n<p>&nbsp;<\/p>\n<p style=\"text-align: justify;\"><span style=\"font-size: small;\">Apr\u00e8s avoir claqu\u00e9 le meilleur temps qualificatif le matin Hugo Noblet \u00e9tait bien d\u00e9cid\u00e9 a briller devant son public. Tout a bien d\u00e9but\u00e9 puisqu\u2019il passe en t\u00eate apr\u00e8s le holeshot de Guillaume Fouillet. Derri\u00e8re Maxime Emery met du gros gaz pour revenir. Il passera finalement en t\u00eate alors que Noblet ira \u00e0 la faute en tentant une contre attaque. Hugo termine finalement 6\u00e8me. S\u00e9bastien Rab\u00e9 et Lyvio Ramassamy en profitent pour signer un beau podium.<\/span><\/p>\n<p style=\"text-align: justify;\"><strong><span style=\"font-size: small;\">1\u00e8re manche MX1\u00a0: 1. Maxime Emery 2. S\u00e9bastien Rab\u00e9 3. Lyvio Ramassamy<\/span><\/strong><\/p>\n<p style=\"text-align: justify;\"><span style=\"font-size: small;\">Indicatif: Hugo Noblet\u00a0: 1, 58\u00a0156<\/span><\/p>\n<p style=\"text-align: justify;\">\u00a0<\/p>\n<p style=\"text-align: justify;\"><span style=\"font-size: small;\">Au second baiss\u00e9 de herse c\u2019est Lyvio Ramassamy qui a \u00e9t\u00e9 le plus rapide et apr\u00e8s avoir tenu une bonne partie de la manche en t\u00eate, une nouvelle fois Maxime Emery a pris l\u2019avantage. Les autres ont pris sa roue \u00e0 distance. Belle 4\u00e8me place de Guillaume Fouillet devant Franck Grassin, Julien Drouault, J\u00e9r\u00f4me Botherel et Guillaume Travert (le clan Yamaha). Cyril Piraud retrouve du rythme (11\u00e8me). Moins de chance pour Maxime Joliet qui se blesse \u00e0 l&rsquo;\u00e9paule alors qu&rsquo;il \u00e9tait aux alentours de la 8\u00e8me place, bon r\u00e9tablissement \u00e0 lui.<\/span><\/p>\n<p style=\"text-align: justify;\">\u00a0<\/p>\n<p style=\"text-align: justify;\"><strong><span style=\"font-size: small;\">2\u00e8me manche MX1\u00a0: 1. Maxime Emery 2. Lyvio Ramassamy 3. Hugo Noblet<\/span><\/strong><\/p>\n<p style=\"text-align: justify;\"><span style=\"font-size: small;\">Indicatif:\u00a0Guillaume Fouillet\u00a0: 2, 01\u00a0181<\/span><\/p>\n<p style=\"text-align: justify;\">\u00a0<\/p>\n<div id=\"attachment_2149\" style=\"width: 610px\" class=\"wp-caption aligncenter\"><img aria-describedby=\"caption-attachment-2149\" decoding=\"async\" loading=\"lazy\" class=\"size-full wp-image-2149\" title=\"ramassamy\" src=\"http:\/\/www.mx-bretagne.com\/mxb\/wp-content\/uploads\/2012\/04\/ramassamy2.jpg\" alt=\"\" width=\"600\" height=\"300\" srcset=\"https:\/\/mx-bretagne.com\/mxb\/wp-content\/uploads\/2012\/04\/ramassamy2.jpg 600w, https:\/\/mx-bretagne.com\/mxb\/wp-content\/uploads\/2012\/04\/ramassamy2-300x150.jpg 300w, https:\/\/mx-bretagne.com\/mxb\/wp-content\/uploads\/2012\/04\/ramassamy2-150x75.jpg 150w\" sizes=\"(max-width: 600px) 100vw, 600px\" \/><p id=\"caption-attachment-2149\" class=\"wp-caption-text\">Lyvio Ramassamy se rapproche de la victoire.<\/p><\/div>\n<p style=\"text-align: justify;\">\u00a0<\/p>\n<p style=\"text-align: justify;\"><span style=\"font-size: small;\">Il la voulait, il l\u2019a eue, Hugo Noblet signe une belle victoire et met fin \u00e0 l\u2019invincibilit\u00e9 de Maxime Emery au prix d\u2019une belle bagarre. On a m\u00eame cru un moment \u00e0 la victoire de Guillaume Fouillet pour sa derni\u00e8re sortie en Bretagne avant de rejoindre Toulouse. On lui souhaite bon vent. Un probl\u00e8me l\u2019obligera \u00e0 abandonner. Lyvio Ramassamy lui aussi, voulait gagner mais il s\u2019est pris un gros volume qu\u2019il n\u2019a pas vu venir, bilan 22\u00e8me. Franck Grassin termine 3\u00e8me devant J\u00e9r\u00f4me Botherel et Julien Drouault. A noter la belle 10\u00e8me place de Ludovic Vigne.<\/span><\/p>\n<p style=\"text-align: justify;\">\u00a0<\/p>\n<p style=\"text-align: justify;\"><strong><span style=\"font-size: small;\">3\u00e8me manche MX1\u00a0: 1. Hugo Noblet 2. Maxime Emery 3. Franck Grassin<\/span><\/strong><\/p>\n<p style=\"text-align: justify;\"><span style=\"font-size: small;\">Indicatif:\u00a0Hugo Noblet\u00a0: 2, 07\u00a0003<\/span><\/p>\n<p style=\"text-align: justify;\">\u00a0<\/p>\n<p style=\"text-align: justify;\">On retrouvera les pilotes MX1 \u00e0 St-Renan le 1er mai.<\/p>\n<p style=\"text-align: justify;\">\u00a0<\/p>\n<hr \/>\n<p style=\"text-align: justify;\">\u00a0<\/p>\n<p style=\"text-align: justify;\"><span style=\"font-size: xx-large; color: #3366ff;\"><strong>SIDE-CAR Inter: 100% 138<\/strong><\/span><\/p>\n<p style=\"text-align: justify;\">\u00a0<\/p>\n<div id=\"attachment_2151\" style=\"width: 610px\" class=\"wp-caption aligncenter\"><img aria-describedby=\"caption-attachment-2151\" decoding=\"async\" loading=\"lazy\" class=\"size-full wp-image-2151\" title=\"side1\" src=\"http:\/\/www.mx-bretagne.com\/mxb\/wp-content\/uploads\/2012\/04\/side1.jpg\" alt=\"\" width=\"600\" height=\"300\" srcset=\"https:\/\/mx-bretagne.com\/mxb\/wp-content\/uploads\/2012\/04\/side1.jpg 600w, https:\/\/mx-bretagne.com\/mxb\/wp-content\/uploads\/2012\/04\/side1-300x150.jpg 300w, https:\/\/mx-bretagne.com\/mxb\/wp-content\/uploads\/2012\/04\/side1-150x75.jpg 150w\" sizes=\"(max-width: 600px) 100vw, 600px\" \/><p id=\"caption-attachment-2151\" class=\"wp-caption-text\">L&#39;\u00e9quipage Giraud\/Musset \u00e9tait au dessus du lot \u00e0 Gl\u00e9nac pour la 2\u00e8me \u00e9preuve du Championnat de France Side-Car Cross.<\/p><\/div>\n<p>&nbsp;<\/p>\n<p style=\"text-align: justify;\"><span style=\"font-size: small;\">En premi\u00e8re manche les champions du monde 2009 HENDRICK \u2013 LIEPINS ont pris les commandes, second on retrouve le duo Briochin MARTIN \u2013 DELAJON. L\u2019\u00e9quipage GIRAUD \u2013 MUSSET d\u00e9tenteur du meilleur temps qualificatif est rapidement revenu dans la roue des leaders. Les champions de France en titre ont fait l\u2019effort pour passer en t\u00eate et ne plus \u00eatre rattrap\u00e9s. Troisi\u00e8me les anglais VAN DEALE \u2013 VANDENBOGAART semblaient un cran en dessous. Partis 9\u00e8me Martial Briens et Francis BLANCO se classent 6\u00e8me. Jean-Marie AINS et Bernard JAYET \u00e9taient 4\u00e8me avant de casser leur cha\u00eene \u00e0 quelques m\u00e8tres de la ligne d\u2019arriv\u00e9e, rageant\u00a0!<\/span><\/p>\n<p style=\"text-align: justify;\">\u00a0<\/p>\n<p style=\"text-align: justify;\"><strong><span style=\"font-size: small;\">1\u00e8re manche Side-Car\u00a0: 1. Valentin GIRAUD \u2013 Nicolas MUSSET N\u00b0138 2. Joris HENDRICKX \u2013 Kaspars LIEPINS N\u00b0222 3. Jason VAN DAELE &#8211; Ben VANDENBOGAART N\u00b042<\/span><\/strong><\/p>\n<p style=\"text-align: justify;\"><span style=\"font-size: small;\">Indicatif:\u00a0Joris HENDRICKX \u2013 Kaspars LIEPINS N\u00b0222\u00a0: 2, 10\u00a0030<\/span><\/p>\n<p style=\"text-align: justify;\">\u00a0<\/p>\n<div id=\"attachment_2152\" style=\"width: 610px\" class=\"wp-caption aligncenter\"><img aria-describedby=\"caption-attachment-2152\" decoding=\"async\" loading=\"lazy\" class=\"size-full wp-image-2152\" title=\"side2\" src=\"http:\/\/www.mx-bretagne.com\/mxb\/wp-content\/uploads\/2012\/04\/side2.jpg\" alt=\"\" width=\"600\" height=\"300\" srcset=\"https:\/\/mx-bretagne.com\/mxb\/wp-content\/uploads\/2012\/04\/side2.jpg 600w, https:\/\/mx-bretagne.com\/mxb\/wp-content\/uploads\/2012\/04\/side2-300x150.jpg 300w, https:\/\/mx-bretagne.com\/mxb\/wp-content\/uploads\/2012\/04\/side2-150x75.jpg 150w\" sizes=\"(max-width: 600px) 100vw, 600px\" \/><p id=\"caption-attachment-2152\" class=\"wp-caption-text\">Les ex Champion du Monde Side \u00e9tait pr\u00e9sent mais ont du se contenter de 2\u00e8me place.<\/p><\/div>\n<p style=\"text-align: justify;\">\u00a0<\/p>\n<p style=\"text-align: justify;\"><span style=\"font-size: small;\">M\u00eame sc\u00e9nario que dans la premi\u00e8re manche l\u2019\u00e9quipage 222 en t\u00eate devant le 138. A la mi-manche les fran\u00e7ais ont hauss\u00e9 le rythme pour passer en t\u00eate. Il y a eu une petite touchette lors du d\u00e9passement ce qui a immobilis\u00e9 les deux sides. GIRAUD et MUSSET ont \u00e9t\u00e9 les plus rapides \u00e0 repartir. Belle 4\u00e8me place de BOILEAU \u2013 FESSARD. A cinq tours de l\u2019arriv\u00e9e Martial BRIENS et Francis BLANCO ont crev\u00e9 de l\u2019avant, ils terminent courageusement cette manche (20\u00e8me).<\/span><\/p>\n<p style=\"text-align: justify;\">\u00a0<\/p>\n<p style=\"text-align: justify;\"><strong><span style=\"font-size: small;\">2\u00e8me manche Side-Car\u00a0: 1. Valentin GIRAUD \u2013 Nicolas MUSSET N\u00b0138 2. Joris HENDRICKX \u2013 Kaspars LIEPINS N\u00b0222 3. Jason VAN DAELE &#8211; Ben VANDENBOGAART N\u00b042<\/span><\/strong><\/p>\n<p style=\"text-align: justify;\"><span style=\"font-size: small;\">Indicatif:\u00a0Jason VAN DAELE &#8211; Ben VANDENBOGAART N\u00b042\u00a0: 2, 11 504 &#8211;\u00a0<\/span><span style=\"font-size: small;\">Dorian BOILEAU \u2013 Paul FESSARD N\u00b074\u00a0: 2, 17 904<\/span><\/p>\n<p style=\"text-align: justify;\">\u00a0<\/p>\n<div id=\"attachment_2153\" style=\"width: 610px\" class=\"wp-caption aligncenter\"><img aria-describedby=\"caption-attachment-2153\" decoding=\"async\" loading=\"lazy\" class=\"size-full wp-image-2153\" title=\"side3\" src=\"http:\/\/www.mx-bretagne.com\/mxb\/wp-content\/uploads\/2012\/04\/side3.jpg\" alt=\"\" width=\"600\" height=\"300\" srcset=\"https:\/\/mx-bretagne.com\/mxb\/wp-content\/uploads\/2012\/04\/side3.jpg 600w, https:\/\/mx-bretagne.com\/mxb\/wp-content\/uploads\/2012\/04\/side3-300x150.jpg 300w, https:\/\/mx-bretagne.com\/mxb\/wp-content\/uploads\/2012\/04\/side3-150x75.jpg 150w\" sizes=\"(max-width: 600px) 100vw, 600px\" \/><p id=\"caption-attachment-2153\" class=\"wp-caption-text\">Les Bretons Briens\/Blanco ont ^ris une belle 6\u00e8me place en 1\u00e8re manche avant de conna\u00eetre une crevaison dans la seconde<\/p><\/div>\n<p style=\"text-align: justify;\">\u00a0<\/p>\n<p style=\"text-align: justify;\"><span style=\"font-size: small;\">Valentin GIRAUD et Nicolas Musset se sont \u00e9chapp\u00e9s d\u00e8s le d\u00e9but. Le duo BLANCO, Florian et Vincent \u00e9taient en bonne position contrairement aux belges Joris HENDRICKX et Kaspars LIEPINS qui n\u2019\u00e9taient que 6\u00e8me. Ils reviendront finalement second devant les deux Anglais N\u00b042. Bagarre impressionnante pour les place suivantes avec HYDE \u2013KIRWIN (4\u00e8me), BLANCO \u2013 BLANCO (5\u00e8me), DANIEL \u2013PILLIER (6\u00e8me)<\/span><\/p>\n<p style=\"text-align: justify;\">\u00a0<\/p>\n<p style=\"text-align: justify;\"><strong><span style=\"font-size: small;\">3\u00e8me manche Side-Car\u00a0: 1. Valentin GIRAUD \u2013 Nicolas MUSSET N\u00b0138 2. Joris HENDRICKX \u2013 Kaspars LIEPINS N\u00b0222 3. Jason VAN DAELE &#8211; Ben VANDENBOGAART N\u00b042<\/span><\/strong><\/p>\n<p style=\"text-align: justify;\"><span style=\"font-size: small;\">Indicatif:\u00a0Valentin GIRAUD \u2013 Nicolas MUSSET N\u00b0138\u00a0: 2, 09\u00a0404 &#8211;\u00a0<\/span><span style=\"font-size: small;\">Martial BRIENS \u2013 Francis BLANCO N\u00b0317\u00a0: 2, 24 813<\/span><\/p>\n<p style=\"text-align: justify;\">\u00a0<\/p>\n<hr \/>\n<p style=\"text-align: justify;\">\u00a0<\/p>\n<p style=\"text-align: justify;\"><span style=\"font-size: xx-large; color: #3366ff;\"><strong>CLUB: S\u00e9bastien Cou\u00e9 \u00e0 domicile<\/strong><\/span><\/p>\n<p style=\"text-align: justify;\">\u00a0<\/p>\n<div id=\"attachment_2146\" style=\"width: 610px\" class=\"wp-caption aligncenter\"><img aria-describedby=\"caption-attachment-2146\" decoding=\"async\" loading=\"lazy\" class=\"size-full wp-image-2146\" title=\"coue\" src=\"http:\/\/www.mx-bretagne.com\/mxb\/wp-content\/uploads\/2012\/04\/coue1.jpg\" alt=\"\" width=\"600\" height=\"300\" srcset=\"https:\/\/mx-bretagne.com\/mxb\/wp-content\/uploads\/2012\/04\/coue1.jpg 600w, https:\/\/mx-bretagne.com\/mxb\/wp-content\/uploads\/2012\/04\/coue1-300x150.jpg 300w, https:\/\/mx-bretagne.com\/mxb\/wp-content\/uploads\/2012\/04\/coue1-150x75.jpg 150w\" sizes=\"(max-width: 600px) 100vw, 600px\" \/><p id=\"caption-attachment-2146\" class=\"wp-caption-text\">L&#39;enfant du pays de Gl\u00e9nac, S\u00e9bastien Cou\u00e9, s&#39;est fait plaisir et remporte la 2\u00e8me manche plus le g\u00e9n\u00e9ral du Troph\u00e9e club.<\/p><\/div>\n<p style=\"text-align: justify;\">\u00a0<\/p>\n<p style=\"text-align: justify;\"><span style=\"font-size: small;\">Apr\u00e8s un premier d\u00e9part suivi d\u2019un drapeau rouge s\u2019est K\u00e9vin Nicolas qui r\u00e9alise le second holeshot. S\u00e9bastien Cou\u00e9 est rapidement venu se placer second devant Waren Marty et J\u00e9r\u00f4me Launay. S\u00e9bastien Rouxel prend une belle 7\u00e8me place.<\/span><\/p>\n<p style=\"text-align: justify;\">\u00a0<\/p>\n<p style=\"text-align: justify;\"><strong><span style=\"font-size: small;\">1\u00e8re manche club\u00a0: 1. K\u00e9vin Nicolas 2. S\u00e9bastien Cou\u00e9 3. Warren Marty<\/span><\/strong><\/p>\n<p style=\"text-align: justify;\"><span style=\"font-size: small;\">Indicatif:\u00a0S\u00e9bastien Rouxel\u00a0: 2, 13\u00a0364<\/span><\/p>\n<p style=\"text-align: justify;\">\u00a0<\/p>\n<div id=\"attachment_2147\" style=\"width: 610px\" class=\"wp-caption aligncenter\"><img aria-describedby=\"caption-attachment-2147\" decoding=\"async\" loading=\"lazy\" class=\"size-full wp-image-2147\" title=\"nicolas\" src=\"http:\/\/www.mx-bretagne.com\/mxb\/wp-content\/uploads\/2012\/04\/nicolas.jpg\" alt=\"\" width=\"600\" height=\"300\" srcset=\"https:\/\/mx-bretagne.com\/mxb\/wp-content\/uploads\/2012\/04\/nicolas.jpg 600w, https:\/\/mx-bretagne.com\/mxb\/wp-content\/uploads\/2012\/04\/nicolas-300x150.jpg 300w, https:\/\/mx-bretagne.com\/mxb\/wp-content\/uploads\/2012\/04\/nicolas-150x75.jpg 150w\" sizes=\"(max-width: 600px) 100vw, 600px\" \/><p id=\"caption-attachment-2147\" class=\"wp-caption-text\">K\u00e9vin Nicolas \u00e9tait l&#39;un des plus rapide en Troph\u00e9e Club. Il remporte la 1\u00e8re manche.<\/p><\/div>\n<p style=\"text-align: justify;\">\u00a0<\/p>\n<p style=\"text-align: justify;\"><span style=\"font-size: small;\">S\u00e9bastien Cou\u00e9 remporte la seconde manche et donc le g\u00e9n\u00e9ral de la journ\u00e9e car K\u00e9vin Nicolas fini cette manche en quatri\u00e8me position. Waren Marty n\u2019\u00e9tait pas tr\u00e8s loin de S\u00e9bastien Cou\u00e9 mais S\u00e9bastien \u00e0 fait parler l\u2019exp\u00e9rience. Nouvelle 7\u00e8me place de S\u00e9bastien Rouxel qui a toujours le bon coup de gaz\u00a0!<\/span><\/p>\n<p style=\"text-align: justify;\">\u00a0<\/p>\n<p style=\"text-align: justify;\"><strong><span style=\"font-size: small;\">2\u00e8me manche club\u00a0: 1. S\u00e9bastien Cou\u00e9 2. Warren Marty 3. Vianney Blandin<\/span><\/strong><\/p>\n<p style=\"text-align: justify;\"><span style=\"font-size: small;\">Indicatif:\u00a0S\u00e9bastien Cou\u00e9\u00a0: 2, 16\u00a0914<\/span><\/p>\n<p style=\"text-align: justify;\">\u00a0<\/p>\n<p style=\"text-align: justify;\"><span style=\"font-size: small;\">On souhaite un bon r\u00e9tablissement \u00e0 L\u00e9on Rio qui s\u2019est malheureusement cass\u00e9 le tibia \/ p\u00e9ron\u00e9 alors qu\u2019il participait au Troph\u00e9e Club.<\/span><\/p>\n<p style=\"text-align: justify;\">\u00a0<\/p>\n<hr \/>\n<p style=\"text-align: justify;\">\u00a0<\/p>\n<p style=\"text-align: justify;\"><span style=\"font-size: xx-large; color: #3366ff;\"><strong>CLIN D&rsquo;OEIL<\/strong><\/span><\/p>\n<p style=\"text-align: justify;\">\u00a0<\/p>\n<div id=\"attachment_2145\" style=\"width: 610px\" class=\"wp-caption aligncenter\"><img aria-describedby=\"caption-attachment-2145\" decoding=\"async\" loading=\"lazy\" class=\"size-full wp-image-2145\" title=\"cd\" src=\"http:\/\/www.mx-bretagne.com\/mxb\/wp-content\/uploads\/2012\/04\/cd.jpg\" alt=\"\" width=\"600\" height=\"300\" srcset=\"https:\/\/mx-bretagne.com\/mxb\/wp-content\/uploads\/2012\/04\/cd.jpg 600w, https:\/\/mx-bretagne.com\/mxb\/wp-content\/uploads\/2012\/04\/cd-300x150.jpg 300w, https:\/\/mx-bretagne.com\/mxb\/wp-content\/uploads\/2012\/04\/cd-150x75.jpg 150w\" sizes=\"(max-width: 600px) 100vw, 600px\" \/><p id=\"caption-attachment-2145\" class=\"wp-caption-text\">Une ambiance &quot;Dakar&quot; \u00e0 Gl\u00e9nac avec une partie du Team Performance Enduro de S\u00e9bastien Cou\u00e9.<\/p><\/div>\n","protected":false},"excerpt":{"rendered":"<p>&nbsp;<\/p>\n","protected":false},"author":1,"featured_media":2150,"comment_status":"open","ping_status":"open","sticky":false,"template":"","format":"standard","meta":[],"categories":[7,17],"tags":[83,349,346,350,315,326],"aioseo_notices":[],"_links":{"self":[{"href":"https:\/\/mx-bretagne.com\/mxb\/wp-json\/wp\/v2\/posts\/2141"}],"collection":[{"href":"https:\/\/mx-bretagne.com\/mxb\/wp-json\/wp\/v2\/posts"}],"about":[{"href":"https:\/\/mx-bretagne.com\/mxb\/wp-json\/wp\/v2\/types\/post"}],"author":[{"embeddable":true,"href":"https:\/\/mx-bretagne.com\/mxb\/wp-json\/wp\/v2\/users\/1"}],"replies":[{"embeddable":true,"href":"https:\/\/mx-bretagne.com\/mxb\/wp-json\/wp\/v2\/comments?post=2141"}],"version-history":[{"count":11,"href":"https:\/\/mx-bretagne.com\/mxb\/wp-json\/wp\/v2\/posts\/2141\/revisions"}],"predecessor-version":[{"id":2158,"href":"https:\/\/mx-bretagne.com\/mxb\/wp-json\/wp\/v2\/posts\/2141\/revisions\/2158"}],"wp:featuredmedia":[{"embeddable":true,"href":"https:\/\/mx-bretagne.com\/mxb\/wp-json\/wp\/v2\/media\/2150"}],"wp:attachment":[{"href":"https:\/\/mx-bretagne.com\/mxb\/wp-json\/wp\/v2\/media?parent=2141"}],"wp:term":[{"taxonomy":"category","embeddable":true,"href":"https:\/\/mx-bretagne.com\/mxb\/wp-json\/wp\/v2\/categories?post=2141"},{"taxonomy":"post_tag","embeddable":true,"href":"https:\/\/mx-bretagne.com\/mxb\/wp-json\/wp\/v2\/tags?post=2141"}],"curies":[{"name":"wp","href":"https:\/\/api.w.org\/{rel}","templated":true}]}}