{"id":19955,"date":"2026-03-13T12:59:33","date_gmt":"2026-03-13T11:59:33","guid":{"rendered":"https:\/\/mx-bretagne.com\/mxb\/?p=19955"},"modified":"2026-03-13T13:03:51","modified_gmt":"2026-03-13T12:03:51","slug":"mx-plouasne-2026","status":"publish","type":"post","link":"https:\/\/mx-bretagne.com\/mxb\/mx-plouasne-2026","title":{"rendered":"MX PLOUASNE 2026"},"content":{"rendered":"<p><img decoding=\"async\" loading=\"lazy\" class=\"aligncenter size-full wp-image-19968\" src=\"https:\/\/mx-bretagne.com\/mxb\/wp-content\/uploads\/2026\/03\/mxplouasne-122.jpg\" alt=\"\" width=\"1500\" height=\"1001\" srcset=\"https:\/\/mx-bretagne.com\/mxb\/wp-content\/uploads\/2026\/03\/mxplouasne-122.jpg 1500w, https:\/\/mx-bretagne.com\/mxb\/wp-content\/uploads\/2026\/03\/mxplouasne-122-554x370.jpg 554w, https:\/\/mx-bretagne.com\/mxb\/wp-content\/uploads\/2026\/03\/mxplouasne-122-1440x961.jpg 1440w, https:\/\/mx-bretagne.com\/mxb\/wp-content\/uploads\/2026\/03\/mxplouasne-122-768x513.jpg 768w\" sizes=\"(max-width: 1500px) 100vw, 1500px\" \/><\/p>\n<p><strong>Voil\u00e0 bient\u00f4t 8 ans que je ne m&rsquo;\u00e9tais pas rendu sur un motocross de Ligue Bretagne et notamment \u00e0 Plouasne. En 2018, Vincent Corre gagnait en MX1, Th\u00e9o Roptin en MX2 et Pierre-Olivier Cueff en 125cc. Nous sommes en 2026, l&rsquo;occasion de comparer en tant que spectateur lambda.<\/strong><\/p>\n<p><!--more--><\/p>\n<p>Arriv\u00e9 peu avant 14h, la parking spectateur est bien rempli et une petite file d&rsquo;attente nous attend pour acheter nos entr\u00e9es, 12\u20ac par personne. Programme dans les mains, j&rsquo;essai de comprendre les horaires et les cat\u00e9gories. Je vois que la cat\u00e9gorie MX BREIZH (quoi ??) est en piste, que ce sont les meilleurs de la journ\u00e9e et que je n&rsquo;aurais l&rsquo;occasion de les revoir qu&rsquo;en fin de journ\u00e9e \u00e0 15h30&#8230; Dommage.<\/p>\n<p>Plus de MX2, plus de MX1, plus de Superfinale , seulement 2 manches MX BREIZH avec un int\u00e9r\u00eat sportif passionnant, c&rsquo;est la d\u00e9ception. Nous retrouvons ensuite le Troph\u00e9e Breizh qui est la premi\u00e8re s\u00e9rie non qualifi\u00e9 puis 2 s\u00e9rie Crit\u00e9rium et une cat\u00e9gorie Troph\u00e9e Club. C&rsquo;est \u00e0 se demander comment c&rsquo;\u00e9tait possible de caler 2 manches 125, 2 manches MX2, 2 manches MX1, une Superfinale et les Crit\u00e9rium dans la m\u00eame journ\u00e9e avant&#8230;<\/p>\n<p>En MX Breizh, \u00e7a va tr\u00e8s vite surtout lorsque vous ajoutez des pilotes tels que Mathys Boisram\u00e9 ou Pierre Goupillon mais respect au top 10 qui met du gros gaz.<\/p>\n<p><a href=\"https:\/\/b.photo-portal.shop\/share\/C2gCyTA\/\">Galerie photo compl\u00e8te<\/a><\/p>\n<div id=\"attachment_19966\" style=\"width: 1510px\" class=\"wp-caption aligncenter\"><img aria-describedby=\"caption-attachment-19966\" decoding=\"async\" loading=\"lazy\" class=\"size-full wp-image-19966\" src=\"https:\/\/mx-bretagne.com\/mxb\/wp-content\/uploads\/2026\/03\/mxplouasne-107.jpg\" alt=\"\" width=\"1500\" height=\"1001\" srcset=\"https:\/\/mx-bretagne.com\/mxb\/wp-content\/uploads\/2026\/03\/mxplouasne-107.jpg 1500w, https:\/\/mx-bretagne.com\/mxb\/wp-content\/uploads\/2026\/03\/mxplouasne-107-554x370.jpg 554w, https:\/\/mx-bretagne.com\/mxb\/wp-content\/uploads\/2026\/03\/mxplouasne-107-1440x961.jpg 1440w, https:\/\/mx-bretagne.com\/mxb\/wp-content\/uploads\/2026\/03\/mxplouasne-107-768x513.jpg 768w\" sizes=\"(max-width: 1500px) 100vw, 1500px\" \/><p id=\"caption-attachment-19966\" class=\"wp-caption-text\">Ca fait plaisir de voir les pilotes pr\u00e9parer leur d\u00e9part dans la terre et non sur une grille.<\/p><\/div>\n<p>&nbsp;<\/p>\n<div id=\"attachment_19956\" style=\"width: 1510px\" class=\"wp-caption aligncenter\"><img aria-describedby=\"caption-attachment-19956\" decoding=\"async\" loading=\"lazy\" class=\"size-full wp-image-19956\" src=\"https:\/\/mx-bretagne.com\/mxb\/wp-content\/uploads\/2026\/03\/mxplouasne-151.jpg\" alt=\"\" width=\"1500\" height=\"1001\" srcset=\"https:\/\/mx-bretagne.com\/mxb\/wp-content\/uploads\/2026\/03\/mxplouasne-151.jpg 1500w, https:\/\/mx-bretagne.com\/mxb\/wp-content\/uploads\/2026\/03\/mxplouasne-151-554x370.jpg 554w, https:\/\/mx-bretagne.com\/mxb\/wp-content\/uploads\/2026\/03\/mxplouasne-151-1440x961.jpg 1440w, https:\/\/mx-bretagne.com\/mxb\/wp-content\/uploads\/2026\/03\/mxplouasne-151-768x513.jpg 768w\" sizes=\"(max-width: 1500px) 100vw, 1500px\" \/><p id=\"caption-attachment-19956\" class=\"wp-caption-text\">Gros niveau forc\u00e9ment avec le duo Boisram\u00e9 (172) et Goupillon (57) qui nous a offert un beau spectacle en seconde manche.<\/p><\/div>\n<p>&nbsp;<\/p>\n<div id=\"attachment_19959\" style=\"width: 1510px\" class=\"wp-caption aligncenter\"><img aria-describedby=\"caption-attachment-19959\" decoding=\"async\" loading=\"lazy\" class=\"size-full wp-image-19959\" src=\"https:\/\/mx-bretagne.com\/mxb\/wp-content\/uploads\/2026\/03\/mxplouasne-38.jpg\" alt=\"\" width=\"1500\" height=\"1001\" srcset=\"https:\/\/mx-bretagne.com\/mxb\/wp-content\/uploads\/2026\/03\/mxplouasne-38.jpg 1500w, https:\/\/mx-bretagne.com\/mxb\/wp-content\/uploads\/2026\/03\/mxplouasne-38-554x370.jpg 554w, https:\/\/mx-bretagne.com\/mxb\/wp-content\/uploads\/2026\/03\/mxplouasne-38-1440x961.jpg 1440w, https:\/\/mx-bretagne.com\/mxb\/wp-content\/uploads\/2026\/03\/mxplouasne-38-768x513.jpg 768w\" sizes=\"(max-width: 1500px) 100vw, 1500px\" \/><p id=\"caption-attachment-19959\" class=\"wp-caption-text\">Le saut mythique de Plouasne, toujours pr\u00e9sent et qui fait plaisir aux photographes.<\/p><\/div>\n<p>&nbsp;<\/p>\n<div id=\"attachment_19963\" style=\"width: 1510px\" class=\"wp-caption aligncenter\"><img aria-describedby=\"caption-attachment-19963\" decoding=\"async\" loading=\"lazy\" class=\"wp-image-19963 size-full\" src=\"https:\/\/mx-bretagne.com\/mxb\/wp-content\/uploads\/2026\/03\/mxplouasne-53.jpg\" alt=\"\" width=\"1500\" height=\"1001\" srcset=\"https:\/\/mx-bretagne.com\/mxb\/wp-content\/uploads\/2026\/03\/mxplouasne-53.jpg 1500w, https:\/\/mx-bretagne.com\/mxb\/wp-content\/uploads\/2026\/03\/mxplouasne-53-554x370.jpg 554w, https:\/\/mx-bretagne.com\/mxb\/wp-content\/uploads\/2026\/03\/mxplouasne-53-1440x961.jpg 1440w, https:\/\/mx-bretagne.com\/mxb\/wp-content\/uploads\/2026\/03\/mxplouasne-53-768x513.jpg 768w\" sizes=\"(max-width: 1500px) 100vw, 1500px\" \/><p id=\"caption-attachment-19963\" class=\"wp-caption-text\">Il y a des voix \u00e9ternelles, celle de Jean-Yves en fait parti.<\/p><\/div>\n<p>&nbsp;<\/p>\n<div id=\"attachment_19962\" style=\"width: 1510px\" class=\"wp-caption aligncenter\"><img aria-describedby=\"caption-attachment-19962\" decoding=\"async\" loading=\"lazy\" class=\"size-full wp-image-19962\" src=\"https:\/\/mx-bretagne.com\/mxb\/wp-content\/uploads\/2026\/03\/mxplouasne-47.jpg\" alt=\"\" width=\"1500\" height=\"1001\" srcset=\"https:\/\/mx-bretagne.com\/mxb\/wp-content\/uploads\/2026\/03\/mxplouasne-47.jpg 1500w, https:\/\/mx-bretagne.com\/mxb\/wp-content\/uploads\/2026\/03\/mxplouasne-47-554x370.jpg 554w, https:\/\/mx-bretagne.com\/mxb\/wp-content\/uploads\/2026\/03\/mxplouasne-47-1440x961.jpg 1440w, https:\/\/mx-bretagne.com\/mxb\/wp-content\/uploads\/2026\/03\/mxplouasne-47-768x513.jpg 768w\" sizes=\"(max-width: 1500px) 100vw, 1500px\" \/><p id=\"caption-attachment-19962\" class=\"wp-caption-text\">Les enfants jouent toujours sur les bords des circuits.<\/p><\/div>\n<p>&nbsp;<\/p>\n<div id=\"attachment_19961\" style=\"width: 1510px\" class=\"wp-caption aligncenter\"><img aria-describedby=\"caption-attachment-19961\" decoding=\"async\" loading=\"lazy\" class=\"size-full wp-image-19961\" src=\"https:\/\/mx-bretagne.com\/mxb\/wp-content\/uploads\/2026\/03\/mxplouasne-46.jpg\" alt=\"\" width=\"1500\" height=\"1001\" srcset=\"https:\/\/mx-bretagne.com\/mxb\/wp-content\/uploads\/2026\/03\/mxplouasne-46.jpg 1500w, https:\/\/mx-bretagne.com\/mxb\/wp-content\/uploads\/2026\/03\/mxplouasne-46-554x370.jpg 554w, https:\/\/mx-bretagne.com\/mxb\/wp-content\/uploads\/2026\/03\/mxplouasne-46-1440x961.jpg 1440w, https:\/\/mx-bretagne.com\/mxb\/wp-content\/uploads\/2026\/03\/mxplouasne-46-768x513.jpg 768w\" sizes=\"(max-width: 1500px) 100vw, 1500px\" \/><p id=\"caption-attachment-19961\" class=\"wp-caption-text\">Les buvettes fonctionnent toujours \u00e0 plein r\u00e9gime, pas de changement \u00e0 ce niveau.<\/p><\/div>\n<p>&nbsp;<\/p>\n<div id=\"attachment_19960\" style=\"width: 1510px\" class=\"wp-caption aligncenter\"><img aria-describedby=\"caption-attachment-19960\" decoding=\"async\" loading=\"lazy\" class=\"size-full wp-image-19960\" src=\"https:\/\/mx-bretagne.com\/mxb\/wp-content\/uploads\/2026\/03\/mxplouasne-44.jpg\" alt=\"\" width=\"1500\" height=\"1001\" srcset=\"https:\/\/mx-bretagne.com\/mxb\/wp-content\/uploads\/2026\/03\/mxplouasne-44.jpg 1500w, https:\/\/mx-bretagne.com\/mxb\/wp-content\/uploads\/2026\/03\/mxplouasne-44-554x370.jpg 554w, https:\/\/mx-bretagne.com\/mxb\/wp-content\/uploads\/2026\/03\/mxplouasne-44-1440x961.jpg 1440w, https:\/\/mx-bretagne.com\/mxb\/wp-content\/uploads\/2026\/03\/mxplouasne-44-768x513.jpg 768w\" sizes=\"(max-width: 1500px) 100vw, 1500px\" \/><p id=\"caption-attachment-19960\" class=\"wp-caption-text\">Termin\u00e9 le panneau manuel, un chrono digital pr\u00e9vient du temps restant.<\/p><\/div>\n<p>&nbsp;<\/p>\n<div id=\"attachment_19958\" style=\"width: 1510px\" class=\"wp-caption aligncenter\"><img aria-describedby=\"caption-attachment-19958\" decoding=\"async\" loading=\"lazy\" class=\"size-full wp-image-19958\" src=\"https:\/\/mx-bretagne.com\/mxb\/wp-content\/uploads\/2026\/03\/mxplouasne-16.jpg\" alt=\"\" width=\"1500\" height=\"1001\" srcset=\"https:\/\/mx-bretagne.com\/mxb\/wp-content\/uploads\/2026\/03\/mxplouasne-16.jpg 1500w, https:\/\/mx-bretagne.com\/mxb\/wp-content\/uploads\/2026\/03\/mxplouasne-16-554x370.jpg 554w, https:\/\/mx-bretagne.com\/mxb\/wp-content\/uploads\/2026\/03\/mxplouasne-16-1440x961.jpg 1440w, https:\/\/mx-bretagne.com\/mxb\/wp-content\/uploads\/2026\/03\/mxplouasne-16-768x513.jpg 768w\" sizes=\"(max-width: 1500px) 100vw, 1500px\" \/><p id=\"caption-attachment-19958\" class=\"wp-caption-text\">Club historique, Plouasne reste un circuit appr\u00e9ci\u00e9 par les pilotes et spectateurs. A noter la pr\u00e9paration au petit oignon de la terre. Pas d&rsquo;arrosage, pas de poussi\u00e8re, une vraie patte \u00e0 modeler qui donnait envie d&rsquo;y poser les roues.<\/p><\/div>\n<p>&nbsp;<\/p>\n<div id=\"attachment_19964\" style=\"width: 1510px\" class=\"wp-caption aligncenter\"><img aria-describedby=\"caption-attachment-19964\" decoding=\"async\" loading=\"lazy\" class=\"size-full wp-image-19964\" src=\"https:\/\/mx-bretagne.com\/mxb\/wp-content\/uploads\/2026\/03\/mxplouasne-56.jpg\" alt=\"\" width=\"1500\" height=\"1001\" srcset=\"https:\/\/mx-bretagne.com\/mxb\/wp-content\/uploads\/2026\/03\/mxplouasne-56.jpg 1500w, https:\/\/mx-bretagne.com\/mxb\/wp-content\/uploads\/2026\/03\/mxplouasne-56-554x370.jpg 554w, https:\/\/mx-bretagne.com\/mxb\/wp-content\/uploads\/2026\/03\/mxplouasne-56-1440x961.jpg 1440w, https:\/\/mx-bretagne.com\/mxb\/wp-content\/uploads\/2026\/03\/mxplouasne-56-768x513.jpg 768w\" sizes=\"(max-width: 1500px) 100vw, 1500px\" \/><p id=\"caption-attachment-19964\" class=\"wp-caption-text\">Le motocross fait toujours d\u00e9placer les foules.<\/p><\/div>\n<p>&nbsp;<\/p>\n<div id=\"attachment_19967\" style=\"width: 1510px\" class=\"wp-caption aligncenter\"><img aria-describedby=\"caption-attachment-19967\" decoding=\"async\" loading=\"lazy\" class=\"size-full wp-image-19967\" src=\"https:\/\/mx-bretagne.com\/mxb\/wp-content\/uploads\/2026\/03\/mxplouasne-109.jpg\" alt=\"\" width=\"1500\" height=\"1001\" srcset=\"https:\/\/mx-bretagne.com\/mxb\/wp-content\/uploads\/2026\/03\/mxplouasne-109.jpg 1500w, https:\/\/mx-bretagne.com\/mxb\/wp-content\/uploads\/2026\/03\/mxplouasne-109-554x370.jpg 554w, https:\/\/mx-bretagne.com\/mxb\/wp-content\/uploads\/2026\/03\/mxplouasne-109-1440x961.jpg 1440w, https:\/\/mx-bretagne.com\/mxb\/wp-content\/uploads\/2026\/03\/mxplouasne-109-768x513.jpg 768w\" sizes=\"(max-width: 1500px) 100vw, 1500px\" \/><p id=\"caption-attachment-19967\" class=\"wp-caption-text\">MX1 MX2 m\u00e9lang\u00e9s, la faute \u00e0 quoi, \u00e0 qui ? Pas assez de pilotes ? Niveaux trop diff\u00e9rents ? Dommage, c&rsquo;est tr\u00e8s flou pour les spectateurs&#8230;<\/p><\/div>\n<p>&nbsp;<\/p>\n<div id=\"attachment_19957\" style=\"width: 1010px\" class=\"wp-caption aligncenter\"><img aria-describedby=\"caption-attachment-19957\" decoding=\"async\" loading=\"lazy\" class=\"size-full wp-image-19957\" src=\"https:\/\/mx-bretagne.com\/mxb\/wp-content\/uploads\/2026\/03\/mxplouasne-1.jpg\" alt=\"\" width=\"1000\" height=\"668\" srcset=\"https:\/\/mx-bretagne.com\/mxb\/wp-content\/uploads\/2026\/03\/mxplouasne-1.jpg 1000w, https:\/\/mx-bretagne.com\/mxb\/wp-content\/uploads\/2026\/03\/mxplouasne-1-554x370.jpg 554w, https:\/\/mx-bretagne.com\/mxb\/wp-content\/uploads\/2026\/03\/mxplouasne-1-768x513.jpg 768w\" sizes=\"(max-width: 1000px) 100vw, 1000px\" \/><p id=\"caption-attachment-19957\" class=\"wp-caption-text\">Ca, il n&rsquo;y avait pas avant&#8230; Est-ce l&rsquo;avenir ? Si oui c&rsquo;est clairement moins sauvage et moins fun visuellement en tant que spectateur. C&rsquo;est liss\u00e9, sans saveur, la course est silencieuse tandis que le parc coureur est bruyant, les groupes \u00e9lectrog\u00e8nes sont \u00e0 plein r\u00e9gime. Une autre \u00e9poque.<\/p><\/div>\n<p>&nbsp;<\/p>\n<div id=\"attachment_19974\" style=\"width: 1510px\" class=\"wp-caption aligncenter\"><img aria-describedby=\"caption-attachment-19974\" decoding=\"async\" loading=\"lazy\" class=\"wp-image-19974 size-full\" src=\"https:\/\/mx-bretagne.com\/mxb\/wp-content\/uploads\/2026\/03\/mxplouasne-41.jpg\" alt=\"\" width=\"1500\" height=\"1001\" srcset=\"https:\/\/mx-bretagne.com\/mxb\/wp-content\/uploads\/2026\/03\/mxplouasne-41.jpg 1500w, https:\/\/mx-bretagne.com\/mxb\/wp-content\/uploads\/2026\/03\/mxplouasne-41-554x370.jpg 554w, https:\/\/mx-bretagne.com\/mxb\/wp-content\/uploads\/2026\/03\/mxplouasne-41-1440x961.jpg 1440w, https:\/\/mx-bretagne.com\/mxb\/wp-content\/uploads\/2026\/03\/mxplouasne-41-768x513.jpg 768w\" sizes=\"(max-width: 1500px) 100vw, 1500px\" \/><p id=\"caption-attachment-19974\" class=\"wp-caption-text\">Les 125cc r\u00e9sistent et s&rsquo;imposent en Troph\u00e9e Club avec par exemple, ici, Ilian Mel.<\/p><\/div>\n<p>&nbsp;<\/p>\n<p><strong>R\u00c9SULTATS JOURN\u00c9E MX BREIZH<\/strong><\/p>\n<p>1 172 BOISRAME MATHYS MOTO CLUB ROMAGNE 35 35 70<br \/>\n2 57 GOUPILLON PIERRE EMERY MAXIME COMPETITION 30 30 60<br \/>\n3 597 HARNOIS ALAN ASSOCIATION MOTOCYCLISTE GUEGO 22 24 46<br \/>\n4 606 VINCENT KILLIAN MOTO CLUB TRIAGOZ 18 26 44<br \/>\n5 412 MARECHAL GREGORY EMERY MAXIME COMPETITION 17 22 39<br \/>\n6 638 CHASTEL MATEO MOTO CLUB ROMAGNE 16 20 36<br \/>\n7 195 FLICK XAVIER MOTO CLUB DE CORNOUAILLE 13 19 32<br \/>\n8 224 ZOMERO TEO MOTO CLUB TOUT TERRAIN DU ROCH 15 17 32<br \/>\n9 908 BRANCO KILIAN ASM GUISSENY 14 16 30<br \/>\n10 720 WERLE ILANN ASM GUISSENY 8 18 26<br \/>\n11 100 DUHAMEL NICOLAS \u00ab\u00a0MOTO CLUB DE L&rsquo;HOMELAIS\u00a0\u00bb 26 &#8211; 26<br \/>\n12 122 DUHAMEL JULIEN \u00ab\u00a0MOTO CLUB DE L&rsquo;HOMELAIS\u00a0\u00bb 24 &#8211; 24<br \/>\n13 22 FONTAINE JOHANN MOTO CLUB IFFENDIC 10 12 22<br \/>\n14 780 PREL WILLIAM A.M. BIGNANAISE 11 11 22<br \/>\n15 840 CHAUVIRE LEANDRE MOTO CLUB ROMAGNE 12 9 21<br \/>\n16 198 LE GALLE KEVIN MOTO CLUB DE SAINT MARC 7 13 20<br \/>\n17 314 SUTEAU WESLEY MOTO CLUB FULKERIEN 20 &#8211; 20<br \/>\n18 37 MAHE ALEXIS MOTO CLUB IFFENDIC 19 &#8211; 19<br \/>\n19 322 COCHENNEC JOSSELIN AS SPORTIVE MOTOCYCLISTE DU PA 4 14 18<br \/>\n20 332 CADIOU ANTOINE AMA ST CARREUC 9 8 17<br \/>\n&#8230;<\/p>\n","protected":false},"excerpt":{"rendered":"<p>Voil\u00e0 bient\u00f4t 8 ans que je ne m&rsquo;\u00e9tais pas rendu sur un motocross de Ligue Bretagne et notamment \u00e0 Plouasne. En 2018, Vincent Corre gagnait en MX1, Th\u00e9o Roptin en MX2 et Pierre-Olivier Cueff en 125cc. Nous sommes en 2026, l&rsquo;occasion de comparer en tant que spectateur lambda.<\/p>\n","protected":false},"author":1,"featured_media":19968,"comment_status":"closed","ping_status":"closed","sticky":false,"template":"","format":"standard","meta":[],"categories":[7],"tags":[],"aioseo_notices":[],"_links":{"self":[{"href":"https:\/\/mx-bretagne.com\/mxb\/wp-json\/wp\/v2\/posts\/19955"}],"collection":[{"href":"https:\/\/mx-bretagne.com\/mxb\/wp-json\/wp\/v2\/posts"}],"about":[{"href":"https:\/\/mx-bretagne.com\/mxb\/wp-json\/wp\/v2\/types\/post"}],"author":[{"embeddable":true,"href":"https:\/\/mx-bretagne.com\/mxb\/wp-json\/wp\/v2\/users\/1"}],"replies":[{"embeddable":true,"href":"https:\/\/mx-bretagne.com\/mxb\/wp-json\/wp\/v2\/comments?post=19955"}],"version-history":[{"count":9,"href":"https:\/\/mx-bretagne.com\/mxb\/wp-json\/wp\/v2\/posts\/19955\/revisions"}],"predecessor-version":[{"id":19978,"href":"https:\/\/mx-bretagne.com\/mxb\/wp-json\/wp\/v2\/posts\/19955\/revisions\/19978"}],"wp:featuredmedia":[{"embeddable":true,"href":"https:\/\/mx-bretagne.com\/mxb\/wp-json\/wp\/v2\/media\/19968"}],"wp:attachment":[{"href":"https:\/\/mx-bretagne.com\/mxb\/wp-json\/wp\/v2\/media?parent=19955"}],"wp:term":[{"taxonomy":"category","embeddable":true,"href":"https:\/\/mx-bretagne.com\/mxb\/wp-json\/wp\/v2\/categories?post=19955"},{"taxonomy":"post_tag","embeddable":true,"href":"https:\/\/mx-bretagne.com\/mxb\/wp-json\/wp\/v2\/tags?post=19955"}],"curies":[{"name":"wp","href":"https:\/\/api.w.org\/{rel}","templated":true}]}}