{"id":19688,"date":"2023-06-21T20:00:12","date_gmt":"2023-06-21T19:00:12","guid":{"rendered":"https:\/\/mx-bretagne.com\/mxb\/?p=19688"},"modified":"2023-06-21T20:00:12","modified_gmt":"2023-06-21T19:00:12","slug":"elite-motocross-la-finale-a-iffendic","status":"publish","type":"post","link":"https:\/\/mx-bretagne.com\/mxb\/elite-motocross-la-finale-a-iffendic","title":{"rendered":"ELITE MOTOCROSS: La finale \u00e0 Iffendic !"},"content":{"rendered":"<p><img decoding=\"async\" loading=\"lazy\" class=\"aligncenter size-full wp-image-19689\" src=\"https:\/\/mx-bretagne.com\/mxb\/wp-content\/uploads\/2023\/06\/iffendic24mx.jpg\" alt=\"\" width=\"1500\" height=\"1060\" srcset=\"https:\/\/mx-bretagne.com\/mxb\/wp-content\/uploads\/2023\/06\/iffendic24mx.jpg 1500w, https:\/\/mx-bretagne.com\/mxb\/wp-content\/uploads\/2023\/06\/iffendic24mx-524x370.jpg 524w, https:\/\/mx-bretagne.com\/mxb\/wp-content\/uploads\/2023\/06\/iffendic24mx-1440x1018.jpg 1440w, https:\/\/mx-bretagne.com\/mxb\/wp-content\/uploads\/2023\/06\/iffendic24mx-768x543.jpg 768w\" sizes=\"(max-width: 1500px) 100vw, 1500px\" \/><\/p>\n<h3>Un tr\u00e8s gros week-end se pr\u00e9pare pour le moto-club d&rsquo;Iffendic qui va recevoir la finale du Championnat de France Elite 2023 les 1er &amp; 2 juillet. Au programme deux jours de comp\u00e9tition de haut niveau avec les jeunes du 85cc le samedi et l&rsquo;Elite le dimanche + les 125cc.<\/h3>\n<p><!--more--><\/p>\n<h2>4 CATEGORIES SUR UN WEEK-END<\/h2>\n<h3>UN SAMEDI R\u00c9SERV\u00c9 AUX FUTURS CHAMPIONS<\/h3>\n<p>CHAMPIONNAT DE FRANCE ESPOIR (qualifications et courses de classement)<br \/>\nR\u00e9serv\u00e9 aux pilotes ag\u00e9s de 12 \u00e0 15 ans, ce championnat se dispute sur des motos de cylindr\u00e9es 85cc &#8211; 2<br \/>\ntemps.<\/p>\n<p>CHAMPIONNAT DE FRANCE JUNIOR (qualifications)<br \/>\nR\u00e9serv\u00e9 aux pilotes ag\u00e9s de 13 \u00e0 17 ans, les graines de champion s\u2019affrontent sur des motos<br \/>\nde cylindr\u00e9es 125cc &#8211; 2 temps.<\/p>\n<h3>UN DIMANCHE CONSACR\u00c9 AU JUNIOR ET \u00c0 L&rsquo;\u00c9LITE<\/h3>\n<p>CHAMPIONNAT DE FRANCE JUNIOR (courses de classement)<br \/>\nR\u00e9serv\u00e9 aux pilotes ag\u00e9s de 13 \u00e0 17 ans, les graines de champion s\u2019affrontent sur des motos de cylindr\u00e9es<br \/>\n125cc &#8211; 2 temps.<\/p>\n<p>CHAMPIONNAT DE FRANCE ELITE MX1 &#8211; MX2 (qualifications et courses de classement)<br \/>\nPoint d\u2019orgue de chaque week-end, les t\u00e9nors de la discipline s\u2019affrontent le dimanche lors de deux manches<br \/>\nde 35 minutes.<\/p>\n<p>En MX2, les pilotes exp\u00e9riment\u00e9s et les jeunes s\u2019affrontent au guidon de 250cc 4T.<\/p>\n<p>C\u00f4t\u00e9 MX1, les meilleurs pilotes sur des 450cc 4T rentrent en piste pour offrir un sp\u00e9ctacle grandiose.<\/p>\n<h2>INFOS<\/h2>\n<p>&gt; Pr\u00e9-vente en ligne : 20 \u20ac au lieu de 25 \u20ac sur <a href=\"www.mc-iffendic.com\" target=\"_blank\" rel=\"noopener\">www.mc-iffendic.com<\/a><br \/>\n&gt; Gratuit moins de 16 ans<br \/>\n&gt; Billeterie et informations sur <a href=\"www.mc-iffendic.com\" target=\"_blank\" rel=\"noopener\">www.mc-iffendic.com<\/a> et Facebook Moto-Club Iffendic<\/p>\n","protected":false},"excerpt":{"rendered":"<p>Un tr\u00e8s gros week-end se pr\u00e9pare pour le moto-club d&rsquo;Iffendic qui va recevoir la finale du Championnat de France Elite 2023 les 1er &amp; 2 juillet. Au programme deux jours de comp\u00e9tition de haut niveau avec les jeunes du 85cc le samedi et l&rsquo;Elite le dimanche + les 125cc.<\/p>\n","protected":false},"author":1,"featured_media":19689,"comment_status":"closed","ping_status":"closed","sticky":false,"template":"","format":"standard","meta":[],"categories":[4],"tags":[],"aioseo_notices":[],"_links":{"self":[{"href":"https:\/\/mx-bretagne.com\/mxb\/wp-json\/wp\/v2\/posts\/19688"}],"collection":[{"href":"https:\/\/mx-bretagne.com\/mxb\/wp-json\/wp\/v2\/posts"}],"about":[{"href":"https:\/\/mx-bretagne.com\/mxb\/wp-json\/wp\/v2\/types\/post"}],"author":[{"embeddable":true,"href":"https:\/\/mx-bretagne.com\/mxb\/wp-json\/wp\/v2\/users\/1"}],"replies":[{"embeddable":true,"href":"https:\/\/mx-bretagne.com\/mxb\/wp-json\/wp\/v2\/comments?post=19688"}],"version-history":[{"count":1,"href":"https:\/\/mx-bretagne.com\/mxb\/wp-json\/wp\/v2\/posts\/19688\/revisions"}],"predecessor-version":[{"id":19690,"href":"https:\/\/mx-bretagne.com\/mxb\/wp-json\/wp\/v2\/posts\/19688\/revisions\/19690"}],"wp:featuredmedia":[{"embeddable":true,"href":"https:\/\/mx-bretagne.com\/mxb\/wp-json\/wp\/v2\/media\/19689"}],"wp:attachment":[{"href":"https:\/\/mx-bretagne.com\/mxb\/wp-json\/wp\/v2\/media?parent=19688"}],"wp:term":[{"taxonomy":"category","embeddable":true,"href":"https:\/\/mx-bretagne.com\/mxb\/wp-json\/wp\/v2\/categories?post=19688"},{"taxonomy":"post_tag","embeddable":true,"href":"https:\/\/mx-bretagne.com\/mxb\/wp-json\/wp\/v2\/tags?post=19688"}],"curies":[{"name":"wp","href":"https:\/\/api.w.org\/{rel}","templated":true}]}}