{"id":19680,"date":"2023-05-31T12:01:38","date_gmt":"2023-05-31T11:01:38","guid":{"rendered":"https:\/\/mx-bretagne.com\/mxb\/?p=19680"},"modified":"2023-05-31T12:47:30","modified_gmt":"2023-05-31T11:47:30","slug":"brou-mondial-side-car","status":"publish","type":"post","link":"https:\/\/mx-bretagne.com\/mxb\/brou-mondial-side-car","title":{"rendered":"BROU : Mondial Side Car"},"content":{"rendered":"<h3><img decoding=\"async\" loading=\"lazy\" class=\"aligncenter size-full wp-image-19681\" src=\"https:\/\/mx-bretagne.com\/mxb\/wp-content\/uploads\/2023\/05\/brou.jpg\" alt=\"\" width=\"1280\" height=\"800\" srcset=\"https:\/\/mx-bretagne.com\/mxb\/wp-content\/uploads\/2023\/05\/brou.jpg 1280w, https:\/\/mx-bretagne.com\/mxb\/wp-content\/uploads\/2023\/05\/brou-592x370.jpg 592w, https:\/\/mx-bretagne.com\/mxb\/wp-content\/uploads\/2023\/05\/brou-768x480.jpg 768w\" sizes=\"(max-width: 1280px) 100vw, 1280px\" \/><img decoding=\"async\" loading=\"lazy\" class=\"aligncenter size-full wp-image-19681\" src=\"https:\/\/mx-bretagne.com\/mxb\/wp-content\/uploads\/2023\/05\/brou.jpg\" alt=\"\" width=\"1280\" height=\"800\" srcset=\"https:\/\/mx-bretagne.com\/mxb\/wp-content\/uploads\/2023\/05\/brou.jpg 1280w, https:\/\/mx-bretagne.com\/mxb\/wp-content\/uploads\/2023\/05\/brou-592x370.jpg 592w, https:\/\/mx-bretagne.com\/mxb\/wp-content\/uploads\/2023\/05\/brou-768x480.jpg 768w\" sizes=\"(max-width: 1280px) 100vw, 1280px\" \/><\/h3>\n<h3 class=\"p1\">Notre premier motocross \u00e0 Brou en ce dimanche 28 mai. Nous avons d\u00e9couvert un tr\u00e8s beau circuit avec visibilit\u00e9 presque totale.<\/h3>\n<p><!--more--><\/p>\n\n\t\t<style type=\"text\/css\">\n\t\t\t#gallery-1 {\n\t\t\t\tmargin: auto;\n\t\t\t}\n\t\t\t#gallery-1 .gallery-item {\n\t\t\t\tfloat: left;\n\t\t\t\tmargin-top: 10px;\n\t\t\t\ttext-align: center;\n\t\t\t\twidth: 50%;\n\t\t\t}\n\t\t\t#gallery-1 img {\n\t\t\t\tborder: 2px solid #cfcfcf;\n\t\t\t}\n\t\t\t#gallery-1 .gallery-caption {\n\t\t\t\tmargin-left: 0;\n\t\t\t}\n\t\t\t\/* see gallery_shortcode() in wp-includes\/media.php *\/\n\t\t<\/style>\n\t\t<div id='gallery-1' class='gallery galleryid-19680 gallery-columns-2 gallery-size-thumbnail'><dl class='gallery-item'>\n\t\t\t<dt class='gallery-icon portrait'>\n\t\t\t\t<a href='https:\/\/mx-bretagne.com\/mxb\/wp-content\/uploads\/2023\/05\/brou2.jpg'><img width=\"300\" height=\"150\" src=\"https:\/\/mx-bretagne.com\/mxb\/wp-content\/uploads\/2023\/05\/brou2-300x150.jpg\" class=\"attachment-thumbnail size-thumbnail\" alt=\"\" decoding=\"async\" loading=\"lazy\" \/><\/a>\n\t\t\t<\/dt><\/dl><dl class='gallery-item'>\n\t\t\t<dt class='gallery-icon portrait'>\n\t\t\t\t<a href='https:\/\/mx-bretagne.com\/mxb\/wp-content\/uploads\/2023\/05\/brou3.jpg'><img width=\"300\" height=\"150\" src=\"https:\/\/mx-bretagne.com\/mxb\/wp-content\/uploads\/2023\/05\/brou3-300x150.jpg\" class=\"attachment-thumbnail size-thumbnail\" alt=\"\" decoding=\"async\" loading=\"lazy\" \/><\/a>\n\t\t\t<\/dt><\/dl><br style=\"clear: both\" \/>\n\t\t<\/div>\n\n<p class=\"p1\">La manche de Sidecarcross a lanc\u00e9 l&rsquo;apr\u00e8s-midi. L&rsquo;arrosage d&rsquo;avant course n&rsquo;a pas emp\u00each\u00e9 les 30 \u00e9quipages de mettre du gros gaz. Bravo \u00e0 Killian et Evan Prunier qui termine 5<span class=\"s1\"><sup>\u00e8me<\/sup><\/span>. L&rsquo;\u00e9quipage N\u00b082 (Etienne Bax \/ Ond\u0159ej \u010cerm\u00e1k) termine vainqueur devant le N\u00b02 (Marvin Vanluchene \/ Nicolas Musset).<\/p>\n<p class=\"p1\">Chez les pilotes du championnat de France National MX2. Kilian Poll a pris les choses en main d\u00e8s le d\u00e9part. Il r\u00e9alise une tr\u00e8s belle manche et s&rsquo;impose malgr\u00e9 la pression constante d\u2019Alexis Schimitt au guidon de la Kawasaki N\u00b0485. Robin Kappel vainqueur de la derni\u00e8re \u00e9preuve \u00e0 Saint Eloi signe une course solide 4<span class=\"s1\"><sup>\u00e8me<\/sup><\/span>.<\/p>\n<p class=\"p1\">Classement de la premi\u00e8re manche : 1. Kiliann Poll KTM N\u00b0589 ; 2. Alexis Schmitt Kawasaki N\u00b0485 ; 3. Nicolas Duhamel GasGas N\u00b0241 ; 4. Robin Kappel Kawasaki N\u00b0707 ; 5. J\u00e9r\u00e9my Bonneau Husqvarna N\u00b0276<\/p>\n<p class=\"p1\">L&rsquo;\u00e9quipage N\u00b02 (Marvin Vanluchene \/ Nicolas Musset) a pris sa revanche en deuxi\u00e8me manche en gagnant cette manche et donc le Grand Prix devant le N\u00b082 (Etienne Bax \/ Ond\u0159ej \u010cerm\u00e1k). L&rsquo;\u00e9quipage N\u00b017 (Tim Pr\u00fcmmer \/ Jarno Steegmans 4\/7) a affich\u00e9 une belle attaque dans les deux manches.<\/p>\n<p class=\"p1\">Notre \u00e9quipage Fran\u00e7ais N\u00b094 termine 6<span class=\"s1\"><sup>\u00e8me<\/sup><\/span> apr\u00e8s avoir \u00e9t\u00e9 longtemps 4\u00e8me. Petit clin d&rsquo;\u0153il \u00e0 Gwendal et Damien Carcreff N\u00b0936 (24\/21) aux portes des points en championnat du monde. L\u2019\u00e9quipage compos\u00e9 de Charly Bonnet et Cl\u00e9mentine Thamri N\u00b0110 termine 27 et 23<span class=\"s1\"><sup>\u00e8me<\/sup><\/span> des deux manches.<\/p>\n<p class=\"p1\">J\u00e9r\u00e9my Bonneau r\u00e9alise le holeshot et la course en t\u00eate. Kiliann Poll pointait \u00e0 2s 581 derri\u00e8re lors du deuxi\u00e8me tour. Kiliann a ensuite tout donn\u00e9 pour tenter de revenir dans les roues de J\u00e9r\u00e9my Bonneau. Le pilote KTM termine 2<span class=\"s1\"><sup>\u00e8me<\/sup><\/span> et remporte le g\u00e9n\u00e9ral. Une belle op\u00e9ration au championnat. Nicolas Duhamel (3\/6) un moment 2<span class=\"s1\"><sup>\u00e8me<\/sup><\/span> a commis une erreur alors qu&rsquo;il \u00e9tait rapide.<\/p>\n<p class=\"p1\">Classement de la deuxi\u00e8me manche : 1. J\u00e9r\u00e9my Bonneau Husqvarna N\u00b0276 ; 2. Kiliann Poll KTM N\u00b0589 ; 3. Robin Kappel Kawasaki N\u00b0707 ; 4. Alexis Schmitt Kawasaki N\u00b0485 ; 3. Hugo Manzato Husqvarna N\u00b0965<\/p>\n<p class=\"p1\">G\u00e9n\u00e9ral de la journ\u00e9e : 1. Kiliann Poll KTM N\u00b0589 ; 2. J\u00e9r\u00e9my Bonneau Husqvarna N\u00b0276 ; 3. Alexis Schmitt Kawasaki N\u00b0485 ; 4. Robin Kappel Kawasaki N\u00b0707 ; 5. Nicolas Duhamel GasGas N\u00b0241<\/p>\n<p class=\"p1\">Classement provisoire 1. Kiliann Poll KTM N\u00b0589 181 points ; 2. Robin Kappel Kawasaki N\u00b0707 148 points ; 3. Tino Basso Yamaha N\u00b0971 128 points ; 4. Hugo Manzato Husqvarna N\u00b0965 125 points ; 5. J\u00e9r\u00e9my Bonneau Husqvarna N\u00b0276 123 points<\/p>\n<p class=\"p1\">Dans le paddock du Sidecarcross nous avons ressenti une ambiance particuli\u00e8re ou la solidarit\u00e9 \u00e9tait vraiment pr\u00e9sente malgr\u00e9 la concurrence.<\/p>\n<p class=\"p1\">Le Troph\u00e9e Elven est remport\u00e9 par le S\u00e9bastien Perez N\u00b0906 qui r\u00e9alise le doubl\u00e9. \u00c0 noter la pr\u00e9sence de Florian Blanchouin alias \u00ab\u00a0Flo Sous Le Casque\u00a0\u00bb.<\/p>\n<p class=\"p1\">La chaleur \u00e9tait avec nous toute la journ\u00e9e. Bravo \u00e0 tous les pilotes de nous avoir offert ce spectacle. Le terrain vraiment d\u00e9fonc\u00e9 pour les secondes manches a mis les organismes \u00e0 rude \u00e9preuve mais chacun a fait son maximum. Une belle journ\u00e9e \u00e0 tous les niveaux.<\/p>\n<p class=\"p1\">La prochaine \u00e9preuve du National MX2 \u00e0 lieu Segonzac \u00e0 alors que le Sidecarcross s&rsquo;arr\u00eatera en Estonie le 10 et le 11 juin.<\/p>\n<p class=\"p4\"><b>R\u00e9sultats de la course 1<\/b><\/p>\n<p class=\"p5\">1\/ Bax \/ \u010cerm\u00e1k N\u00b082<br \/>\n2\/ Vanluchene \/ Musset N\u00b02<br \/>\n3\/ Hermans \/ Van Den Bogaart N\u00b03<br \/>\n4\/ Pr\u00fcmmer \/ Steegmans N\u00b017<br \/>\n5\/ Prunier \/ Prunier N\u00b094<br \/>\n6\/ Wilkinson \/ Millard N\u00b0199<br \/>\n7\/ Heinzer \/ Betschart N\u00b093<br \/>\n8\/ Keuben \/ Rietman N\u00b07<br \/>\n9\/ Sanders \/ Rostingt N\u00b09<br \/>\n10\/ Van Werven \/ De Veene N\u00b011<br \/>\n11\/ Weinmann \/ Weinmann N\u00b025<br \/>\n12\/ Lielbardis \/ Lielbardis N\u00b0101<\/p>\n<p class=\"p4\"><b>R\u00e9sultats de la course 2<\/b><\/p>\n<p class=\"p5\">1\/ Vanluchene \/ Musset N\u00b02<br \/>\n2\/ Bax\/ \u010cerm\u00e1k N\u00b082<br \/>\n3\/ Wilkinson \/ Millard N\u00b0199<br \/>\n4\/ Hermans \/Van Den Bogaart N\u00b03<br \/>\n5\/ Lielbardis \/ Lielbardis N\u00b0101<br \/>\n6\/ Prunier \/ Prunier N\u00b094<br \/>\n7\/ Pr\u00fcmmer \/Steegmans N\u00b017<br \/>\n8\/ Weinmann \/ Weinmann N\u00b025<br \/>\n9\/ Keuben \/ Rietman N\u00b07<br \/>\n10\/ K\u00e4ser \/ D\u00f6rig N\u00b084<br \/>\n11\/ Auvray \/ Lebreton N\u00b0777<br \/>\n12\/ Sanders \/ Rostingt N\u00b09<\/p>\n<p class=\"p4\"><span class=\"s2\"><br \/>\n<\/span><b>R\u00e9sultat du Grand Prix<\/b><\/p>\n<p class=\"p1\">1\/ Vanluchene \/ Musset N\u00b02<br \/>\n2\/ Bax \/ \u010cerm\u00e1k N\u00b082<br \/>\n3\/ Hermans \/ Van Den Bogaart N\u00b03<span class=\"Apple-converted-space\">\u00a0<\/span><\/p>\n<p class=\"p5\">6\/ Prunier \/ Prunier N\u00b094<\/p>\n<p class=\"p4\"><b>Classement du championnat<\/b><\/p>\n<p class=\"p1\">1. #2 Marvin Vanluchene \/ Nicolas Musset 185 points<\/p>\n<p class=\"p1\">2. #82 Etienne Bax \/ Ond\u0159ej \u010cerm\u00e1k 156 points<\/p>\n<p class=\"p1\">3. #3 Koen Hermans \/ Benvan Den Bogaart 154 points<\/p>\n<p class=\"p1\">4. #199 Brett Wilkinson \/ Joe Millard 123 points<\/p>\n<p class=\"p1\">5. #7 Justin Keuben \/ Dion Rietman 110 points<\/p>\n<p class=\"p1\">6. #9 Davy Sanders \/ Luc Rostingt 103 points<\/p>\n<p class=\"p1\">7. #11 Gert Van Werven \/ Robbe De Veene 97 points<\/p>\n<p class=\"p1\">8. #17 Tim Pr\u00fcmmer \/ Jarno Steegmans 96 points<\/p>\n<p class=\"p1\">9. #101 Daniels Lielbardis \/ Bruno Lielbardis 87 points<\/p>\n<p class=\"p1\">10. #723 Jason Van Daele \/ Konstantinas Beleckas 74 points<\/p>\n<p class=\"p1\">11. #94 Killian Prunier \/ Evan Prunier 63 points<\/p>\n<p class=\"p1\">12. #93 Marco Heinzer \/ Ruedi Betschart 58 points<\/p>\n<p class=\"p1\">13. #75 Tim Leferink \/ Sem Leferink 57 points<\/p>\n<p class=\"p1\">14. #99 Thom van de Lagemaat Han Van Hal 52 points<\/p>\n<p class=\"p1\">15. #10 Dan Foden \/ Ryan Humphrey 49 points<\/p>\n<p class=\"p1\">16. #40 Romaric Chanteloup \/ Bastien Chopin 47 points<\/p>\n<p class=\"p1\">17. #25 Joshua Weinmann \/ Noah Weinmann 45 points<\/p>\n<p class=\"p1\">18. #418 Stephan Wijers \/ Loet Van Der Putten 42 points<\/p>\n<p class=\"p1\">19. #111 Daniel Willemsen \/ Niki Debruyne 25 points<\/p>\n<p class=\"p1\">20. #24 George Kinge \/ Paul Horton 25 points<\/p>\n<p class=\"p1\">21. #19 Sven Wisselink \/ Jens Vincent 20 points<\/p>\n<p class=\"p1\">22. #151 Gert Gordejev \/ Aivarvan De Wiel 12 points<\/p>\n<p class=\"p1\">23. #84 Remo K\u00e4ser \/ Cornelio D\u00f6rig 11 points<\/p>\n<p class=\"p1\">24. #81 Gr\u00e9gory Raymond \/ Jimmy Boucher 11 points<\/p>\n<p class=\"p1\">25. #47 Artis Devoldere \/ AlexandreTourbier 11 points<\/p>\n<p class=\"p1\">26. #777 Guennady Auvray \/ Rodolphe Lebreton 10 points<\/p>\n<p class=\"p1\">27. #20 Adrian Peter \/ Joel Hoffmann 10 points<\/p>\n<p class=\"p1\">28. #72 Frank Mulders \/ Marcvan Deutekom 9 points<\/p>\n<p class=\"p1\">29. #14 Gary Moulds \/ Lewis Gray 8 points<\/p>\n<p class=\"p1\">30. #856 Haske Hurkmans \/ Robbie Bax 7 points<\/p>\n<p class=\"p1\">31. #191 Carlovan Duijnhoven \/ Rodolphe Lebreton 5 points<\/p>\n<p class=\"p1\">32. #214 Glenn Van Der Schraelen \/ Yan Hereygers 3 points<\/p>\n<p class=\"p1\">33. #95 Kevin Van Vaerenberg \/ Jens Mans 2 points<\/p>\n<p class=\"p1\">34. #15 Jan Polivka \/ Miroslav Zatloukal 1 points<\/p>\n<p class=\"p7\">Les Grum\u2019s.<\/p>\n","protected":false},"excerpt":{"rendered":"<p>Notre premier motocross \u00e0 Brou en ce dimanche 28 mai. Nous avons d\u00e9couvert un tr\u00e8s beau circuit avec visibilit\u00e9 presque totale.<\/p>\n","protected":false},"author":5,"featured_media":19681,"comment_status":"closed","ping_status":"closed","sticky":false,"template":"","format":"standard","meta":[],"categories":[605,487],"tags":[],"aioseo_notices":[],"_links":{"self":[{"href":"https:\/\/mx-bretagne.com\/mxb\/wp-json\/wp\/v2\/posts\/19680"}],"collection":[{"href":"https:\/\/mx-bretagne.com\/mxb\/wp-json\/wp\/v2\/posts"}],"about":[{"href":"https:\/\/mx-bretagne.com\/mxb\/wp-json\/wp\/v2\/types\/post"}],"author":[{"embeddable":true,"href":"https:\/\/mx-bretagne.com\/mxb\/wp-json\/wp\/v2\/users\/5"}],"replies":[{"embeddable":true,"href":"https:\/\/mx-bretagne.com\/mxb\/wp-json\/wp\/v2\/comments?post=19680"}],"version-history":[{"count":2,"href":"https:\/\/mx-bretagne.com\/mxb\/wp-json\/wp\/v2\/posts\/19680\/revisions"}],"predecessor-version":[{"id":19686,"href":"https:\/\/mx-bretagne.com\/mxb\/wp-json\/wp\/v2\/posts\/19680\/revisions\/19686"}],"wp:featuredmedia":[{"embeddable":true,"href":"https:\/\/mx-bretagne.com\/mxb\/wp-json\/wp\/v2\/media\/19681"}],"wp:attachment":[{"href":"https:\/\/mx-bretagne.com\/mxb\/wp-json\/wp\/v2\/media?parent=19680"}],"wp:term":[{"taxonomy":"category","embeddable":true,"href":"https:\/\/mx-bretagne.com\/mxb\/wp-json\/wp\/v2\/categories?post=19680"},{"taxonomy":"post_tag","embeddable":true,"href":"https:\/\/mx-bretagne.com\/mxb\/wp-json\/wp\/v2\/tags?post=19680"}],"curies":[{"name":"wp","href":"https:\/\/api.w.org\/{rel}","templated":true}]}}