{"id":19543,"date":"2023-02-27T12:38:10","date_gmt":"2023-02-27T11:38:10","guid":{"rendered":"https:\/\/mx-bretagne.com\/mxb\/?p=19543"},"modified":"2023-02-27T12:38:10","modified_gmt":"2023-02-27T11:38:10","slug":"video-entrainement-iffendic-2023","status":"publish","type":"post","link":"https:\/\/mx-bretagne.com\/mxb\/video-entrainement-iffendic-2023","title":{"rendered":"VIDEO: ENTRAINEMENT IFFENDIC 2023"},"content":{"rendered":"<h3>Nous vous proposons quelques images de l&rsquo;entrainement officiel d&rsquo;Iffendic qui se d\u00e9roulait ce dimanche 26 f\u00e9vrier 2023. Une piste bien pr\u00e9par\u00e9e comme sait le faire ce club mythique et des conditions m\u00e9t\u00e9o id\u00e9ales malgr\u00e9 un vent glacial.<\/h3>\n<p><!--more--><\/p>\n<div class=\"arve\" data-mode=\"normal\" data-oembed=\"1\" data-provider=\"youtube\" id=\"arve-youtube-24puecsjjhq69f38de5e9598726855350\" style=\"max-width:900px;\">\n<span class=\"arve-inner\"><br \/>\n<span class=\"arve-embed arve-embed--has-aspect-ratio\" style=\"aspect-ratio: 500 \/ 281\"><br \/>\n<span class=\"arve-ar\" style=\"padding-top:56.200000%\"><\/span><iframe loading=\"lazy\" allow=\"accelerometer; autoplay; clipboard-write; encrypted-media; gyroscope; picture-in-picture\" allowfullscreen class=\"arve-iframe fitvidsignore\" data-arve=\"arve-youtube-24puecsjjhq69f38de5e9598726855350\" data-src-no-ap=\"https:\/\/www.youtube-nocookie.com\/embed\/24pUECsjjhQ?feature=oembed&amp;iv_load_policy=3&amp;modestbranding=1&amp;rel=0&amp;autohide=1&amp;playsinline=0&amp;autoplay=0\" frameborder=\"0\" height=\"505.8\" sandbox=\"allow-scripts allow-same-origin allow-presentation allow-popups allow-popups-to-escape-sandbox\" scrolling=\"no\" src=\"https:\/\/www.youtube-nocookie.com\/embed\/24pUECsjjhQ?feature=oembed&#038;iv_load_policy=3&#038;modestbranding=1&#038;rel=0&#038;autohide=1&#038;playsinline=0&#038;autoplay=0\" width=\"900\"><\/iframe><\/p>\n<p><\/span><\/p>\n<p><\/span><br \/>\n<script type=\"application\/ld+json\">{\"@context\":\"http:\\\/\\\/schema.org\\\/\",\"@id\":\"https:\\\/\\\/mx-bretagne.com\\\/mxb\\\/video-entrainement-iffendic-2023#arve-youtube-24puecsjjhq69f38de5e9598726855350\",\"type\":\"VideoObject\",\"embedURL\":\"https:\\\/\\\/www.youtube-nocookie.com\\\/embed\\\/24pUECsjjhQ?feature=oembed&iv_load_policy=3&modestbranding=1&rel=0&autohide=1&playsinline=0&autoplay=0\"}<\/script>\n<\/div>\n","protected":false},"excerpt":{"rendered":"<p>Nous vous proposons quelques images de l&rsquo;entrainement officiel d&rsquo;Iffendic qui se d\u00e9roulait ce dimanche 26 f\u00e9vrier 2023. Une piste bien pr\u00e9par\u00e9e comme sait le faire ce club mythique et des conditions m\u00e9t\u00e9o id\u00e9ales malgr\u00e9 un vent glacial.<\/p>\n","protected":false},"author":1,"featured_media":19544,"comment_status":"closed","ping_status":"closed","sticky":false,"template":"","format":"standard","meta":[],"categories":[23],"tags":[],"aioseo_notices":[],"_links":{"self":[{"href":"https:\/\/mx-bretagne.com\/mxb\/wp-json\/wp\/v2\/posts\/19543"}],"collection":[{"href":"https:\/\/mx-bretagne.com\/mxb\/wp-json\/wp\/v2\/posts"}],"about":[{"href":"https:\/\/mx-bretagne.com\/mxb\/wp-json\/wp\/v2\/types\/post"}],"author":[{"embeddable":true,"href":"https:\/\/mx-bretagne.com\/mxb\/wp-json\/wp\/v2\/users\/1"}],"replies":[{"embeddable":true,"href":"https:\/\/mx-bretagne.com\/mxb\/wp-json\/wp\/v2\/comments?post=19543"}],"version-history":[{"count":1,"href":"https:\/\/mx-bretagne.com\/mxb\/wp-json\/wp\/v2\/posts\/19543\/revisions"}],"predecessor-version":[{"id":19545,"href":"https:\/\/mx-bretagne.com\/mxb\/wp-json\/wp\/v2\/posts\/19543\/revisions\/19545"}],"wp:featuredmedia":[{"embeddable":true,"href":"https:\/\/mx-bretagne.com\/mxb\/wp-json\/wp\/v2\/media\/19544"}],"wp:attachment":[{"href":"https:\/\/mx-bretagne.com\/mxb\/wp-json\/wp\/v2\/media?parent=19543"}],"wp:term":[{"taxonomy":"category","embeddable":true,"href":"https:\/\/mx-bretagne.com\/mxb\/wp-json\/wp\/v2\/categories?post=19543"},{"taxonomy":"post_tag","embeddable":true,"href":"https:\/\/mx-bretagne.com\/mxb\/wp-json\/wp\/v2\/tags?post=19543"}],"curies":[{"name":"wp","href":"https:\/\/api.w.org\/{rel}","templated":true}]}}