{"id":18399,"date":"2020-08-19T20:45:56","date_gmt":"2020-08-19T19:45:56","guid":{"rendered":"https:\/\/mx-bretagne.com\/mxb\/?p=18399"},"modified":"2020-08-19T20:47:03","modified_gmt":"2020-08-19T19:47:03","slug":"elite-mondial-les-bretons-a-la-mi-aout-2020","status":"publish","type":"post","link":"https:\/\/mx-bretagne.com\/mxb\/elite-mondial-les-bretons-a-la-mi-aout-2020","title":{"rendered":"ELITE &#038; MONDIAL: Les bretons \u00e0 la mi ao\u00fbt 2020"},"content":{"rendered":"<div id=\"attachment_18401\" style=\"width: 1210px\" class=\"wp-caption aligncenter\"><a href=\"https:\/\/mx-bretagne.com\/mxb\/wp-content\/uploads\/2020\/08\/MG_5674-CP.jpg\"><img aria-describedby=\"caption-attachment-18401\" decoding=\"async\" loading=\"lazy\" class=\"size-full wp-image-18401\" src=\"https:\/\/mx-bretagne.com\/mxb\/wp-content\/uploads\/2020\/08\/MG_5674-CP.jpg\" alt=\"\" width=\"1200\" height=\"800\" srcset=\"https:\/\/mx-bretagne.com\/mxb\/wp-content\/uploads\/2020\/08\/MG_5674-CP.jpg 1200w, https:\/\/mx-bretagne.com\/mxb\/wp-content\/uploads\/2020\/08\/MG_5674-CP-555x370.jpg 555w, https:\/\/mx-bretagne.com\/mxb\/wp-content\/uploads\/2020\/08\/MG_5674-CP-768x512.jpg 768w\" sizes=\"(max-width: 1200px) 100vw, 1200px\" \/><\/a><p id=\"caption-attachment-18401\" class=\"wp-caption-text\">Bon r\u00e9tablissement \u00e0 Pierre Goupillon qui avait atomis\u00e9 la concurrence \u00e0 Magescq. \u00a9Elite Motocross<\/p><\/div>\n<h3 style=\"text-align: justify;\">Depuis la reprise deux \u00e9preuves du championnat de France \u00c9lite se sont d\u00e9roul\u00e9es il est temps pour nous de voir o\u00f9 en sont nos pilotes Bretons.<\/h3>\n<p><!--more--><\/p>\n<p><span style=\"font-size: 10pt;\"><em>(Pilotes ayant marqu\u00e9s au moins 1 point)<\/em><\/span><\/p>\n<h2>85 ESPOIRS<\/h2>\n<p style=\"text-align: justify;\"><strong>Mathis Valin :<\/strong> Le nouveau pilote du team 737 performance de Valentin Teillet est deuxi\u00e8me du classement provisoire. Il vient de remporter la journ\u00e9e de Castelnau de L\u00e9vis. Le Team 737 Performance est encore un peu plus Breton avec Franck Grassin en tant que m\u00e9canicien.<\/p>\n<p style=\"text-align: justify;\"><strong>Ilann Werle\u00a0:<\/strong> Ilann termine 12<sup>\u00e8me<\/sup> de la premi\u00e8re manche \u00e0 Magescq. Il est actuellement 19<sup>\u00e8me<\/sup> du classement g\u00e9n\u00e9ral avec 9 points.<\/p>\n<h2 style=\"text-align: justify;\">JUNIOR<\/h2>\n<p style=\"text-align: justify;\"><strong>Alan Harnois\u00a0:<\/strong> (13\/12) et (6\/12), 7<sup>\u00e8me<\/sup> au g\u00e9n\u00e9ral apr\u00e8s ces 2 premi\u00e8res \u00e9preuves, Alan peut int\u00e9grer le top 5.<\/p>\n<p style=\"text-align: justify;\"><strong>Nicolas Duhamel\u00a0:<\/strong> (15\/7) et (12\/7), 10<sup>\u00e8me<\/sup> du classement Nicolas doit faire le maximum pour poursuivre sur sa r\u00e9gularit\u00e9 qui lui permettra d\u2019assurer un top 10 final si ce n\u2019est mieux<\/p>\n<p style=\"text-align: justify;\"><strong>Killian Vincent\u00a0:<\/strong> (15\/17) et (39\/19), Killian a prouv\u00e9 dans le sable de Magescq qu\u2019il avait sa place dans le top 15 en terminant 14<sup>\u00e8me<\/sup> de la journ\u00e9e. Actuellement 19<sup>\u00e8me<\/sup> du championnat, le top 15 au g\u00e9n\u00e9ral est \u00e0 sa port\u00e9e.<\/p>\n<p style=\"text-align: justify;\">Pens\u00e9e pour Pierre Louis D\u00e9royer qui s\u2019est fractur\u00e9 la clavicule \u00e0 Magescq. Nous lui souhaitons un bon r\u00e9tablissement et on esp\u00e8re qu\u2019il sera rapidement de retour.<\/p>\n<h2 style=\"text-align: justify;\">MX1<\/h2>\n<p style=\"text-align: justify;\"><strong>David Abgrall\u00a0:<\/strong> Apr\u00e8s deux 15<sup>\u00e8me<\/sup> places lors de la premi\u00e8re \u00e9preuve David termine 24<sup>\u00e8me<\/sup> et 16<sup>\u00e8me<\/sup> \u00e0 Castelnau de L\u00e9vis. Le pilote B\u00e9ta est actuellement 18<sup>\u00e8me<\/sup> du g\u00e9n\u00e9ral.<\/p>\n<p style=\"text-align: justify;\"><strong>Adrien Lamour :<\/strong> (14\/16) et (37\/19), Adrien a les moyens d\u2019int\u00e9grer les 15 premiers. C\u2019est ce qu\u2019on lui souhaite pour la prochaine \u00e9preuve.<\/p>\n<p style=\"text-align: justify;\"><strong>Kilian Branco\u00a0:<\/strong> Il termine 16<sup>\u00e8me<\/sup> de la premi\u00e8re manche \u00e0 Magescq ce qui lui permet d\u2019occuper la 26<sup>\u00e8me<\/sup> place au championnat.<\/p>\n<p style=\"text-align: justify;\"><strong>Pierre\u00a0Goupillon :<\/strong> Apr\u00e8s une double victoire lors de la premi\u00e8re \u00e9preuve Pierre pouvait esp\u00e9rer jouer le titre. Malheureusement une chute lors d\u2019une \u00e9preuve du championnat d\u2019Europe EMX2 \u00e0 ruin\u00e9 tous ses espoirs. Bon r\u00e9tablissement Pierre.<\/p>\n<p style=\"text-align: justify;\"><strong>PAPE Romain\u00a0:<\/strong> 17<sup>\u00e8me<\/sup> du classement, (26\/33) et (14\/5), Romain marque de gros \u00e0 Castelnau de L\u00e9vis au guidon de sa Kawasaki. La vitesse est l\u00e0, pourquoi pas un podium \u00e0 Rauville la place\u00a0?<\/p>\n<p style=\"text-align: justify;\">Bien s\u00fbr nous esp\u00e9rons revoir bient\u00f4t tous les pilotes Bretons derri\u00e8re une grille en Bretagne ou ailleurs.<\/p>\n<h2>Mondial MX2<\/h2>\n<p><strong>Mathys Boisram\u00e9\u00a0:<\/strong> (14\/12), (DNF\/10), (4\/3), (3\/3), et (15\/9)<\/p>\n<p style=\"text-align: justify;\">Nous ne pouvons pas terminer cette revue des effectifs Bretons sans un clin d\u2019\u0153il \u00e0 Mathys Boisram\u00e9. Le nouveau pilote Kawasaki FH avait d\u00fb serrer les dents lors des deux premi\u00e8res \u00e9preuves. Depuis la reprise il nous fait r\u00eaver avec des s\u00e9ances qualificatives au top et des manches tr\u00e8s solides. Le dernier Grand Prix en Lettonie ne refl\u00e8te pas sa vitesse mais il d\u00e9montre toujours une combativit\u00e9 \u00e0 toute \u00e9preuve. Mathys ne l\u00e2che rien m\u00eame quand il faut s\u2019employer pour remonter. La victoire n\u2019est plus tr\u00e8s loin.<\/p>\n<p>Les Grum\u2019s.<\/p>\n","protected":false},"excerpt":{"rendered":"<p>Depuis la reprise deux \u00e9preuves du championnat de France \u00c9lite se sont d\u00e9roul\u00e9es il est temps pour nous de voir o\u00f9 en sont nos pilotes Bretons.<\/p>\n","protected":false},"author":5,"featured_media":18401,"comment_status":"closed","ping_status":"closed","sticky":false,"template":"","format":"standard","meta":[],"categories":[294,491,492,605],"tags":[],"aioseo_notices":[],"_links":{"self":[{"href":"https:\/\/mx-bretagne.com\/mxb\/wp-json\/wp\/v2\/posts\/18399"}],"collection":[{"href":"https:\/\/mx-bretagne.com\/mxb\/wp-json\/wp\/v2\/posts"}],"about":[{"href":"https:\/\/mx-bretagne.com\/mxb\/wp-json\/wp\/v2\/types\/post"}],"author":[{"embeddable":true,"href":"https:\/\/mx-bretagne.com\/mxb\/wp-json\/wp\/v2\/users\/5"}],"replies":[{"embeddable":true,"href":"https:\/\/mx-bretagne.com\/mxb\/wp-json\/wp\/v2\/comments?post=18399"}],"version-history":[{"count":1,"href":"https:\/\/mx-bretagne.com\/mxb\/wp-json\/wp\/v2\/posts\/18399\/revisions"}],"predecessor-version":[{"id":18402,"href":"https:\/\/mx-bretagne.com\/mxb\/wp-json\/wp\/v2\/posts\/18399\/revisions\/18402"}],"wp:featuredmedia":[{"embeddable":true,"href":"https:\/\/mx-bretagne.com\/mxb\/wp-json\/wp\/v2\/media\/18401"}],"wp:attachment":[{"href":"https:\/\/mx-bretagne.com\/mxb\/wp-json\/wp\/v2\/media?parent=18399"}],"wp:term":[{"taxonomy":"category","embeddable":true,"href":"https:\/\/mx-bretagne.com\/mxb\/wp-json\/wp\/v2\/categories?post=18399"},{"taxonomy":"post_tag","embeddable":true,"href":"https:\/\/mx-bretagne.com\/mxb\/wp-json\/wp\/v2\/tags?post=18399"}],"curies":[{"name":"wp","href":"https:\/\/api.w.org\/{rel}","templated":true}]}}