{"id":1834,"date":"2012-03-28T20:21:09","date_gmt":"2012-03-28T20:21:09","guid":{"rendered":"http:\/\/www.mx-bretagne.com\/mxb\/?p=1834"},"modified":"2012-03-28T20:21:09","modified_gmt":"2012-03-28T20:21:09","slug":"report-plouasne-85cc-65cc","status":"publish","type":"post","link":"https:\/\/mx-bretagne.com\/mxb\/report-plouasne-85cc-65cc","title":{"rendered":"REPORT: Plouasne 85cc, 65cc"},"content":{"rendered":"<p><strong style=\"text-align: justify;\">Petit tour des r\u00e9sultats de nos jeunes loups de Bretagne qui en sont \u00e0 leur 2\u00e8me \u00e9preuves de l&rsquo;ann\u00e9e \u00e0 Plouasne le samedi.<\/strong><\/p>\n<p style=\"text-align: justify;\"><!--more--><\/p>\n<p style=\"text-align: justify;\">\u00a0<\/p>\n<p style=\"text-align: justify;\">Source r\u00e9sultats : <a href=\"http:\/\/www.ligue-moto-bretagne.com\" target=\"_blank\">Ligue de Bretagne<\/a><\/p>\n<p style=\"text-align: justify;\">\u00a0<\/p>\n<p style=\"text-align: justify;\"><strong><span style=\"font-size: xx-large; color: #3366ff;\">Minimes\/Cadets 85 cc<\/span><\/strong><\/p>\n<p>&nbsp;<\/p>\n<p style=\"text-align: justify;\"><span style=\"font-size: small;\">La terreur David Herbreteau ainsi que Mathys boisram\u00e9 et Fran\u00e7ois Dor\u00e9 n&rsquo;\u00e9tant pas pr\u00e9sent pour cause de Championnat de France, la 1\u00e8re place \u00e9tait donc libre ! Si Matthew Rayson remporte la 1\u00e8re manche, c&rsquo;est L\u00e9o Le Qu\u00e9r\u00e9 qui gagnera la 2\u00e8me et 3\u00e8me manche de la journ\u00e9e. Matthew est en t\u00eate du provisoire avec 13 points d&rsquo;avance sur Gwendal Thetiot.<\/span><\/p>\n<p style=\"text-align: justify;\">\u00a0<\/p>\n<table style=\"background-color: #ffffff;\" border=\"0\">\n<tbody>\n<tr>\n<td><span style=\"color: #3366ff; font-size: small;\"><strong>\u00a01\u00e8re manche<\/strong><\/span><\/td>\n<td><span style=\"color: #3366ff; font-size: small;\"><strong>2\u00e8me manche\u00a0<\/strong><\/span><\/td>\n<td><span style=\"color: #3366ff; font-size: small;\"><strong>3\u00e8me manche\u00a0<\/strong><\/span><\/td>\n<td><span style=\"color: #3366ff; font-size: small;\"><strong>Provisoire 2\/11\u00a0<\/strong><\/span><\/td>\n<\/tr>\n<tr>\n<td>\n<p><span style=\"font-size: x-small;\">1 5 RAYSON MATTHEW\u00a0<\/span><\/p>\n<p><span style=\"font-size: x-small;\">2 4 JEGOUIC ANDREAS<\/span><\/p>\n<p><span style=\"font-size: x-small;\">3 20 GOUPILLON PIERRE\u00a0<\/span><\/p>\n<p><span style=\"font-size: x-small;\">4 88 JACKSON ELLIOT<\/span><\/p>\n<p><span style=\"font-size: x-small;\">5 55 THETIOT GWENDAL\u00a0<\/span><\/p>\n<\/td>\n<td>\n<p><span style=\"font-size: x-small;\">1 98 LE QUERE LEO<\/span><\/p>\n<p><span style=\"font-size: x-small;\">2 5 RAYSON MATTHEW<\/span><\/p>\n<p><span style=\"font-size: x-small;\">3 20 GOUPILLON PIERRE<\/span><\/p>\n<p><span style=\"font-size: x-small;\">4 4 JEGOUIC ANDREAS<\/span><\/p>\n<p><span style=\"font-size: x-small;\">5 55 THETIOT GWENDAL\u00a0<\/span><\/p>\n<\/td>\n<td>\n<p><span style=\"font-size: x-small;\">1 98 LE QUERE LEO\u00a0<\/span><\/p>\n<p><span style=\"font-size: x-small;\">2 4 JEGOUIC ANDREAS<\/span><\/p>\n<p><span style=\"font-size: x-small;\">3 5 RAYSON MATTHEW<\/span><\/p>\n<p><span style=\"font-size: x-small;\">4 199 ANNE MATHIS<\/span><\/p>\n<p><span style=\"font-size: x-small;\">5 55 THETIOT GWENDAL<\/span><\/p>\n<\/td>\n<td>\n<p><span style=\"font-size: x-small;\">1 5 RAYSON MATTHEW 99pts<\/span><\/p>\n<p><span style=\"font-size: x-small;\">2 55 THETIOT GWENDAL 86<\/span><\/p>\n<p><span style=\"font-size: x-small;\">3 85 HERBRETEAU DAVID 75<\/span><\/p>\n<p><span style=\"font-size: x-small;\">4 199 ANNE MATHIS 71<\/span><\/p>\n<p><span style=\"font-size: x-small;\">5 225 DORE FRANCOIS 62<\/span><\/p>\n<\/td>\n<\/tr>\n<\/tbody>\n<\/table>\n<p>&nbsp;<\/p>\n<p>&nbsp;<\/p>\n<hr \/>\n<p>&nbsp;<\/p>\n<p><span style=\"color: #3366ff;\"><strong><span style=\"font-size: xx-large;\">Minicross 85cc<\/span><\/strong><\/span><\/p>\n<p>&nbsp;<\/p>\n<p style=\"text-align: justify;\"><span style=\"font-size: small;\">Chez les Minis 85cc, un gar\u00e7on a fait la diff\u00e9rence, il s&rsquo;agit de Julien Duhamel qui r\u00e9alise le doubl\u00e9 devant Loick Coutarel et Simon Boulars. C&rsquo;est \u00e9galement l&rsquo;ordre du provisoire, Julien ayant 10 points d&rsquo;avance sur Loick.<\/span><\/p>\n<p style=\"text-align: justify;\">\u00a0<\/p>\n<table border=\"0\">\n<tbody>\n<tr>\n<td><strong><span style=\"font-size: small; color: #3366ff;\">\u00a01\u00e8re manche\u00a0<\/span><\/strong><\/td>\n<td><strong><span style=\"font-size: small; color: #3366ff;\">2\u00e8me manche \u00a0<\/span><\/strong><\/td>\n<td colspan=\"6\"><strong><span style=\"font-size: small; color: #3366ff;\">Provisoire 2\/12\u00a0\u00a0\u00a0\u00a0\u00a0<\/span><\/strong><\/td>\n<\/tr>\n<tr>\n<td>\n<p><span style=\"font-size: x-small;\">1 22 DUHAMEL JULIEN\u00a0<\/span><\/p>\n<p><span style=\"font-size: x-small;\">2 111 COUTAREL LOICK<\/span><\/p>\n<p><span style=\"font-size: x-small;\">3 80 BOULARD SIMON<\/span><\/p>\n<p><span style=\"font-size: x-small;\">4 12 MARECHAL GREGORY<\/span><\/p>\n<p><span style=\"font-size: x-small;\">5 14 BENABIDA JIMMIE<\/span><\/p>\n<\/td>\n<td>\n<p><span style=\"font-size: x-small;\">1 22 DUHAMEL JULIEN<\/span><\/p>\n<p><span style=\"font-size: x-small;\">2 111 COUTAREL LOICK<\/span><\/p>\n<p><span style=\"font-size: x-small;\">3 80 BOULARD SIMON<\/span><\/p>\n<p><span style=\"font-size: x-small;\">4 77 CHESNEL JIMMY<\/span><\/p>\n<p><span style=\"font-size: x-small;\">5 12 MARECHAL GREGORY<\/span><\/p>\n<\/td>\n<td colspan=\"6\">\n<p><span style=\"font-size: x-small;\">1 22 DUHAMEL JULIEN 94pts<\/span><\/p>\n<p><span style=\"font-size: x-small;\">2 111 COUTAREL LOICK 84<\/span><\/p>\n<p><span style=\"font-size: x-small;\">3 80 BOULARD SIMON 71<\/span><\/p>\n<p><span style=\"font-size: x-small;\">4 12 MARECHAL GREGORY 63<\/span><\/p>\n<p><span style=\"font-size: x-small;\">5 14 BENABIDA JIMMIE 53\u00a0\u00a0<\/span><\/p>\n<\/td>\n<\/tr>\n<\/tbody>\n<\/table>\n<p>&nbsp;<\/p>\n<hr \/>\n<p>&nbsp;<\/p>\n<p><span style=\"font-size: xx-large; color: #3366ff;\"><strong>65cc s\u00e9rie A<\/strong><\/span><\/p>\n<p>&nbsp;<\/p>\n<p>En 65cc A c&rsquo;est la m\u00eame chose, Erwan Vieira remporte les 2 manches.<\/p>\n<p>&nbsp;<\/p>\n<table border=\"0\">\n<tbody>\n<tr>\n<td><strong><span style=\"font-size: small; color: #3366ff;\">1\u00e8re manche<\/span><\/strong><\/td>\n<td colspan=\"5\"><strong><span style=\"font-size: small; color: #3366ff;\">2\u00e8me manche<\/span><\/strong><\/td>\n<\/tr>\n<tr>\n<td>\n<p><span style=\"font-size: x-small;\">1 4 VIEIRA ERWAN\u00a0<\/span><\/p>\n<p><span style=\"font-size: x-small;\">2 22 LANDAIS RONAN\u00a0<\/span><\/p>\n<p><span style=\"font-size: x-small;\">3 17 GODWIN ADAM<\/span><\/p>\n<p><span style=\"font-size: x-small;\">4 33 OLICHET MORGAN\u00a0<\/span><\/p>\n<p><span style=\"font-size: x-small;\">5 25 CARPENTIER ENZO<\/span><\/p>\n<\/td>\n<td colspan=\"5\">\n<p><span style=\"font-size: x-small;\">1 4 VIEIRA ERWAN\u00a0<\/span><\/p>\n<p><span style=\"font-size: x-small;\">2 18 DUHAMEL NICOLAS<\/span><\/p>\n<p><span style=\"font-size: x-small;\">3 17 GODWIN ADAM<\/span><\/p>\n<p><span style=\"font-size: x-small;\">4 25 CARPENTIER ENZO<\/span><\/p>\n<p><span style=\"font-size: x-small;\">5 33 OLICHET MORGAN<\/span><\/p>\n<\/td>\n<\/tr>\n<\/tbody>\n<\/table>\n<p>&nbsp;<\/p>\n<hr \/>\n<p>&nbsp;<\/p>\n<p><span style=\"font-size: xx-large; color: #3366ff;\"><strong>65cc s\u00e9rie B<\/strong><\/span><\/p>\n<p>&nbsp;<\/p>\n<p>Avec un nombre de pilotes 65 impressionnant (45 au total), 2 s\u00e9ries ont \u00e9t\u00e9 cr\u00e9\u00e9es. Alizio Pinson remporte la journ\u00e9e devant Luigi Perrichot gr\u00e2ce \u00e0 sa victoire en seconde manche. A signaler que Luigi roule sur l&rsquo;une des tr\u00e8s rares Kawasaki, KTM \u00e9tant la r\u00e9f\u00e9rence de la cat\u00e9gorie.<\/p>\n<p>&nbsp;<\/p>\n<table border=\"0\">\n<tbody>\n<tr>\n<td><strong><span style=\"font-size: small; color: #3366ff;\">\u00a01\u00e8re manche<\/span><\/strong><\/td>\n<td colspan=\"3\"><strong><span style=\"font-size: small; color: #3366ff;\">2\u00e8me manche \u00a0<\/span><\/strong><\/td>\n<\/tr>\n<tr>\n<td>\n<p><span style=\"font-size: x-small;\">1 34 PERRICHOT LUIGI<\/span><\/p>\n<p><span style=\"font-size: x-small;\">2 99 BEGOUIN THIBAUT<\/span><\/p>\n<p><span style=\"font-size: x-small;\">3 32 PINSON ALIZIO<\/span><\/p>\n<p><span style=\"font-size: x-small;\">4 58 PREL WILLIAM\u00a0<\/span><\/p>\n<p><span style=\"font-size: x-small;\">5 15 LABAS ESTEBAN<\/span><\/p>\n<\/td>\n<td colspan=\"3\">\n<p><span style=\"font-size: x-small;\">1 32 PINSON ALIZIO<\/span><\/p>\n<p><span style=\"font-size: x-small;\">2 99 BEGOUIN THIBAUT\u00a0<\/span><\/p>\n<p><span style=\"font-size: x-small;\">3 34 PERRICHOT LUIGI\u00a0<\/span><\/p>\n<p><span style=\"font-size: x-small;\">4 132 HAMON DAVID\u00a0<\/span><\/p>\n<p><span style=\"font-size: x-small;\">5 10 ROBERT GWENDAL<\/span><\/p>\n<\/td>\n<\/tr>\n<\/tbody>\n<\/table>\n<p>&nbsp;<\/p>\n<p><span style=\"color: #3366ff;\"><strong>Provisoire<\/strong><\/span><\/p>\n<p><span style=\"font-size: x-small;\">1 4 VIEIRA ERWAN \u00a0100<\/span><\/p>\n<p><span style=\"font-size: x-small;\">2 99 BEGOUIN THIBAUT \u00a082<\/span><\/p>\n<p><span style=\"font-size: x-small;\">3 34 PERRICHOT LUIGI \u00a081<\/span><\/p>\n<p><span style=\"font-size: x-small;\">4 22 LANDAIS RONAN 74<\/span><\/p>\n<p><span style=\"font-size: x-small;\">5 32 PINSON ALIZIO 64<\/span><\/p>\n<p>&nbsp;<\/p>\n","protected":false},"excerpt":{"rendered":"<p>Petit tour des r\u00e9sultats de nos jeunes loups de Bretagne qui en sont \u00e0 leur 2\u00e8me \u00e9preuves de l&rsquo;ann\u00e9e \u00e0 Plouasne le samedi.<\/p>\n","protected":false},"author":2,"featured_media":0,"comment_status":"open","ping_status":"open","sticky":false,"template":"","format":"standard","meta":[],"categories":[7],"tags":[319,318,39,37,309],"aioseo_notices":[],"_links":{"self":[{"href":"https:\/\/mx-bretagne.com\/mxb\/wp-json\/wp\/v2\/posts\/1834"}],"collection":[{"href":"https:\/\/mx-bretagne.com\/mxb\/wp-json\/wp\/v2\/posts"}],"about":[{"href":"https:\/\/mx-bretagne.com\/mxb\/wp-json\/wp\/v2\/types\/post"}],"author":[{"embeddable":true,"href":"https:\/\/mx-bretagne.com\/mxb\/wp-json\/wp\/v2\/users\/2"}],"replies":[{"embeddable":true,"href":"https:\/\/mx-bretagne.com\/mxb\/wp-json\/wp\/v2\/comments?post=1834"}],"version-history":[{"count":11,"href":"https:\/\/mx-bretagne.com\/mxb\/wp-json\/wp\/v2\/posts\/1834\/revisions"}],"predecessor-version":[{"id":1852,"href":"https:\/\/mx-bretagne.com\/mxb\/wp-json\/wp\/v2\/posts\/1834\/revisions\/1852"}],"wp:attachment":[{"href":"https:\/\/mx-bretagne.com\/mxb\/wp-json\/wp\/v2\/media?parent=1834"}],"wp:term":[{"taxonomy":"category","embeddable":true,"href":"https:\/\/mx-bretagne.com\/mxb\/wp-json\/wp\/v2\/categories?post=1834"},{"taxonomy":"post_tag","embeddable":true,"href":"https:\/\/mx-bretagne.com\/mxb\/wp-json\/wp\/v2\/tags?post=1834"}],"curies":[{"name":"wp","href":"https:\/\/api.w.org\/{rel}","templated":true}]}}