{"id":18082,"date":"2019-11-02T10:04:32","date_gmt":"2019-11-02T09:04:32","guid":{"rendered":"https:\/\/mx-bretagne.com\/mxb\/?p=18082"},"modified":"2019-11-02T10:04:32","modified_gmt":"2019-11-02T09:04:32","slug":"m-boisrame-une-page-se-tourne","status":"publish","type":"post","link":"https:\/\/mx-bretagne.com\/mxb\/m-boisrame-une-page-se-tourne","title":{"rendered":"M. BOISRAME: Une page se tourne"},"content":{"rendered":"<p><a href=\"https:\/\/mx-bretagne.com\/mxb\/wp-content\/uploads\/2019\/11\/74620880_2556284631132333_6196863618798059520_o.jpg\"><img decoding=\"async\" loading=\"lazy\" class=\"aligncenter size-full wp-image-18083\" src=\"https:\/\/mx-bretagne.com\/mxb\/wp-content\/uploads\/2019\/11\/74620880_2556284631132333_6196863618798059520_o.jpg\" alt=\"\" width=\"1503\" height=\"1041\" srcset=\"https:\/\/mx-bretagne.com\/mxb\/wp-content\/uploads\/2019\/11\/74620880_2556284631132333_6196863618798059520_o.jpg 1503w, https:\/\/mx-bretagne.com\/mxb\/wp-content\/uploads\/2019\/11\/74620880_2556284631132333_6196863618798059520_o-534x370.jpg 534w, https:\/\/mx-bretagne.com\/mxb\/wp-content\/uploads\/2019\/11\/74620880_2556284631132333_6196863618798059520_o-768x532.jpg 768w, https:\/\/mx-bretagne.com\/mxb\/wp-content\/uploads\/2019\/11\/74620880_2556284631132333_6196863618798059520_o-1440x997.jpg 1440w, https:\/\/mx-bretagne.com\/mxb\/wp-content\/uploads\/2019\/11\/74620880_2556284631132333_6196863618798059520_o-600x416.jpg 600w\" sizes=\"(max-width: 1503px) 100vw, 1503px\" \/><\/a><\/p>\n<h3 style=\"text-align: justify;\">Mathys Boisram\u00e9 vous pr\u00e9sente sa 250 KX-F 2020 du team FH. L&rsquo;occasion pour lui de remercier les personnes qui lui ont fait confiance chez Honda les ann\u00e9es pr\u00e9c\u00e9dentes par ce mot publi\u00e9 sur les r\u00e9seaux sociaux.<\/h3>\n<p><!--more--><\/p>\n<blockquote>\n<p style=\"text-align: justify;\">Apr\u00e8s avoir pass\u00e9 3 ann\u00e9es au sein du team Honda Assomotor, une page se tourne\u2026<\/p>\n<p style=\"text-align: justify;\">Je remercie Honda Europe de m avoir fait confiance. Le 1er \u00e0 m avoir tendu la main est David Dousselaere en 2017 et je le remercie ; puis Gordon Crockard qui m a donn\u00e9 les moyens de d\u00e9crocher le titre Europ\u00e9en en 2018.<\/p>\n<p style=\"text-align: justify;\">Je remercie le Team Assomotor avec un staff toujours pr\u00e9sent \u00e0 mes c\u00f4t\u00e9s pendant ces ann\u00e9es dans les moments difficiles mais aussi pour toutes ces courses qui nous ont fait vibrer.<\/p>\n<p style=\"text-align: justify;\">Je n&rsquo;oublie pas Honda France qui m a soutenu. Des personnes de l&rsquo;ombre comme Bruno Skotniki ou le <a href=\"https:\/\/www.facebook.com\/pages\/category\/Sportswear-Store\/Hall-de-la-Moto-1216313345075930\/\" target=\"_blank\" rel=\"noopener noreferrer\">Hall de la Moto<\/a> avec Paul Gouriou. Et ceux de la lumi\u00e8re comme le team HONDA SR avec Josse Sallefranque qui a su \u00eatre \u00e0 mes c\u00f4t\u00e9s et m&rsquo;apporter un soutien ind\u00e9fectible.<\/p>\n<p style=\"text-align: justify;\">Pour 2020, je rejoins le Team KAWASAKI FH pour une nouvelle aventure dans la cat\u00e9gorie MX2.<\/p>\n<p style=\"text-align: justify;\">Merci \u00e0 tous pour votre soutien.<\/p>\n<p style=\"text-align: justify;\">A bient\u00f4t<br \/>\n# 172 MB<\/p>\n<\/blockquote>\n","protected":false},"excerpt":{"rendered":"<p>Mathys Boisram\u00e9 vous pr\u00e9sente sa 250 KX-F 2020 du team FH. L&rsquo;occasion pour lui de remercier les personnes qui lui ont fait confiance chez Honda les ann\u00e9es pr\u00e9c\u00e9dentes par ce mot publi\u00e9 sur les r\u00e9seaux sociaux.<\/p>\n","protected":false},"author":1,"featured_media":18083,"comment_status":"closed","ping_status":"closed","sticky":false,"template":"","format":"standard","meta":[],"categories":[4,52],"tags":[535,2290],"aioseo_notices":[],"_links":{"self":[{"href":"https:\/\/mx-bretagne.com\/mxb\/wp-json\/wp\/v2\/posts\/18082"}],"collection":[{"href":"https:\/\/mx-bretagne.com\/mxb\/wp-json\/wp\/v2\/posts"}],"about":[{"href":"https:\/\/mx-bretagne.com\/mxb\/wp-json\/wp\/v2\/types\/post"}],"author":[{"embeddable":true,"href":"https:\/\/mx-bretagne.com\/mxb\/wp-json\/wp\/v2\/users\/1"}],"replies":[{"embeddable":true,"href":"https:\/\/mx-bretagne.com\/mxb\/wp-json\/wp\/v2\/comments?post=18082"}],"version-history":[{"count":1,"href":"https:\/\/mx-bretagne.com\/mxb\/wp-json\/wp\/v2\/posts\/18082\/revisions"}],"predecessor-version":[{"id":18084,"href":"https:\/\/mx-bretagne.com\/mxb\/wp-json\/wp\/v2\/posts\/18082\/revisions\/18084"}],"wp:featuredmedia":[{"embeddable":true,"href":"https:\/\/mx-bretagne.com\/mxb\/wp-json\/wp\/v2\/media\/18083"}],"wp:attachment":[{"href":"https:\/\/mx-bretagne.com\/mxb\/wp-json\/wp\/v2\/media?parent=18082"}],"wp:term":[{"taxonomy":"category","embeddable":true,"href":"https:\/\/mx-bretagne.com\/mxb\/wp-json\/wp\/v2\/categories?post=18082"},{"taxonomy":"post_tag","embeddable":true,"href":"https:\/\/mx-bretagne.com\/mxb\/wp-json\/wp\/v2\/tags?post=18082"}],"curies":[{"name":"wp","href":"https:\/\/api.w.org\/{rel}","templated":true}]}}