{"id":17837,"date":"2019-07-15T18:13:25","date_gmt":"2019-07-15T17:13:25","guid":{"rendered":"https:\/\/mx-bretagne.com\/mxb\/?p=17837"},"modified":"2019-07-15T18:13:26","modified_gmt":"2019-07-15T17:13:26","slug":"24mx-tour-clap-final-a-iffendic","status":"publish","type":"post","link":"https:\/\/mx-bretagne.com\/mxb\/24mx-tour-clap-final-a-iffendic","title":{"rendered":"24MX TOUR: Clap final \u00e0 Iffendic"},"content":{"rendered":"\n<figure class=\"wp-block-image\"><img decoding=\"async\" loading=\"lazy\" width=\"750\" height=\"502\" src=\"https:\/\/mx-bretagne.com\/mxb\/wp-content\/uploads\/2019\/07\/iffendic-1.jpg\" alt=\"\" class=\"wp-image-17838\" srcset=\"https:\/\/mx-bretagne.com\/mxb\/wp-content\/uploads\/2019\/07\/iffendic-1.jpg 750w, https:\/\/mx-bretagne.com\/mxb\/wp-content\/uploads\/2019\/07\/iffendic-1-553x370.jpg 553w\" sizes=\"(max-width: 750px) 100vw, 750px\" \/><\/figure>\n\n\n\n<h3 class=\"wp-block-heading\">Les ann\u00e9es se suivent et se ressemblent ! C\u2019est une nouvelle fois une superbe finale qui s\u2019est tenue sur la piste d\u2019Iffendic (35), sous une m\u00e9t\u00e9o on ne peut plus cl\u00e9mente puisque le thermom\u00e8tre affichait 25 degr\u00e9s. Un cocktail qui explique la pr\u00e9sence d\u2019un public nombreux, qui a pu se r\u00e9galer de multiples bagarres, m\u00eame si les titres \u00e9taient acquis en Junior et quasiment assur\u00e9 en MX1\u2026 Point d\u2019orgue de la journ\u00e9e, le duel entre Stephen Rubini (Assomotor Honda) et Valentin Teillet (JPM Suzuki) qui ne s\u2019est d\u00e9cant\u00e9 que dans les ultimes boucles alors que les F\u00e9minines, exceptionnellement invit\u00e9es sur cette finale, ont fini de s\u00e9duire le c\u0153ur de la foule.<\/h3>\n\n\n\n<!--more-->\n\n\n\n<p><em>Source intro: <\/em><a href=\"http:\/\/www.elite-motocross.fr\"><em>www.elite-motocross.fr<\/em><\/a><\/p>\n\n\n\n<h2 class=\"wp-block-heading\">85cc<\/h2>\n\n\n\n<p>Pierre-Louis Deroyer a connu des hauts et des bas \u00e0 Iffendic. 6\u00e8me de la 1\u00e8re manche, il termine la saison sur un abandon.<\/p>\n\n\n\n<blockquote class=\"wp-block-quote\"><p>La journ\u00e9e avait d\u00e9but\u00e9 parfaitement avec le meilleur temps chrono des2 groupes et la victoire de la manche qualificative du groupe B, l\u2019apr\u00e8s midi, le ton a \u00e9t\u00e9 bien diff\u00e9rent lors de la race 1 avec des chutes pour terminer 7\u00e8me et un abandon dans race 2 apr\u00e8s \u00eatre pris dans un crash au d\u00e9part ! D\u00e9\u00e7u mais j\u2019ai prouv\u00e9 que j\u2019avais la vitesse ! RDV la semaine prochaine \u00e0 Land\u00e9hen pour le round 7 du #BZH<\/p><cite>@Pierre-Louis # 25<\/cite><\/blockquote>\n\n\n\n<h3 class=\"wp-block-heading\">Journ\u00e9e<\/h3>\n\n\n\n<p class=\"has-small-font-size\">1 264 HAUTION Diego Husqvarna Cevennes Off Road 22 22 44<br> 2 717 FUERI Alexis KTM Menton Sports Loisirs 15 25 40<br> 3 280 ROSSI Marc Antoine KTM MC VALINCO 20 18 38<br> 4 46 PETIT Adrien Husqvarna MC des trois Vall\u00e9es 25 12 37<br> 5 11 NAUDIN Nathan KTM Team Biker Tout Terrain 13 20 33<br> 6 101 CHAUVEAU Maxime KTM MC Angerien 18 15 33<br> 7 195 CARLIER Lois KTM Moto et V\u00e9lo de Cross e\u2026 16 16 32<br> 8 172 CARRICO Andreas KTM Amicale Moto Montlouisi\u2026 12 14 26<br> 9 171 VAN DE WOUW Elwan KTM Cross Experience 7 13 20<br> 10 317 VALIN Mathis KTM MC du Pays des Olonnes 9 10 19<br> 11 223 VILTARD Alexandre KTM AS de Maricourt 5 11 16<br> 12 219 TEXIER Pierre Husqvarna Bel Air MC 6 9 15<br><strong> 13 25 DEROYER Pierre Louis KTM MC Romagne 14 0 14<br><\/strong> 14 262 LEFEBVRE Kivers Husqvarna MC Manre 11 0 11<br> 15 55 BARTHEZ Mathis KTM MC Aspiranais 10 0 10<br> 16 54 ACQUISTAPACE Alex Husqvarna MC Team Jura Cross 8 1 9<br><strong> 17 16 DELARUE Guerlin KTM MC Romagne 0 8 8<br><\/strong> 18 79 MAURESA Victor KTM St Chamond MS 3 5 8<br> 19 288 JAYAL Noam KTM MC Des Granges Gonta\u2026 0 7 7<br> 20 28 LHOMMEDE Evan KTM MC Yonnais La Roche s\u2026 0 6 6<br> &#8230;<br><strong> 28 282 BORDINI Leo KTM MC Romagne 0 0 0<br> 29 118 LOCHET Nathan KTM MC Plouer Sur Rance 0 0 0<br><\/strong> &#8230;<\/p>\n\n\n\n<h3 class=\"wp-block-heading\">Classement final 85<\/h3>\n\n\n\n<p class=\"has-small-font-size\">1 319 PRUGNIERES Quentin Marc MC Du Lac KTM 334pts 25 22 25 25 0 0 25 22 22 25 0 0 143 0 0<br> 2 359 GRAU Maxime St Chamond Moto Sport KTM 278 20 25 20 0 0 0 22 25 25 22 0 0 119 0 0<br> 3 9 GUILLEMOT SCHEID David AMV De Bouvesse KTM 266 13 13 22 20 25 25 16 20 18 18 0 0 76 0 0 <br> 4 717 FUERI Alexis Menton Sports Loisirs KTM 257 22 20 11 22 18 13 12 12 20 20 25 22 0 15 25<br> 5 264 HAUTION Diego Cevennes Off Road HVA 206 16 16 18 13 15 20 11 10 12 15 16 0 0 22 22<br> 6 11 NAUDIN Nathan Team Biker Tout Terrain KTM 196 15 15 14 14 6 22 0 9 15 11 22 20 0 13 20<br><strong> 7 25 DEROYER Pierre Louis MC Romagne KTM 165 14 14 16 16 9 11 10 14 16 16 15 0 0 14 0<\/strong><br>&#8230;<\/p>\n\n\n\n<h2 class=\"wp-block-heading\">125 JUNIOR<\/h2>\n\n\n\n<p>Simon Depoers, l&rsquo;originaire du Nord et d\u00e9sormais domicili\u00e9 en Bretagne depuis son arriv\u00e9e dans le Team MJC de Lo\u00efc Le Foll, remporte la premi\u00e8re manche avant de terminer 4\u00e8me de la seconde manche. Alan Harnois retrouve son niveau  avec 2 huiti\u00e8mes places alors que Nicolas Duhamel une belle 5\u00e8me place en 1\u00e8re manche.<\/p>\n\n\n\n<h3 class=\"wp-block-heading\">Journ\u00e9e<\/h3>\n\n\n\n<p class=\"has-small-font-size\">1 34 KRAJEWSKI Bogdan KTM Stanislas MC 20 25 45<br><strong> 2 397 DEPOERS Simon Yamaha AM Guegonnaise 25 18 43<br><\/strong> 3 297 METAYER Pablo KTM MBC Neuvillois 22 20 42<br> 4 202 DISERENS Luca Yamaha St Chamond Moto Sport 9 22 31<br> 5 919 POLL Kiliann KTM ASSP Moto Corbere les \u2026 15 14 29<br> 6 505 KOCH Dorian KTM MC Sarriannais 12 15 27<br> 7 77 BORDES Baptiste KTM Moto Sport 46 10 16 26<br><strong> 8 597 HARNOIS Alan KTM Ama St Carreuc 13 13 26<br><\/strong> 9 230 CASAT Enzo Husqvarna MC Sommierois 14 12 26<br> 10 992 DOUAUD Esteban KTM DOUAUD PASSION MX 11 11 22<br> 11 47 SELLA Suff KTM MC du Pays des Olonnes 18 4 22<br> 12 496 SERANON Romain KTM MC Ventabren 7 9 16<br><strong> 13 241 DUHAMEL Nicolas KTM MC Romagne 16 0 16<br><\/strong> 14 284 LEFAURE Leo KTM MC Yssingelais 8 7 15<br><strong> 15 907 CALVEZ Axel KTM ASSM Du Pays Glazik 4 10 14<br><\/strong> 16 727 COLSON Arnaud Husqvarna Frontignan La Cible 5 5 10<br> 17 846 LAFAGE Hugo KTM Moto Sport 46 0 8 8<br> 18 677 RONDET Leo Yamaha MC de Dompierre 2 6 8<br> 19 346 DIETRE Alex Yamaha MC Etrabonne 6 0 6<br> 20 622 LERAY Dylan KTM DOUAUD PASSION MX 0 3 3<br>&#8230;<br><strong> 29 983 CARCREFF Damien Yamaha MC de Saint Marc 0 0 0<br> 30 638 CHASTEL Mateo Yamaha MC Romagne 0 0 0<br><\/strong> 31 149 VARET Alexis Yamaha Association MC Issois 0 0 0<br><strong> 32 199 LAMBERT Eliott KTM MC la Fee Viviane 0 0 0<br><\/strong> 33 646 LELIEVRE Thomas KTM ACSM Chavagnes 0 0 0<br> 34 471 TEMPLIER Mewen Yamaha MC Morlaisen 0 0 0<br> 35 743 LANGUE Jules Yamaha PRO-STAGE 0 0 0<br> 36 344 SCHNEIDER Owen KTM MC du Val d&rsquo;Ouve 0 0 0<br> 37 433 PROVOST Tom Yamaha MC de Loudun 0 0 0<br> 38 550 MICHIGAN Ryan KTM Team Normandie Challe\u2026 0 0 0<br><strong> 39 840 CHAUVIRE Leandre KTM MC Romagne 0 0 0<br><\/strong> 40 974 GRONDIN Quentin KTM A.P.S.C Magma 0 0 0<\/p>\n\n\n\n<h3 class=\"wp-block-heading\">Classement final<\/h3>\n\n\n\n<p class=\"has-small-font-size\">1 247 MIOT Florian MC Pecquencourt Yamaha 346 25 25 25 25 25 25 0 0 22 25 25 25 99 0 0<br> 2 207 CAZAL Xavier Team 974 Deux Zero KTM 262 0 18 22 22 22 22 0 0 25 20 14 22 75 0 0<br> 3 44 SOULIMANI Saad MC de Dreux HVA 232 22 20 18 20 15 15 15 25 15 13 1 20 33 0 0<br> 4 34 KRAJEWSKI Bogdan Stanislas MC KTM 223 10 16 11 8 20 16 20 20 16 14 12 15 0 20 25<br><strong> 5 397 DEPOERS Simon AMGuegonnaise Yamaha 223 15 0 16 15 16 18 14 18 18 16 18 16 0 25 18<br><\/strong> 6 869 VIAL Arthur MC De Cogolin KTM 212 0 22 10 16 18 20 22 22 0 18 22 12 30 0 0<br> 7 77 BORDES Baptiste Moto Sport 46 KTM 152 13 12 9 5 10 7 18 10 11 7 11 13 0 10 16<br><strong> 8 597 HARNOIS Alan Ama St Carreuc KTM 150 18 15 20 12 14 13 25 7 0 0 0 0 0 13 13<\/strong><br>&#8230;<\/p>\n\n\n\n<h2 class=\"wp-block-heading\">MX2<\/h2>\n\n\n\n<p>Romain Pape r\u00e9alise une belle journ\u00e9e avec la 4\u00e8me place de la journ\u00e9e (8\/4), Fran\u00e7ois Dor\u00e9 (10\/10), Julien Duhamel (11\/13) et Alizio Pinson (14\/14).<\/p>\n\n\n\n<h3 class=\"wp-block-heading\">Journ\u00e9e<\/h3>\n\n\n\n<p class=\"has-small-font-size\">1 737 TEILLET Valentin Suzuki MC du Pays des Olonnes 25 25 50<br> 2 118 RUBINI Stephen Honda MC Volx Villeneuve 22 22 44<br> 3 11 FONVIEILLE Calvin KTM MC Du Lauragais 20 16 36<br><strong> 4 494 PAPE Romain Yamaha MC Romagne 13 18 31<br><\/strong> 5 810 CRNJANSKI Yann KTM MC de Mothern 16 15 31<br> 6 783 TORIANI Enzo Husqvarna MC Livradois 15 14 29<br> 7 51 MALAVAL Adrien Yamaha MC Du Lac 18 10 28<br> 8 751 JAMET Germain Yamaha MC de la Ruche Nouan\u2026 14 12 26<br> 9 78 LOUIS Axel HONDA MC Angerien 9 13 22<br><strong> 10 516 DORE Francois Kawasaki MC Goudelin Merzer 11 11 22<br><\/strong> 11 945 BOURDON Anthony Honda MC Langonnais 0 20 20<br><strong> 12 322 DUHAMEL Julien KTM MC Romagne 10 8 18<br> 13 637 PINSON Alizio KTM Ama St Carreuc 7 7 14<br><\/strong> 14 38 MOINE Pierre Yamaha MC Berry 6 6 12<br> 15 328 DOUAUD Enzo KTM DOUAUD PASSION MX 12 0 12<br> 16 375 BORGIOLI Thomas Kawasaki MC de Mothern 5 5 10<br> 17 940 COSSE Antoine KTM MC Toulonnais 0 9 9<br> 18 944 WALCH Tim KTM MC des 3 Lys 4 4 8<br> 19 978 JUIN Dorian Yamaha ACSM Chavagnes 8 0 8<br> 20 192 ASCOLETTI Romain Husqvarna MC Toulonnais 2 3 5<br>&#8230;<\/p>\n\n\n\n<h3 class=\"wp-block-heading\">Classement final<\/h3>\n\n\n\n<p class=\"has-small-font-size\">1 118 RUBINI Stephen MC Volx Villeneuve Honda 308 25 25 15 20 25 25 0 0 0 0 25 16 88 22 22<br> 2 737 TEILLET Valentin MC du Pays des Olonnes Suzuki 301 22 18 20 16 20 20 25 18 20 25 22 25 0 25 25<br> 3 27 GUYON Tom MC du Pays des Olonnes KTM 252 8 20 8 13 22 22 0 0 25 22 20 20 72 0 0<br> 4 11 FONVIEILLE Calvin MC Du Lauragais KTM 185 18 14 2 10 3 12 16 11 22 16 12 13 0 20 16<br> 5 51 MALAVAL Adrien MC Du Lac Yamaha 175 4 11 12 6 10 13 18 25 14 12 13 9 0 18 10<br> 6 98 BENISTANT Thibault MC Pertuis Durance Lub\u00e9\u2026 Yamaha 168 16 10 22 9 5 15 22 22 9 14 9 15 0 0 0<br><strong> 7 720 GOUPILLON Pierre MC Dinannais Honda 163 20 22 25 22 16 18 20 20 0 0 0 0 0 0 0<br><\/strong>&#8230;<br><strong> 14 494 PAPE Romain MC Romagne Yamaha 91 7 4 6 3 8 8 0 0 0 0 10 14 0 13 18<br><\/strong> &#8230;<br> <strong>20 172 BOISRAME Mathys MC Romagne Honda 43 0 0 0 25 18 0 0 0 0 0 0 0 0 0 0<br> 21 516 DORE Francois MC Goudelin Merzer Kawasaki 40 0 0 0 0 0 0 8 0 0 0 4 6 0 11 11<\/strong><br>&#8230;<\/p>\n\n\n\n<h2 class=\"wp-block-heading\">MX1<\/h2>\n\n\n\n<p>Jason CLermont reprend du bon rythme (7\/6), Charles Lefran\u00e7ois (8\/9), Remy Mordret (13\/10), Vincent Corre (15\/11), Johann Fontaine (17\/13) et Adrien lamour (21\/18).<\/p>\n\n\n\n<h3 class=\"wp-block-heading\">Journ\u00e9e<\/h3>\n\n\n\n<p class=\"has-small-font-size\">1 911 TIXIER Jordi KTM MC saint Cheron et sa \u2026 25 25 50<br> 2 141 DESPREY Maxime Honda UM Doloise 18 22 40<br> 3 32 POTISEK Milko Yamaha MC du Littoral 59 20 20 40<br> 4 92 GUILLOD Valentin Honda MC Cortenais 22 16 38<br> 5 3 AUBIN Nicolas Suzuki Ouville MC 16 18 34<br><strong> 6 817 CLERMONT Jason Kawasaki MC Briochin 14 15 29<br><\/strong> 7 520 CLOCHET Jimmy Kawasaki MC du Mas Rillier 15 14 29<br><strong> 8 225 LEFRANCOIS Charles Suzuki MC La Bosse de Bretagne 13 12 25<br><\/strong> 9 324 CHARLIER Maxime Husqvarna MC Sommierois 11 13 24<br><strong> 10 164 MORDRET Remy Yamaha A.M Bignanaise 8 11 19<br> 11 410 CORRE Vincent Yamaha MC Morlaisen 6 10 16<br><\/strong> 12 519 DHO William KTM MC De Cogolin 10 6 16<br> 13 240 BRIAND Johan Husqvarna MC Noz\u00e9en 5 9 14<br> 14 906 PEREZ Sebastien Husqvarna MAD MC de Chartainvill\u2026 12 2 14<br><strong> 15 134 FONTAINE Johann Yamaha MC Iffendic 4 8 12<br><\/strong> 16 456 DARTUS Alexis Honda MC Municipal Ailly sur N\u2026 2 7 9<br> 17 752 PELLETIER Julien Yamaha MC de la divatte 9 0 9<br> 18 546 LEGEARD Victor KTM MC Romagne 3 5 8<br> 19 193 PROST Tanguy Honda JMPRAC\u2026 MC Haut Marnais 7 1 8<br> 20 108 PICARD Cedric Husqvarna MC de Gasny 1 4 5<br><strong> 21 370 LAMOUR Adrien Yamaha MC De Lanvaux 0 3 3<br><\/strong> 22 411 DERCOURT Nicolas Suzuki MC Picard 0 0 0<br> 23 20 ARANDA Gregory Kawasaki MC Montendrais 0 0 0<\/p>\n\n\n\n<h3 class=\"wp-block-heading\">Classement final<\/h3>\n\n\n\n<p class=\"has-small-font-size\">1 141 DESPREY Maxime Union Motocycliste Doloise Honda 281 16 16 25 25 20 20 20 25 18 16 18 22 18 22<br> 2 32 POTISEK Milko MC du Littoral 59 Yamaha 251 18 13 22 18 22 16 22 20 22 22 16 0 20 20<br> 3 3 AUBIN Nicolas Ouville MC Suzuki 249 25 20 12 22 13 15 18 11 25 18 20 16 16 18<br> 4 20 ARANDA Gregory MC Montendrais Kawasaki 215 20 22 20 20 16 12 25 22 20 20 14 4 0 0<br> 5 520 CLOCHET Jimmy MC du Mas Rillier Kawasaki 201 14 15 18 16 12 14 16 16 4 14 15 18 15 14<\/p>\n","protected":false},"excerpt":{"rendered":"<p>Les ann\u00e9es se suivent et se ressemblent ! C\u2019est une nouvelle fois une superbe finale qui s\u2019est tenue sur la piste d\u2019Iffendic (35), sous une m\u00e9t\u00e9o on ne peut plus cl\u00e9mente puisque le thermom\u00e8tre affichait 25 degr\u00e9s. Un cocktail qui explique la pr\u00e9sence d\u2019un public nombreux, qui a pu se r\u00e9galer de multiples bagarres, m\u00eame [&hellip;]<\/p>\n","protected":false},"author":1,"featured_media":17838,"comment_status":"open","ping_status":"open","sticky":false,"template":"","format":"standard","meta":[],"categories":[294,491,492],"tags":[],"aioseo_notices":[],"_links":{"self":[{"href":"https:\/\/mx-bretagne.com\/mxb\/wp-json\/wp\/v2\/posts\/17837"}],"collection":[{"href":"https:\/\/mx-bretagne.com\/mxb\/wp-json\/wp\/v2\/posts"}],"about":[{"href":"https:\/\/mx-bretagne.com\/mxb\/wp-json\/wp\/v2\/types\/post"}],"author":[{"embeddable":true,"href":"https:\/\/mx-bretagne.com\/mxb\/wp-json\/wp\/v2\/users\/1"}],"replies":[{"embeddable":true,"href":"https:\/\/mx-bretagne.com\/mxb\/wp-json\/wp\/v2\/comments?post=17837"}],"version-history":[{"count":1,"href":"https:\/\/mx-bretagne.com\/mxb\/wp-json\/wp\/v2\/posts\/17837\/revisions"}],"predecessor-version":[{"id":17839,"href":"https:\/\/mx-bretagne.com\/mxb\/wp-json\/wp\/v2\/posts\/17837\/revisions\/17839"}],"wp:featuredmedia":[{"embeddable":true,"href":"https:\/\/mx-bretagne.com\/mxb\/wp-json\/wp\/v2\/media\/17838"}],"wp:attachment":[{"href":"https:\/\/mx-bretagne.com\/mxb\/wp-json\/wp\/v2\/media?parent=17837"}],"wp:term":[{"taxonomy":"category","embeddable":true,"href":"https:\/\/mx-bretagne.com\/mxb\/wp-json\/wp\/v2\/categories?post=17837"},{"taxonomy":"post_tag","embeddable":true,"href":"https:\/\/mx-bretagne.com\/mxb\/wp-json\/wp\/v2\/tags?post=17837"}],"curies":[{"name":"wp","href":"https:\/\/api.w.org\/{rel}","templated":true}]}}