{"id":17755,"date":"2019-06-13T20:08:45","date_gmt":"2019-06-13T19:08:45","guid":{"rendered":"https:\/\/mx-bretagne.com\/mxb\/?p=17755"},"modified":"2019-06-13T20:08:50","modified_gmt":"2019-06-13T19:08:50","slug":"romain-pape-une-mauvaise-passe","status":"publish","type":"post","link":"https:\/\/mx-bretagne.com\/mxb\/romain-pape-une-mauvaise-passe","title":{"rendered":"ROMAIN PAPE \u00ab\u00a0UNE MAUVAISE PASSE\u00a0\u00bb"},"content":{"rendered":"\n<figure class=\"wp-block-image\"><img decoding=\"async\" loading=\"lazy\" width=\"1200\" height=\"849\" src=\"https:\/\/mx-bretagne.com\/mxb\/wp-content\/uploads\/2019\/06\/papeitv.jpg\" alt=\"\" class=\"wp-image-17760\" srcset=\"https:\/\/mx-bretagne.com\/mxb\/wp-content\/uploads\/2019\/06\/papeitv.jpg 1200w, https:\/\/mx-bretagne.com\/mxb\/wp-content\/uploads\/2019\/06\/papeitv-523x370.jpg 523w, https:\/\/mx-bretagne.com\/mxb\/wp-content\/uploads\/2019\/06\/papeitv-768x543.jpg 768w\" sizes=\"(max-width: 1200px) 100vw, 1200px\" \/><\/figure>\n\n\n\n<h3 class=\"wp-block-heading\">Romain Pape se remet gentillement de sa grosse chute survenue \u00e0 Foolz, en Championnat de France \u00c9lite MX2 il y a un mois. Touch\u00e9 aux c\u00f4tes et aux poumons, il esp\u00e8re reprendre le guidon rapidement.<\/h3>\n\n\n\n<!--more-->\n\n\n\n<h3 class=\"wp-block-heading\"> Salut Romain, avant tout comment vas-tu depuis cette mauvaise chute \u00e0 Foolz ?<br><\/h3>\n\n\n\n<p>Salut \u00e0 vous! \u00c7a va mieux que \u00e7a ne l&rsquo;a \u00e9t\u00e9 les premiers jours. Mon pneumothorax est qu\u2019un mauvais souvenir et mes blessures aux c\u00f4tes vont de mieux en mieux.<\/p>\n\n\n\n<h3 class=\"wp-block-heading\">Peux-tu revenir sur ce qui s&rsquo;est pass\u00e9 exactement et comment tu te sentais sur piste apparemment pi\u00e9geuse ?<\/h3>\n\n\n\n<p>Ce qui c\u2019est pass\u00e9 c&rsquo;est que je suis tout simplement mal tomb\u00e9.. J\u2019\u00e9tais bien parti, j\u2019\u00e9tais 7 et j\u2019avais 2 pilotes moins rapide devant moi et j\u2019ai voulu passer direct pour ne pas laisser partir les premiers. J\u2019ai fais un \u00ab trop gros \u00bb freinage avant un pain de sucre pour doubler mais j\u2019ai perdu un peu le contr\u00f4le. J\u2019ai donc saut\u00e9 le pain de sucre en perdition et je suis retomb\u00e9 \u00e0 plat sur le bout de mon guidon ce qui m\u2019a broy\u00e9 les c\u00f4tes et ab\u00eem\u00e9 le poumon\u2026 J\u2019\u00e9tais vraiment d\u00e9\u00e7u car j\u2019\u00e9tais dans un bon jour et j\u2019avais fais un super chrono le matin. C\u2019est le sport&#8230;<\/p>\n\n\n\n<h3 class=\"wp-block-heading\">Tu as v\u00e9cu un beau d\u00e9but de saison avec une belle progression en \u00c9lite et des opportunit\u00e9s en EMX250. Quelle est ton analyse ?<\/h3>\n\n\n\n<p>Oui \u00e7a allait de mieux en mieux! Sur les premi\u00e8res courses de l\u2019\u00c9lite il y avait vraiment un niveau tr\u00e8s tr\u00e8s \u00e9lev\u00e9 avec les pilotes de GP donc les r\u00e9sultats n\u2019\u00e9tais pas forc\u00e9ment tr\u00e8s bons mais j\u2019avais une bonne vitesse et \u00e0 l\u2019Europe en Angleterre je suis tomb\u00e9 \u00e0 chaque fois. Mais la vitesse \u00e9tait l\u00e0 aussi et en Italie j\u2019ai fait une belle deuxi\u00e8me manche donc j\u2019\u00e9tais content. Dommage que cette blessure me cass\u00e9 cet \u00e9lan&#8230; Le niveau est tellement homog\u00e8ne que tout est possible dans un bon jour !<\/p>\n\n\n\n<h3 class=\"wp-block-heading\">Tu subis un coup d&rsquo;arr\u00eat alors que tu semblais \u00eatre de plus en plus vite. Pas trop dur moralement d&rsquo;abandonner le train en marche ?<\/h3>\n\n\n\n<p>Quand j\u2019\u00e9tais toute la semaine \u00e0 l\u2019h\u00f4pital \u00e0 Troyes en r\u00e9animation c\u2019\u00e9tait dur car je ne savais pas \u00e0 quoi m\u2019attendre. Je savais juste que pour Saint Jean d\u2019Angely c\u2019\u00e9tait mort donc c\u2019\u00e9tait assez dur oui.. C\u2019\u00e9tait la course de l\u2019ann\u00e9e qui me tenais \u00e0 c\u0153ur et je me blesse 15 jours avant&#8230;<\/p>\n\n\n\n<p>Comme tout c\u2019est bien pass\u00e9 et que j\u2019ai vu que je r\u00e9cup\u00e9rais vite \u00e7a a allait. Au bout de 2 semaines j\u2019ai pu reprendre le travail et je m\u2019occupais normalement donc je n\u2019y pensais plus et \u00e7a allait! \u00c7a m\u2019a fait une petite coupure durant laquelle j\u2019ai d\u00e9connect\u00e9 compl\u00e8tement de la moto et \u00e7a m\u2019a fait du bien.<\/p>\n\n\n\n<h3 class=\"wp-block-heading\">Quel est la suite de ton programme \u00e0 pr\u00e9sent ? \u00c7a change une bonne partie de ton programme je suppose ?<\/h3>\n\n\n\n<p>\u00c7a va surtout changer qu\u2019\u00e0 pr\u00e9sent je n\u2019ai plus rien \u00e0 jouer et \u00e7a va peut \u00eatre changer beaucoup de choses. Cette ann\u00e9e je voulais bien faire et les gens qui m\u2019entourent et qui m\u2019aident attendaient beaucoup de moi et \u00e9tais trop focalis\u00e9 sur le r\u00e9sultat final sans voir ce qu\u2019il y avait autour je pense! Je n\u2019arrivais pas \u00e0 \u00eatre dans une bonne concentration le jour J!<\/p>\n\n\n\n<p>Maintenant je vais rouler pour moi et donner le meilleur de moi m\u00eame sans me pr\u00e9occuper du r\u00e9sultat ou de qui que ce soit! <\/p>\n\n\n\n<p>En ce qui concerne les courses j\u2019ai commenc\u00e9 \u00e0 reprendre le sport et j\u2019esp\u00e8re \u00eatre rapidement derri\u00e8re la grille ! Quelle grille je ne sais pas mais mes envies n\u2019ont pas chang\u00e9 !! &#x1f609;<\/p>\n\n\n\n<h3 class=\"wp-block-heading\">Tu \u00e9tais \u00e9galement pr\u00e9sent sur la ligue de Bretagne \u00e0 St-Renan. Difficile de couper les ponts avec la terre natale ? &#x1f609;<\/h3>\n\n\n\n<p>Difficile est trop peu comme qualification ! Je dirais impossible ! Je fais des grandes courses cette ann\u00e9e c\u2019est vrai mais je reste un \u00ab ligard \u00bb comme dirait l\u2019autre! Quand tu fais tout le temps des courses o\u00f9 tu t\u2019arraches pour faire 10 \u00e7a fait du bien de venir faire une ligue et gagner devant des gens qu\u2019on conna\u00eet et qui nous supportent ! Et avec les 3 mousquetaires qui mettent du gaz devant en Bretagne c\u2019est pas la branlette pour gagner! &#x1f605;<br> Je devrais encore \u00eatre l\u00e0 pour les emb\u00eater fin de saison chez moi \u00e0 Plourin-l\u00e8s-Morlaix !<\/p>\n\n\n\n<h3 class=\"wp-block-heading\">Un avis sur les cat\u00e9gories r\u00e9unies ?<\/h3>\n\n\n\n<p>Pas facile de donner un avis. Pour certains c\u2019est bien et pour les leaders MX2 ils ne passent plus le ligne d\u2019arriv\u00e9e en premier donc \u00e7a doit \u00eatre p\u00e9nible .. mais \u00e7a fait de belles courses sinon je trouve !<\/p>\n\n\n\n<h3 class=\"wp-block-heading\">Allez je te laisse te reposer en esp\u00e9rant te revoir tr\u00e8s vite sur un circuit &#x1f609;<\/h3>\n\n\n\n<p>Merci \u00e0 vous Mx Bretagne pour ce que vous faites, merci \u00e0 ma famille, tout mes sponsors et aux personnes qui me suivent de pr\u00e8s ou de loin!<\/p>\n","protected":false},"excerpt":{"rendered":"<p>Romain Pape se remet gentillement de sa grosse chute survenue \u00e0 Foolz, en Championnat de France \u00c9lite MX2 il y a un mois. Touch\u00e9 aux c\u00f4tes et aux poumons, il esp\u00e8re reprendre le guidon rapidement.<\/p>\n","protected":false},"author":1,"featured_media":17760,"comment_status":"open","ping_status":"open","sticky":false,"template":"","format":"standard","meta":[],"categories":[52],"tags":[],"aioseo_notices":[],"_links":{"self":[{"href":"https:\/\/mx-bretagne.com\/mxb\/wp-json\/wp\/v2\/posts\/17755"}],"collection":[{"href":"https:\/\/mx-bretagne.com\/mxb\/wp-json\/wp\/v2\/posts"}],"about":[{"href":"https:\/\/mx-bretagne.com\/mxb\/wp-json\/wp\/v2\/types\/post"}],"author":[{"embeddable":true,"href":"https:\/\/mx-bretagne.com\/mxb\/wp-json\/wp\/v2\/users\/1"}],"replies":[{"embeddable":true,"href":"https:\/\/mx-bretagne.com\/mxb\/wp-json\/wp\/v2\/comments?post=17755"}],"version-history":[{"count":2,"href":"https:\/\/mx-bretagne.com\/mxb\/wp-json\/wp\/v2\/posts\/17755\/revisions"}],"predecessor-version":[{"id":17761,"href":"https:\/\/mx-bretagne.com\/mxb\/wp-json\/wp\/v2\/posts\/17755\/revisions\/17761"}],"wp:featuredmedia":[{"embeddable":true,"href":"https:\/\/mx-bretagne.com\/mxb\/wp-json\/wp\/v2\/media\/17760"}],"wp:attachment":[{"href":"https:\/\/mx-bretagne.com\/mxb\/wp-json\/wp\/v2\/media?parent=17755"}],"wp:term":[{"taxonomy":"category","embeddable":true,"href":"https:\/\/mx-bretagne.com\/mxb\/wp-json\/wp\/v2\/categories?post=17755"},{"taxonomy":"post_tag","embeddable":true,"href":"https:\/\/mx-bretagne.com\/mxb\/wp-json\/wp\/v2\/tags?post=17755"}],"curies":[{"name":"wp","href":"https:\/\/api.w.org\/{rel}","templated":true}]}}