{"id":17366,"date":"2018-11-13T22:10:19","date_gmt":"2018-11-13T21:10:19","guid":{"rendered":"https:\/\/mx-bretagne.com\/mxb\/?p=17366"},"modified":"2018-11-13T22:10:19","modified_gmt":"2018-11-13T21:10:19","slug":"sx-adac-18-19-charles-lefrancois-dans-le-coup-a-stuttgart","status":"publish","type":"post","link":"https:\/\/mx-bretagne.com\/mxb\/sx-adac-18-19-charles-lefrancois-dans-le-coup-a-stuttgart","title":{"rendered":"SX ADAC 18\/19: Charles Lefran\u00e7ois dans le coup \u00e0 Stuttgart"},"content":{"rendered":"<p><a href=\"https:\/\/mx-bretagne.com\/mxb\/wp-content\/uploads\/2018\/11\/charles_stuttgart.jpg\"><img decoding=\"async\" loading=\"lazy\" class=\"aligncenter size-full wp-image-17368\" src=\"https:\/\/mx-bretagne.com\/mxb\/wp-content\/uploads\/2018\/11\/charles_stuttgart.jpg\" alt=\"\" width=\"960\" height=\"640\" srcset=\"https:\/\/mx-bretagne.com\/mxb\/wp-content\/uploads\/2018\/11\/charles_stuttgart.jpg 960w, https:\/\/mx-bretagne.com\/mxb\/wp-content\/uploads\/2018\/11\/charles_stuttgart-555x370.jpg 555w, https:\/\/mx-bretagne.com\/mxb\/wp-content\/uploads\/2018\/11\/charles_stuttgart-768x512.jpg 768w\" sizes=\"(max-width: 960px) 100vw, 960px\" \/><\/a><\/p>\n<h3>Charles Lefran\u00e7ois fait parti des pilotes fran\u00e7ais qui ont d\u00e9but\u00e9 le championnat Allemand de Supercross ADAC. Fid\u00e8le depuis plusieurs saisons maintenant, il r\u00e9alise un beau week-end, notamment lors de la premi\u00e8re soir\u00e9e.<\/h3>\n<p><!--more--><\/p>\n<p>&nbsp;<\/p>\n<blockquote><p>C&rsquo;\u00e9tait ce week-end l&rsquo;ouverture du championnat de\u00a0supercross allemand.<\/p>\n<p>Je me suis tout de suite bien senti sur la piste et sur la moto mais je sentais que le terrain allait tout de m\u00eame \u00eatre assez \u00e9prouvant. On a retrouv\u00e9 une piste assez technique avec de gros sauts.<\/p>\n<p>Je r\u00e9alise le second temps chrono de mon groupe, \u00e7a me mettait en confiance pour la suite. En demi-finale, je pars en t\u00eate et m\u00e8ne une bonne moiti\u00e9 de la course avant d\u2019assurer une seconde position.<\/p>\n<p>Les trois premiers pilotes qualifi\u00e9s des deux demi-finales \u00e9taient s\u00e9lectionn\u00e9s pour des face-\u00e0-face sur un tour, j\u2019ai r\u00e9ussi \u00e0 gagner mon premier duel mais perds le second.<br \/>\nEn finale, je r\u00e9alise une nouvelle fois le holeshot et m\u00e8ne la finale jusqu\u2019\u00e0 mi-manche, grosso modo 10 tours (les ann\u00e9es pr\u00e9c\u00e9dentes la finale comptait 15 tours et cette ann\u00e9e il fallait la tenir avec ses 20 tours). J\u2019ai eu un coup de mou vers la fin mais j&rsquo;ai tout de m\u00eame\u00a0r\u00e9ussi \u00e0 me reprendre en fin de manche et finir \u00e0 une belle 3\u00e8me place.\u00a0Remonter sur le podium apr\u00e8s mon gros crash de Marseille \u00e9tait vraiment une belle r\u00e9compense, d&rsquo;autant plus quand on connait la\u00a0qualit\u00e9 du plateau.<\/p>\n<p>Le second jour, je r\u00e9alise une nouvelle fois le second temps de mon groupe. Lors de la demi-finale, je r\u00e9alise un bon d\u00e9part mais malheureusement dans le second virage, un pilote se couche devant moi et je\u00a0ne peux l\u2019\u00e9viter. Je repars bon dernier et remonte 6\u00e8me sans reprendre un tr\u00e8s bon rythme. J\u2019ai donc\u00a0d\u00fb passer par la case rep\u00eachage, \u00a0que je\u00a0gagne.<br \/>\nEn finale enfin,\u00a0je prends un mauvais d\u00e9part et lors de ma remont\u00e9e, un pilote am\u00e9ricain ne\u00a0cherchait qu&rsquo;une seule chose,\u00a0me block-passer, mais\u00a0sans v\u00e9ritable\u00a0raison apr\u00e8s explication de sa part. Il m&rsquo;a donc fait chuter et cela nous a\u00a0fait perdre pas mal de temps. Je remonte \u00e0 la 9\u00e8me place et me classe 5\u00e8me du week-end \u00e0 l&rsquo;issue de cette premi\u00e8re \u00e9preuve.<\/p>\n<p>Je vous souhaite \u00e0 tous une bonne semaine.<\/p>\n<p>Charles.<\/p><\/blockquote>\n","protected":false},"excerpt":{"rendered":"<p>Charles Lefran\u00e7ois fait parti des pilotes fran\u00e7ais qui ont d\u00e9but\u00e9 le championnat Allemand de Supercross ADAC. Fid\u00e8le depuis plusieurs saisons maintenant, il r\u00e9alise un beau week-end, notamment lors de la premi\u00e8re soir\u00e9e.<\/p>\n","protected":false},"author":1,"featured_media":17368,"comment_status":"open","ping_status":"open","sticky":false,"template":"","format":"standard","meta":[],"categories":[493],"tags":[811,76,2270],"aioseo_notices":[],"_links":{"self":[{"href":"https:\/\/mx-bretagne.com\/mxb\/wp-json\/wp\/v2\/posts\/17366"}],"collection":[{"href":"https:\/\/mx-bretagne.com\/mxb\/wp-json\/wp\/v2\/posts"}],"about":[{"href":"https:\/\/mx-bretagne.com\/mxb\/wp-json\/wp\/v2\/types\/post"}],"author":[{"embeddable":true,"href":"https:\/\/mx-bretagne.com\/mxb\/wp-json\/wp\/v2\/users\/1"}],"replies":[{"embeddable":true,"href":"https:\/\/mx-bretagne.com\/mxb\/wp-json\/wp\/v2\/comments?post=17366"}],"version-history":[{"count":1,"href":"https:\/\/mx-bretagne.com\/mxb\/wp-json\/wp\/v2\/posts\/17366\/revisions"}],"predecessor-version":[{"id":17369,"href":"https:\/\/mx-bretagne.com\/mxb\/wp-json\/wp\/v2\/posts\/17366\/revisions\/17369"}],"wp:featuredmedia":[{"embeddable":true,"href":"https:\/\/mx-bretagne.com\/mxb\/wp-json\/wp\/v2\/media\/17368"}],"wp:attachment":[{"href":"https:\/\/mx-bretagne.com\/mxb\/wp-json\/wp\/v2\/media?parent=17366"}],"wp:term":[{"taxonomy":"category","embeddable":true,"href":"https:\/\/mx-bretagne.com\/mxb\/wp-json\/wp\/v2\/categories?post=17366"},{"taxonomy":"post_tag","embeddable":true,"href":"https:\/\/mx-bretagne.com\/mxb\/wp-json\/wp\/v2\/tags?post=17366"}],"curies":[{"name":"wp","href":"https:\/\/api.w.org\/{rel}","templated":true}]}}