{"id":17339,"date":"2018-10-14T21:53:49","date_gmt":"2018-10-14T20:53:49","guid":{"rendered":"https:\/\/mx-bretagne.com\/mxb\/?p=17339"},"modified":"2018-10-14T21:53:49","modified_gmt":"2018-10-14T20:53:49","slug":"sx-marseille-lefrancois-blesse","status":"publish","type":"post","link":"https:\/\/mx-bretagne.com\/mxb\/sx-marseille-lefrancois-blesse","title":{"rendered":"SX MARSEILLE: LEFRANCOIS BLESS\u00c9"},"content":{"rendered":"<p><a href=\"https:\/\/mx-bretagne.com\/mxb\/wp-content\/uploads\/2018\/10\/lefrancois_marseille.jpg\"><img decoding=\"async\" loading=\"lazy\" class=\"aligncenter size-full wp-image-17341\" src=\"https:\/\/mx-bretagne.com\/mxb\/wp-content\/uploads\/2018\/10\/lefrancois_marseille.jpg\" alt=\"\" width=\"1200\" height=\"800\" srcset=\"https:\/\/mx-bretagne.com\/mxb\/wp-content\/uploads\/2018\/10\/lefrancois_marseille.jpg 1200w, https:\/\/mx-bretagne.com\/mxb\/wp-content\/uploads\/2018\/10\/lefrancois_marseille-555x370.jpg 555w, https:\/\/mx-bretagne.com\/mxb\/wp-content\/uploads\/2018\/10\/lefrancois_marseille-768x512.jpg 768w\" sizes=\"(max-width: 1200px) 100vw, 1200px\" \/><\/a><\/p>\n<h3>Charles Lefran\u00e7ois a connu le bon et le moins bon sur les terres du Supercross de Marseille ce week-end. Dans le rythme des meilleurs, vainqueur d&rsquo;une finale devant un certain Dylan Ferrandis, Charles confirmait son excellente forme du moment en Supercross apr\u00e8s sa 2\u00e8me place sur le PRO HEXIS cet \u00e9t\u00e9. Malheureusement victime d&rsquo;une lourde chute en 3\u00e8me manche, il termine ce week-end dans la douleur. Il nous en dit plus \u00e0 travers son communiqu\u00e9.<\/h3>\n<p><!--more--><\/p>\n<p>&nbsp;<\/p>\n<blockquote><p>La deuxi\u00e8me journ\u00e9e du supercross de Marseille avait bien commenc\u00e9 avec une victoire en premi\u00e8re finale.<\/p>\n<p>Je me classe ensuite 5\u00e8me de la deuxi\u00e8me. Pour la derni\u00e8re finale, j\u2019\u00e9tais install\u00e9 \u00e0 une confortable 4\u00e8me position mais malheureusement j\u2019ai commis une erreur et je suis parti sur l\u2019avant \u00e0 l\u2019appel d\u2019un quadruple et je n\u2019ai malheureusement pu ramener la moto.<\/p>\n<p>J\u2019ai \u00e9t\u00e9 tout de suite pris en charge par les pompiers car j\u2019avais tr\u00e8s mal au torse et crachais du sang. Apr\u00e8s avoir fait des examens \u00e0 l\u2019h\u00f4pital, j\u2019ai de gros h\u00e9matomes au poumon avec un peu de sang et pour le moment je suis sous aide oxyg\u00e9n\u00e9e. J\u2019ai une invaginalisation au niveau des intestins qui devrait normalement se r\u00e9tablir toute seule.<\/p>\n<p>Je reste pour le moment en soin \u00e0 l\u2019h\u00f4pital de Marseille et esp\u00e8re \u00eatre rapatri\u00e9 chez moi au plus vite. Je peux m\u2019estimer heureux des cons\u00e9quences de ma chute. Je termine tout de m\u00eame 4\u00e8me de l\u2019\u00e9preuve de Marseille derri\u00e8re D.Ferrandis, C.Soubeyras et G.Aranda.<\/p>\n<p>Repos forc\u00e9 mais une fois que je pourrais respirer pleinement seul je vais rester tranquille et devrais me remettre rapidement pour reprendre le chemin des courses.<\/p>\n<p>Un grand merci \u00e0 Guillaume, mon beau fr\u00e8re, Jules et S\u00e9bastien ainsi qu\u2019\u00e0 vous tous pour vos messages de soutien.<\/p><\/blockquote>\n<h3>\u00a0Vendredi<\/h3>\n<p>Finale 1\u00a0:\u00a01.Soubeyras (Suzuki)\u00a0; 2.Ferrandis (Yamaha) +2.291\u00a0; 3.Aranda (Kawasaki) + 8.703\u00a0; 4.Lefran\u00e7ois (Suzuki) +11.268\u00a0; 5.Basaula (POR, KTM) +15.808\u00a0; 6.Izoird (Honda) +16.924\u00a0; 7.Le Hir (Honda) +18.393\u00a0; 8.Mallet (Husqvarna) +19.113\u00a0; 9.Pellegrini (ITA, Suzuki) +31.660\u00a0; 10.Richier (Honda)\u2026etc\u2026<\/p>\n<p>Finale 2\u00a0: 1.Soubeyras\u00a0; 2.Ferrandis +0.446\u00a0; 3.Aranda +15.461\u00a0; 4.Lefran\u00e7ois +17.214\u00a0; 5.Izoird +24.122\u00a0; 6.Le Hir +24.981\u00a0; 7.Mallet +29.302\u00a0; 8.Basaula +41.021\u00a0; 9.Cross (ESP, KTM) +1t\u00a0; 10.Mataro +1t\u00a0; etc\u2026<\/p>\n<p>Finale 3\u00a0:\u00a01.Ferrandis\u00a0; 2.Soubeyras +2.274\u00a0; 3.Aranda +3.078\u00a0; 4.Lefran\u00e7ois +7.746\u00a0; 5.Izoird +12.291\u00a0; 6.Le Hir +13.829\u00a0; 7.Mallet +15.659\u00a0; 8.Basaula +18.038\u00a0; 9.Cross +27.233\u00a0; 10.Pellegrini +32.926\u00a0; etc..<\/p>\n<p>G\u00e9n\u00e9ral\u00a0:\u00a01.Soubeyras, 72\u00a0; 2.Ferrandis, 69\u00a0; 3.Aranda, 60\u00a0; 4.Lefran\u00e7ois, 54\u00a0; 5.Izoird, 47\u00a0; 6.Le Hir, 44\u00a0; 7.Basaula, 42\u00a0; 8.Mallet, 41\u00a0; etc\u2026<\/p>\n<h3>Samedi<\/h3>\n<p>Finale 1\u00a0:\u00a01.Lefran\u00e7ois\u00a0; 2.Ferrandis +1.026\u00a0; 3.Aranda +2.500\u00a0; 4.Soubeyras +3.197\u00a0; 5.Le Hir +14.709\u00a0; 6.Mallet +18.497\u00a0; 7.Izoird +20.119\u00a0; 9.Cross +21.223\u00a0; 10.Pellegrini\u00a0; etc\u2026<\/p>\n<p>Finale 2\u00a0:\u00a01.Ferrandis\u00a0; 2.Soubeyras +1.640\u00a0; 3.Aranda +12.070\u00a0; 4.Izoird +14.887\u00a0; 5.Lefran\u00e7ois +16.033\u00a0; 6.Pellegrini +18.656\u00a0; 7.Mallet +20.028\u00a0; 8.Basaula +29.611\u00a0; 9.Cross +30.811\u00a0; 10.Mataro +38.338\u00a0; etc..<\/p>\n<p>Finale 3\u00a0:\u00a01.Ferrandis\u00a0; 2.Soubeyras +5.060\u00a0; 3.Aranda +5.619\u00a0; 4.Pellegrini +23.406\u00a0; 5.Basaula +25.972\u00a0; 6.Izoird +26.392\u00a0; 7.Mallet +42.372\u00a0; 8.Cross +1t\u00a0; 9.Mataro\u00a0; 10.Bussot\u00a0; etc\u2026<\/p>\n<p>King of Marseille\u00a0: 1.Ferrandis\u00a0; 2.Soubeyras\u00a0; 3.Aranda\u00a0; 4.Lefran\u00e7ois\u00a0; 5.Izoird\u00a0; 6.Basaula\u00a0; 7.Mallet\u00a0; 8.Pellegrini\u00a0; 9.Cross\u00a0; 10.Le Hir\u00a0; etc\u2026<\/p>\n","protected":false},"excerpt":{"rendered":"<p>Charles Lefran\u00e7ois a connu le bon et le moins bon sur les terres du Supercross de Marseille ce week-end. Dans le rythme des meilleurs, vainqueur d&rsquo;une finale devant un certain Dylan Ferrandis, Charles confirmait son excellente forme du moment en Supercross apr\u00e8s sa 2\u00e8me place sur le PRO HEXIS cet \u00e9t\u00e9. Malheureusement victime d&rsquo;une lourde [&hellip;]<\/p>\n","protected":false},"author":1,"featured_media":17341,"comment_status":"open","ping_status":"open","sticky":false,"template":"","format":"standard","meta":[],"categories":[40,493],"tags":[],"aioseo_notices":[],"_links":{"self":[{"href":"https:\/\/mx-bretagne.com\/mxb\/wp-json\/wp\/v2\/posts\/17339"}],"collection":[{"href":"https:\/\/mx-bretagne.com\/mxb\/wp-json\/wp\/v2\/posts"}],"about":[{"href":"https:\/\/mx-bretagne.com\/mxb\/wp-json\/wp\/v2\/types\/post"}],"author":[{"embeddable":true,"href":"https:\/\/mx-bretagne.com\/mxb\/wp-json\/wp\/v2\/users\/1"}],"replies":[{"embeddable":true,"href":"https:\/\/mx-bretagne.com\/mxb\/wp-json\/wp\/v2\/comments?post=17339"}],"version-history":[{"count":1,"href":"https:\/\/mx-bretagne.com\/mxb\/wp-json\/wp\/v2\/posts\/17339\/revisions"}],"predecessor-version":[{"id":17342,"href":"https:\/\/mx-bretagne.com\/mxb\/wp-json\/wp\/v2\/posts\/17339\/revisions\/17342"}],"wp:featuredmedia":[{"embeddable":true,"href":"https:\/\/mx-bretagne.com\/mxb\/wp-json\/wp\/v2\/media\/17341"}],"wp:attachment":[{"href":"https:\/\/mx-bretagne.com\/mxb\/wp-json\/wp\/v2\/media?parent=17339"}],"wp:term":[{"taxonomy":"category","embeddable":true,"href":"https:\/\/mx-bretagne.com\/mxb\/wp-json\/wp\/v2\/categories?post=17339"},{"taxonomy":"post_tag","embeddable":true,"href":"https:\/\/mx-bretagne.com\/mxb\/wp-json\/wp\/v2\/tags?post=17339"}],"curies":[{"name":"wp","href":"https:\/\/api.w.org\/{rel}","templated":true}]}}