{"id":17086,"date":"2018-06-28T22:31:53","date_gmt":"2018-06-28T21:31:53","guid":{"rendered":"https:\/\/mx-bretagne.com\/mxb\/?p=17086"},"modified":"2018-06-28T22:31:53","modified_gmt":"2018-06-28T21:31:53","slug":"un-an-au-tour-du-monde-2-couples-et-surtout-2-fois-3-roues","status":"publish","type":"post","link":"https:\/\/mx-bretagne.com\/mxb\/un-an-au-tour-du-monde-2-couples-et-surtout-2-fois-3-roues","title":{"rendered":"Un an au Tour du Monde, 2 couples et surtout 2 fois 3 roues"},"content":{"rendered":"<h3><a href=\"https:\/\/mx-bretagne.com\/mxb\/wp-content\/uploads\/2018\/06\/tour_monde.jpg\"><img decoding=\"async\" loading=\"lazy\" class=\"aligncenter size-full wp-image-17090\" src=\"https:\/\/mx-bretagne.com\/mxb\/wp-content\/uploads\/2018\/06\/tour_monde.jpg\" alt=\"\" width=\"1200\" height=\"800\" srcset=\"https:\/\/mx-bretagne.com\/mxb\/wp-content\/uploads\/2018\/06\/tour_monde.jpg 1200w, https:\/\/mx-bretagne.com\/mxb\/wp-content\/uploads\/2018\/06\/tour_monde-555x370.jpg 555w, https:\/\/mx-bretagne.com\/mxb\/wp-content\/uploads\/2018\/06\/tour_monde-768x512.jpg 768w\" sizes=\"(max-width: 1200px) 100vw, 1200px\" \/><\/a><br \/>\nNous (Les Grum\u2019s) sommes toujours tr\u00e8s inspir\u00e9s par les personnes qui aiment relever des d\u00e9fis. De plus le voyage est une source de motivation in\u00e9puisable.<\/h3>\n<p><!--more--><\/p>\n<p>&nbsp;<\/p>\n<p>Nous vous pr\u00e9sentons aujourd\u2019hui 4 amis qui ont d\u00e9cid\u00e9 de partir faire un Tour du Monde en Side Car. Devinez quoi \u00c9milie et Rapha\u00ebl sont Bretons. Ils seront accompagn\u00e9s de Marie et Julien (Vend\u00e9ens). Tous les 4 partent \u00e0 l\u2019aventure \u00e0 bord de Side Car Ural.<\/p>\n<p>Le choix de ce type de Side est atypique et c\u2019est vraiment top. On esp\u00e8re que vous serez nombreux \u00e0 les suivre dans cette fabuleuse aventure qui m\u00eale partages, rencontres et d\u00e9couvertes. Il y aura surement un peu de gal\u00e8res qui leurs permettront de rapporter de belles anecdotes et de supers souvenirs. Cela promet une belle aventure\u2026<\/p>\n<p>Le d\u00e9part est pr\u00e9vu pour septembre 2018. On leur souhaite d\u2019ores et d\u00e9j\u00e0 bonne route\u00a0!<\/p>\n<p>Vous pouvez les suivre et les soutenir sur leur site\u00a0: <a href=\"http:\/\/friends4adventures.org\/\" target=\"_blank\" rel=\"noopener\">http:\/\/friends4adventures.org\/<\/a><\/p>\n<p>Sur Facebook\u00a0: <a href=\"https:\/\/www.facebook.com\/Friends4adventures\/\" target=\"_blank\" rel=\"noopener\">https:\/\/www.facebook.com\/Friends4adventures\/<\/a><\/p>\n<p>Les Grum\u2019s.<\/p>\n","protected":false},"excerpt":{"rendered":"<p>Nous (Les Grum\u2019s) sommes toujours tr\u00e8s inspir\u00e9s par les personnes qui aiment relever des d\u00e9fis. De plus le voyage est une source de motivation in\u00e9puisable.<\/p>\n","protected":false},"author":5,"featured_media":17090,"comment_status":"open","ping_status":"open","sticky":false,"template":"","format":"standard","meta":[],"categories":[150],"tags":[],"aioseo_notices":[],"_links":{"self":[{"href":"https:\/\/mx-bretagne.com\/mxb\/wp-json\/wp\/v2\/posts\/17086"}],"collection":[{"href":"https:\/\/mx-bretagne.com\/mxb\/wp-json\/wp\/v2\/posts"}],"about":[{"href":"https:\/\/mx-bretagne.com\/mxb\/wp-json\/wp\/v2\/types\/post"}],"author":[{"embeddable":true,"href":"https:\/\/mx-bretagne.com\/mxb\/wp-json\/wp\/v2\/users\/5"}],"replies":[{"embeddable":true,"href":"https:\/\/mx-bretagne.com\/mxb\/wp-json\/wp\/v2\/comments?post=17086"}],"version-history":[{"count":3,"href":"https:\/\/mx-bretagne.com\/mxb\/wp-json\/wp\/v2\/posts\/17086\/revisions"}],"predecessor-version":[{"id":17091,"href":"https:\/\/mx-bretagne.com\/mxb\/wp-json\/wp\/v2\/posts\/17086\/revisions\/17091"}],"wp:featuredmedia":[{"embeddable":true,"href":"https:\/\/mx-bretagne.com\/mxb\/wp-json\/wp\/v2\/media\/17090"}],"wp:attachment":[{"href":"https:\/\/mx-bretagne.com\/mxb\/wp-json\/wp\/v2\/media?parent=17086"}],"wp:term":[{"taxonomy":"category","embeddable":true,"href":"https:\/\/mx-bretagne.com\/mxb\/wp-json\/wp\/v2\/categories?post=17086"},{"taxonomy":"post_tag","embeddable":true,"href":"https:\/\/mx-bretagne.com\/mxb\/wp-json\/wp\/v2\/tags?post=17086"}],"curies":[{"name":"wp","href":"https:\/\/api.w.org\/{rel}","templated":true}]}}