{"id":17081,"date":"2018-06-27T21:32:03","date_gmt":"2018-06-27T20:32:03","guid":{"rendered":"https:\/\/mx-bretagne.com\/mxb\/?p=17081"},"modified":"2018-06-27T21:32:03","modified_gmt":"2018-06-27T20:32:03","slug":"ils-sont-ou-32","status":"publish","type":"post","link":"https:\/\/mx-bretagne.com\/mxb\/ils-sont-ou-32","title":{"rendered":"[ILS SONT O\u00da ?] #32"},"content":{"rendered":"<p><a href=\"https:\/\/mx-bretagne.com\/mxb\/wp-content\/uploads\/2018\/06\/ilssontou30.jpg\"><img decoding=\"async\" loading=\"lazy\" class=\"aligncenter size-full wp-image-17034\" src=\"https:\/\/mx-bretagne.com\/mxb\/wp-content\/uploads\/2018\/06\/ilssontou30.jpg\" alt=\"\" width=\"1200\" height=\"800\" srcset=\"https:\/\/mx-bretagne.com\/mxb\/wp-content\/uploads\/2018\/06\/ilssontou30.jpg 1200w, https:\/\/mx-bretagne.com\/mxb\/wp-content\/uploads\/2018\/06\/ilssontou30-555x370.jpg 555w, https:\/\/mx-bretagne.com\/mxb\/wp-content\/uploads\/2018\/06\/ilssontou30-768x512.jpg 768w\" sizes=\"(max-width: 1200px) 100vw, 1200px\" \/><\/a><\/p>\n<h3>Les Bretons en Championnat de France Elite, Espoirs 85cc, Minivert et Suisse de Motocross.<\/h3>\n<p><!--more--><\/p>\n<p>&nbsp;<\/p>\n<h2>FRANCE ELITE &#8211; BOURGUIGNONS (10) 5\/7<\/h2>\n<p>Malgr\u00e9 un abandon en 1\u00e8re manche, Mathys Boisram\u00e9 termine 2\u00e8me de la seconde manche derri\u00e8re Stephen Rubini. Il conserve la 1\u00e8re place du provisoire avec 10 points d&rsquo;avance sur Arnaud Aubin. 6\u00e8me puis 4\u00e8me, Pierre Goupillon monte sur le podium de la journ\u00e9e et se trouve \u00e0 la 6\u00e8me place du provisoire. Romain Pape (15\/7), Julien Duhamel (22\/18) et Fran\u00e7ois Dor\u00e9 (29\/22). Pas de pilote breton en MX1 (Jason Clermont en championnat Suisse).<\/p>\n<p>Prochaine \u00e9preuve<a href=\"https:\/\/mx-bretagne.com\/mxb\/elite-iffendic-7-et-8-juillet-2018\"> 7 juillet \u00e0 Iffendic !<\/a><\/p>\n<h3>MX2<\/h3>\n<p>1 118 RUBINI Stephen KTM MC Volx Villeneuve 22 25 47<br \/>\n2 128 VIALLE Tom Husqvarna MC Chateauneuf les Ma\u2026 25 20 45<br \/>\n<strong><span style=\"color: #3366ff;\">3 720 GOUPILLON Pierre Kawasaki MC Dinannais 15 18 33<\/span><\/strong><br \/>\n4 47 HOUZET Dan KTM Union Moto de la Marne 12 16 28<br \/>\n5 718 GIRAUD Henri Yamaha MC Pernois 13 15 28<br \/>\n6 51 MALAVAL Adrien Husqvarna MC Du Lac 14 9 23<br \/>\n7 959 RENAUX Maxime Yamaha MC Pecquencourt 16 7 23<br \/>\n<strong><span style=\"color: #3366ff;\">8 172 BOISRAME Mathys Honda MC Romagne 0 22 22<\/span><\/strong><br \/>\n9 14 AUBIN Arnaud Suzuki MC Basly 9 13 22<br \/>\n10 773 DO Thomas Suzuki MC Chateauneuf les Ma\u2026 11 10 21<br \/>\n<strong><span style=\"color: #3366ff;\">11 494 PAPE Romain Yamaha MC Romagne 6 14 20 <\/span><\/strong><\/p>\n<p><strong><span style=\"color: #3366ff;\">21 322 DUHAMEL Julien KTM MC Romagne 1 3 4<\/span><\/strong><br \/>\n<strong><span style=\"color: #3366ff;\">24 516 DORE Fran\u00e7ois Kawasaki 1 1 2<\/span><\/strong><\/p>\n<p><strong>PROVISOIRE<\/strong><\/p>\n<p><strong><span style=\"color: #3366ff;\">1 172 BOISRAME Mathys Honda MC Romagne 20 20 18 20 22 22 20 22 0 22 186<\/span><\/strong><br \/>\n2 14 AUBIN Arnaud Suzuki MC Basly 22 25 16 18 18 18 12 25 9 13 176<br \/>\n3 118 RUBINI Stephen KTM MC Volx Villeneuve 0 0 25 25 25 25 0 0 22 25 147<br \/>\n4 285 STRUBHART MOREAU \u2026 Kawasaki MC d&rsquo;Ern\u00e9e 12 13 0 22 20 20 15 18 20 0 140<br \/>\n5 128 VIALLE Tom Husqvarna MC Chateauneuf les Ma\u2026 13 16 20 0 0 0 25 16 25 20 135<br \/>\n<strong><span style=\"color: #3366ff;\">6 720 GOUPILLON Pierre Kawasaki MC Dinannais 15 6 22 0 0 0 22 20 15 18 118<\/span><\/strong><\/p>\n<p><strong><span style=\"color: #3366ff;\">14 494 PAPE Romain Yamaha MC Romagne 9 10 10 15 5 4 11 0 6 14 84<\/span><\/strong><\/p>\n<h3>MX1<\/h3>\n<p>1 1 BOOG Xavier Honda MC des 3 Lys 22 25 47<br \/>\n2 3 AUBIN Nicolas Suzuki Ouville MC 18 20 38<br \/>\n3 71 GRAULUS Damon Suzuki MC de la Valtoline Verdun 13 22 35<br \/>\n4 737 TEILLET Valentin Honda MC du Pays des Olonnes 16 18 34<br \/>\n5 250 FURA Richard Honda MC de Thelle 12 16 28<\/p>\n<p><strong>PROVISOIRE<\/strong><\/p>\n<p>1 1 BOOG Xavier Honda MC des 3 Lys 22 22 25 25 22 22 25 25 22 25 235<br \/>\n2 3 AUBIN Nicolas Suzuki Ouville MC 13 18 18 20 15 15 22 22 18 20 181<br \/>\n3 71 GRAULUS Damon Suzuki MC de la Valtoline Verdun 14 15 20 16 18 16 16 11 13 22 161<br \/>\n4 20 ARANDA Gregory Kawasaki MC Montendrais 20 20 22 22 16 20 0 20 20 0 160<br \/>\n5 737 TEILLET Valentin Honda MC du Pays des Olonnes 0 0 16 15 20 18 20 16 16 18 139<br \/>\n<strong><span style=\"color: #3366ff;\">6 817 CLERMONT Jason Kawasaki MC La Bosse de Bretagne 15 16 15 14 14 14 12 13 0 0 113<\/span><\/strong><\/p>\n<h2>FRANCE ESPOIRS 85cc &#8211; BOURGUIGNONS (10)<\/h2>\n<p>Julien Duhamel (12\/13), Alan Harnois (9\/29), Leandre Chauvire (18\/15), Guerlin Delarue (34\/DNF), Pierre Louis Deroyer (DNF\/DNF).<\/p>\n<h3>JOURNEE<\/h3>\n<p>1 59 GRAU Maxime Husqvarna St Chamond Moto Sport 20 25 45<br \/>\n2 77 BORDES Baptiste KTM Moto Sport 46 25 18 43<br \/>\n3 78 LOUIS Axel KTM MC Angerien 16 22 38<br \/>\n4 14 SOULIMANI Saad Husqvarna MC de Dreux 18 20 38<br \/>\n5 247 CAZAL Xavier Husqvarna Team 974 Deux Zero 22 16 38<\/p>\n<p><strong><span style=\"color: #3366ff;\">12 318 DUHAMEL Nicolas KTM MC Romagne 9 8 17<\/span><\/strong><\/p>\n<p><strong><span style=\"color: #3366ff;\">15 97 HARNOIS Alan Yamaha Ama St Carreuc 12 0 12<\/span><\/strong><br \/>\n<strong><span style=\"color: #3366ff;\">16 840 CHAUVIRE Leandre KTM MC Romagne 3 6 9<\/span><\/strong><\/p>\n<p><strong><span style=\"color: #3366ff;\">39 16 DELARUE Guerlin KTM MC Romagne 0 0 0<\/span><\/strong><br \/>\n<strong><span style=\"color: #3366ff;\">40 25 DEROYER Pierre Louis KTM MC Romagne 0 0 0<\/span><\/strong><\/p>\n<p><strong>PROVISOIRE<\/strong><\/p>\n<p>1 202 DISERENS Luca KTM St Chamond MS 22 25 22 25 20 25 25 25 14 14 217<br \/>\n2 14 SOULIMANI Saad Husqvarna MC de Dreux 25 22 25 22 22 22 0 0 18 20 176<br \/>\n3 366 ASTE Romain KTM Racing Club De Beaum\u2026 18 18 14 16 12 11 14 20 11 12 146<br \/>\n<strong><span style=\"color: #3366ff;\">4 318 DUHAMEL Nicolas KTM MC Romagne 20 20 18 18 16 12 15 0 9 8 136<\/span><\/strong><br \/>\n5 77 BORDES Baptiste KTM Moto Sport 46 0 0 0 0 13 18 20 22 25 18 116<\/p>\n<p><strong><span style=\"color: #3366ff;\">10 97 HARNOIS Alan Yamaha Ama St Carreuc 14 6 3 14 9 0 16 9 12 0 83<\/span><\/strong><\/p>\n<p><strong><span style=\"color: #3366ff;\">18 25 DEROYER Pierre Louis KTM MC Romagne 0 10 5 15 0 0 4 8 0 0 42<\/span><\/strong><\/p>\n<h2>FRANCE MINIVERT &#8211; BRIGUEUIL (16)<\/h2>\n<p>Iliann Werle (17\/15), Baptiste Peigne (30\/16).<\/p>\n<h3>85cc<\/h3>\n<p>1 255 GARCIA Daniela St Chamond Moto Sport KTM 25 25 50<br \/>\n2 288 JAYAL Noam MC Des Granges Gontardes KTM 20 22 42<br \/>\n3 55 BARTHEZ Mathis MC Aspiranais KTM 18 20 38<br \/>\n4 262 LEFEBVRE Kivers MC Manre Husqvarna 22 14 36<br \/>\n5 131 GHOUMA Rahyan MC Sainte Rosalie La Fare les Oliviers KTM 16 18 34<\/p>\n<p><strong><span style=\"color: #3366ff;\">13 199 WERLE Ilann ASM Guisseny KTM 4 6 10<\/span><\/strong><\/p>\n<p><strong><span style=\"color: #3366ff;\">19 144 PEIGNE Baptiste MC La Bosse de Bretagne Husqvarna 0 5 5<\/span><\/strong><\/p>\n<p><strong>PROVISOIRE<\/strong><\/p>\n<p>1 255 GARCIA Daniela St Chamond Moto Sport KTM 25 25 25 25 100<br \/>\n2 288 JAYAL Noam MC Des Granges Gontardes KTM 22 22 20 22 86<br \/>\n3 55 BARTHEZ Mathis MC Aspiranais KTM 14 20 18 20 72<br \/>\n4 262 LEFEBVRE Kivers MC Manre Husqvarna 16 18 22 14 70<br \/>\n5 12 AUDINAT Leny MC Du Lac KTM 13 16 15 15 59<\/p>\n<p><strong><span style=\"color: #3366ff;\">15 199 WERLE Ilann ASM Guisseny KTM 0 12 4 6 22<\/span><\/strong><\/p>\n<p><strong><span style=\"color: #3366ff;\">27 144 PEIGNE Baptiste MC La Bosse de Bretagne Husqvarna 0 0 0 5 5<\/span><\/strong><\/p>\n<h2>CHAMPIONNAT SUISSE<\/h2>\n<p>Jason Clermont (4\/1). TOujours en t\u00eate du championnat avec 10 points d&rsquo;avance.<\/p>\n<blockquote><p>Qualifications je r\u00e9alise le 5\u00e8me temps chrono. 1\u00e8re manche je pars dans les 10 premiers mais je chute &#8230; je reviens petit \u00e0 petit et fini 4.<\/p>\n<p>2eme manche je pars dans les 3 et au bout du 6eme tour je prends la 1ere place ! Et je finis donc 1er . Ce qui me positionne 2 au g\u00e9n\u00e9ral de la journ\u00e9e ! Et je reste en t\u00eate du championnat Suisse avec 10 points d\u2019avance sur le 2nd ! Week-end positif<\/p>\n<p>Je tenais \u00e0 remercier mon team Suisse HFour Racing team energybody, mon manager Harry qui fait son maximum pour que je roule dans de bonnes conditions, mes amis, ma copine et tous ceux qui sont derri\u00e8re moi depuis le d\u00e9but !<\/p>\n<p>Prochain rdv dimanche prochain 1\u00e8r Juillet pour le motocross international de Is Sur Tille #817<\/p><\/blockquote>\n<h3>JOURNEE OPEN<\/h3>\n<p>1 501 SCHEIWILLER Cyrill Obfelden YAMAHA 25 20 45<br \/>\n<strong><span style=\"color: #3366ff;\">2 817 CLERMONT Jason FRANCE KAWASAKI 18 25 43<\/span><\/strong><br \/>\n3 82 BAUMGARTNER Andy Romanshorn KTM 20 22 42<br \/>\n4 66 SCHAFER Alain Fribourg HONDA 22 18 40<br \/>\n5 78 FURLATO Yves Amlikon-Bissegg HUSQVARNA 14 16 30<\/p>\n","protected":false},"excerpt":{"rendered":"<p>Les Bretons en Championnat de France Elite, Espoirs 85cc, Minivert et Suisse de Motocross.<\/p>\n","protected":false},"author":1,"featured_media":17034,"comment_status":"open","ping_status":"open","sticky":false,"template":"","format":"standard","meta":[],"categories":[294,492,605],"tags":[],"aioseo_notices":[],"_links":{"self":[{"href":"https:\/\/mx-bretagne.com\/mxb\/wp-json\/wp\/v2\/posts\/17081"}],"collection":[{"href":"https:\/\/mx-bretagne.com\/mxb\/wp-json\/wp\/v2\/posts"}],"about":[{"href":"https:\/\/mx-bretagne.com\/mxb\/wp-json\/wp\/v2\/types\/post"}],"author":[{"embeddable":true,"href":"https:\/\/mx-bretagne.com\/mxb\/wp-json\/wp\/v2\/users\/1"}],"replies":[{"embeddable":true,"href":"https:\/\/mx-bretagne.com\/mxb\/wp-json\/wp\/v2\/comments?post=17081"}],"version-history":[{"count":1,"href":"https:\/\/mx-bretagne.com\/mxb\/wp-json\/wp\/v2\/posts\/17081\/revisions"}],"predecessor-version":[{"id":17083,"href":"https:\/\/mx-bretagne.com\/mxb\/wp-json\/wp\/v2\/posts\/17081\/revisions\/17083"}],"wp:featuredmedia":[{"embeddable":true,"href":"https:\/\/mx-bretagne.com\/mxb\/wp-json\/wp\/v2\/media\/17034"}],"wp:attachment":[{"href":"https:\/\/mx-bretagne.com\/mxb\/wp-json\/wp\/v2\/media?parent=17081"}],"wp:term":[{"taxonomy":"category","embeddable":true,"href":"https:\/\/mx-bretagne.com\/mxb\/wp-json\/wp\/v2\/categories?post=17081"},{"taxonomy":"post_tag","embeddable":true,"href":"https:\/\/mx-bretagne.com\/mxb\/wp-json\/wp\/v2\/tags?post=17081"}],"curies":[{"name":"wp","href":"https:\/\/api.w.org\/{rel}","templated":true}]}}