{"id":16582,"date":"2017-10-09T20:30:43","date_gmt":"2017-10-09T19:30:43","guid":{"rendered":"http:\/\/www.mx-bretagne.com\/mxb\/?p=16582"},"modified":"2017-10-09T20:30:43","modified_gmt":"2017-10-09T19:30:43","slug":"moto-du-jour-125-cr-2018","status":"publish","type":"post","link":"https:\/\/mx-bretagne.com\/mxb\/moto-du-jour-125-cr-2018","title":{"rendered":"MOTO DU JOUR: 125 CR 2018"},"content":{"rendered":"<h3>Que diriez-vous d&rsquo;arriver en pr\u00e9-grille avec cette 125 CR ? Elles deviennent rares mais ce mod\u00e8le pr\u00e9sent\u00e9 au Supercross de Montpellier ce week-end montre qu&rsquo;elle peut encore \u00eatre dans le coup\u00a0 !<\/h3>\n<p><!--more--><\/p>\n<p><a href=\"http:\/\/www.mx-bretagne.com\/mxb\/wp-content\/uploads\/2017\/10\/125cr.jpg\"><img decoding=\"async\" loading=\"lazy\" class=\"aligncenter size-full wp-image-16583\" src=\"http:\/\/www.mx-bretagne.com\/mxb\/wp-content\/uploads\/2017\/10\/125cr.jpg\" alt=\"125cr\" width=\"1231\" height=\"693\" srcset=\"https:\/\/mx-bretagne.com\/mxb\/wp-content\/uploads\/2017\/10\/125cr.jpg 1231w, https:\/\/mx-bretagne.com\/mxb\/wp-content\/uploads\/2017\/10\/125cr-650x366.jpg 650w, https:\/\/mx-bretagne.com\/mxb\/wp-content\/uploads\/2017\/10\/125cr-768x432.jpg 768w\" sizes=\"(max-width: 1231px) 100vw, 1231px\" \/><\/a><\/p>\n","protected":false},"excerpt":{"rendered":"<p>Que diriez-vous d&rsquo;arriver en pr\u00e9-grille avec cette 125 CR ? Elles deviennent rares mais ce mod\u00e8le pr\u00e9sent\u00e9 au Supercross de Montpellier ce week-end montre qu&rsquo;elle peut encore \u00eatre dans le coup\u00a0 !<\/p>\n","protected":false},"author":1,"featured_media":16583,"comment_status":"closed","ping_status":"closed","sticky":false,"template":"","format":"standard","meta":[],"categories":[1642],"tags":[1678,2229,1523],"aioseo_notices":[],"_links":{"self":[{"href":"https:\/\/mx-bretagne.com\/mxb\/wp-json\/wp\/v2\/posts\/16582"}],"collection":[{"href":"https:\/\/mx-bretagne.com\/mxb\/wp-json\/wp\/v2\/posts"}],"about":[{"href":"https:\/\/mx-bretagne.com\/mxb\/wp-json\/wp\/v2\/types\/post"}],"author":[{"embeddable":true,"href":"https:\/\/mx-bretagne.com\/mxb\/wp-json\/wp\/v2\/users\/1"}],"replies":[{"embeddable":true,"href":"https:\/\/mx-bretagne.com\/mxb\/wp-json\/wp\/v2\/comments?post=16582"}],"version-history":[{"count":1,"href":"https:\/\/mx-bretagne.com\/mxb\/wp-json\/wp\/v2\/posts\/16582\/revisions"}],"predecessor-version":[{"id":16584,"href":"https:\/\/mx-bretagne.com\/mxb\/wp-json\/wp\/v2\/posts\/16582\/revisions\/16584"}],"wp:featuredmedia":[{"embeddable":true,"href":"https:\/\/mx-bretagne.com\/mxb\/wp-json\/wp\/v2\/media\/16583"}],"wp:attachment":[{"href":"https:\/\/mx-bretagne.com\/mxb\/wp-json\/wp\/v2\/media?parent=16582"}],"wp:term":[{"taxonomy":"category","embeddable":true,"href":"https:\/\/mx-bretagne.com\/mxb\/wp-json\/wp\/v2\/categories?post=16582"},{"taxonomy":"post_tag","embeddable":true,"href":"https:\/\/mx-bretagne.com\/mxb\/wp-json\/wp\/v2\/tags?post=16582"}],"curies":[{"name":"wp","href":"https:\/\/api.w.org\/{rel}","templated":true}]}}