{"id":16439,"date":"2017-09-04T20:07:33","date_gmt":"2017-09-04T19:07:33","guid":{"rendered":"http:\/\/www.mx-bretagne.com\/mxb\/?p=16439"},"modified":"2017-09-04T20:07:33","modified_gmt":"2017-09-04T19:07:33","slug":"mxdn-europe-la-france-qui-gagne","status":"publish","type":"post","link":"https:\/\/mx-bretagne.com\/mxb\/mxdn-europe-la-france-qui-gagne","title":{"rendered":"MXDN EUROPE: La France qui gagne !"},"content":{"rendered":"<p><img decoding=\"async\" loading=\"lazy\" class=\"aligncenter size-full wp-image-16455\" src=\"http:\/\/www.mx-bretagne.com\/mxb\/wp-content\/uploads\/2017\/09\/21246577_1664117753612193_1929934544398391274_o.jpg\" alt=\"21246577_1664117753612193_1929934544398391274_o\" width=\"1440\" height=\"810\" srcset=\"https:\/\/mx-bretagne.com\/mxb\/wp-content\/uploads\/2017\/09\/21246577_1664117753612193_1929934544398391274_o.jpg 1440w, https:\/\/mx-bretagne.com\/mxb\/wp-content\/uploads\/2017\/09\/21246577_1664117753612193_1929934544398391274_o-650x366.jpg 650w, https:\/\/mx-bretagne.com\/mxb\/wp-content\/uploads\/2017\/09\/21246577_1664117753612193_1929934544398391274_o-768x432.jpg 768w\" sizes=\"(max-width: 1440px) 100vw, 1440px\" \/><\/p>\n<h3>Dans des conditions compliqu\u00e9es avec la pluie qui s&rsquo;est abattue sur la Pologne, c&rsquo;est l&rsquo;\u00e9quipe de France qui remporte le Motocross des Nations Europ\u00e9ennes. Le Breton Mathys Boisram\u00e9 en \u00e9tait le leader et a assur\u00e9 comme un chef !<\/h3>\n[amazon_link asins=&rsquo;B0001P16XE,B0091TBB7C,B0081SMM0E&rsquo; template=&rsquo;test&rsquo; store=&rsquo;mxbre-21&prime; marketplace=&rsquo;FR&rsquo; link_id=&rsquo;62aa157b-91a3-11e7-a606-1f81ed690191&prime;]\n<p>&nbsp;<\/p>\n<h3>Pascal Finot<\/h3>\n<blockquote><p>Voil\u00e0, c&rsquo;est fait, sans \u00ab\u00a0BLABLA\u00a0\u00bb et le r\u00e9sultat est l\u00e0, l&rsquo;Equipe de France, Mathys Boisrame, Scotty Verhaeghe, Florian Miot, Quentin Marc Prugnieres est Championne d&rsquo;Europe par \u00c9quipe.<br \/>\nF\u00e9licitations aux pilotes, aux entra\u00eeneurs, aux parents, au medical, aux d\u00e9l\u00e9gu\u00e9s et bien s\u00fbr \u00e0 La FFM pour la confiance qu&rsquo;elle nous donne. Heureux pour le MX Fran\u00e7ais&#8230;&#8230;.<\/p><\/blockquote>\n<h3>1\u00e8re manche\u00a0250cc, 125cc<\/h3>\n<p><span style=\"color: #3366ff;\">1 9 Mathys BOISRAME FFM 250cc 16 5 30: 21,948 1: 51,860 1: 59,645 <\/span><br \/>\n2 57 Roan van de MOOSDIJK KNMV 250cc 16 8 30: 30,630 1: 50,995 1: 56,810 8682 8682<br \/>\n3 26 Mikkel HAARUP DMU 125cc 16 3 30: 34,355 1: 51,094 1: 53,740 12407 3,725<br \/>\n4 5 Ken BENGTSSON SVEMO 250cc 16 3 30: 35,093 1: 51,374 1: 53,050 13145 0738<br \/>\n5 6 Isak don SVEMO 125cc 16 4 30: 51,088 1: 53,194 1: 53,915 29140 15995<br \/>\n6 33 Kristers DREVINSKIS LaMSF 250cc 16 6 30: 52,114 1: 52,253 1: 54,365 30166 1026<br \/>\n7 69 Tom KOCH DMSB 250cc 16 3 31: 00,698 1: 50,788 1: 56,766 38750 8584<br \/>\n<span style=\"color: #3366ff;\">8 10 Scotty VERHAEGHE FFM 125cc 16 4 31: 19,904 1: 53,082 2: 00,974 57956 19206<\/span><br \/>\n9 21 Jan PANCAR AMZS 250cc 16 4 31: 23,261 1: 54,503 2: 01,781 1: 01,313 3357<br \/>\n10 61 Arnas MILEVICIUS LMSF 250cc 16 5 31: 30,425 1: 55,007 2: 01,845 1: 08,477 7,164<br \/>\n&#8230;<\/p>\n<h3>2\u00e8me manche<\/h3>\n<p>1 57 Roan van de MOOSDIJK KNMV 250cc 16 5 30:07.558 1:50.847<br \/>\n2 1 Alberto FORATO FMI 250cc 16 4 30:15.715 1:50.839 8.157 8.157<br \/>\n<span style=\"color: #3366ff;\">3 9 Mathys BOISRAME FFM 250cc 16 9 30:27.647 1:50.279 20.089 11.932<\/span><br \/>\n4 26 Mikkel HAARUP DMU 125cc 16 6 30:31.499 1:50.367 23.941 3.852<br \/>\n5 2 Gianluca FACCHETTI FMI 125cc 16 4 31:00.391 1:50.976 52.833 28.892<br \/>\n6 29 Szymon STASZKIEWICZ PZM 250cc 16 6 31:03.494 1:54.492 55.936 3.103<br \/>\n7 53 Luka CRNKOVIC HMS 250cc 16 4 31:05.025 1:54.570 57.467 1.531<br \/>\n8 33 Kristers DREVINSKIS LaMSF 250cc 16 5 31:08.826 1:55.035 1:01.268 3.801<br \/>\n<span style=\"color: #3366ff;\">9 10 Scotty VERHAEGHE FFM 125cc 16 5 31:36.270 1:54.819 1:28.712 27.444<\/span><br \/>\n10 13 Dusan DRDAJ ACCR 250cc 16 6 31:38.288 1:54.305 1:30.730 2.018<br \/>\n&#8230;<\/p>\n<h3>1\u00e8re manche 85cc<\/h3>\n<p>1 28 Pedersen, Rasmus DEN DMU KTM 24:50.822 12 0:00.000 0:00.000 2:00.373 3 0<br \/>\n2 59 de Wolf, Kay NED KNMV KTM 24:51.513 12 0:00.691 0:00.691 2:00.786 3 0<br \/>\n<span style=\"color: #3366ff;\">3 11 Miot, Florian FRA FFM Yamaha 24:54.636 12 0:03.814 0:03.123 2:01.093 3 0<\/span><br \/>\n4 27 Smith, Magnus DEN DMU KTM 24:58.807 12 0:07.985 0:04.171 2:01.288 7 0<br \/>\n5 8 Palsson, Max SWE SVEMO KTM 25:08.623 12 0:17.801 0:09.816 2:01.408 3 0<br \/>\n6 71 Greutmann, Nico GER DMSB Husqvarna 25:16.335 12 0:25.513 0:07.712 2:01.551 6 0<br \/>\n7 3 Razzini, Pietro ITA FMI Husqvarna 25:21.507 12 0:30.685 0:05.172 2:03.168 7 0<br \/>\n8 79 Valovich, Daniel BLR BFMS KTM 26:05.633 12 1:14.811 0:44.126 2:05.729 4 0<br \/>\n9 72 Langenfelder, Simon SWE SVEMO Honda 26:06.918 12 1:16.096 0:01.285 2:06.004 10 0<br \/>\n10 4 Roncoli, Andrea ITA FMI Honda 26:23.422 12 1:32.600 0:16.504 2:06.512 4 0<br \/>\n&#8230;<br \/>\n<span style=\"color: #3366ff;\">25 12 Prugnieres, Quentin Marc FRA FFM KTM 26:43.507 11 1 lap 0:09.857 2:10.648 5 0<\/span><br \/>\n&#8230;<\/p>\n<h3>2\u00e8me manche<\/h3>\n<p><span style=\"color: #3366ff;\">1 11 Miot, Florian FRA FFM Yamaha 24:37.511 12 0:00.000 0:00.000 1:59.206 3 0<\/span><br \/>\n2 59 de Wolf, Kay NED KNMV KTM 24:49.990 12 0:12.479 0:12.479 1:59.256 3 0<br \/>\n3 28 Pedersen, Rasmus DEN DMU KTM 24:51.767 12 0:14.256 0:01.777 2:02.314 4 0<br \/>\n4 71 Greutmann, Nico GER DMSB Husqvarna 24:52.694 12 0:15.183 0:00.927 2:01.425 8 0<br \/>\n5 27 Smith, Magnus DEN DMU KTM 25:05.636 12 0:28.125 0:12.942 2:01.897 7 0<br \/>\n6 7 Nilsson, Noel SWE SVEMO Husqvarna 25:14.417 12 0:36.906 0:08.781 2:03.790 4 0<br \/>\n7 3 Razzini, Pietro ITA FMI Husqvarna 25:19.496 12 0:41.985 0:05.079 2:03.317 6 0<br \/>\n8 72 Langenfelder, Simon SWE SVEMO Honda 25:23.742 12 0:46.231 0:04.246 2:02.461 7 0<br \/>\n9 4 Roncoli, Andrea ITA FMI Honda 25:41.250 12 1:03.739 0:17.508 2:04.418 4 0<br \/>\n10 16 Vetrovsky, Radek CZE ACCR KTM 25:44.206 12 1:06.695 0:02.956 2:05.605 3 0<br \/>\n<span style=\"color: #3366ff;\">11 12 Prugnieres, Quentin Marc FRA FFM KTM 25:48.797 12 1:11.286 0:04.591 2:05.239 5 0<\/span><br \/>\n&#8230;<\/p>\n","protected":false},"excerpt":{"rendered":"<p>Dans des conditions compliqu\u00e9es avec la pluie qui s&rsquo;est abattue sur la Pologne, c&rsquo;est l&rsquo;\u00e9quipe de France qui remporte le Motocross des Nationn Europ\u00e9ennes. Le Breton Mathys Boisram\u00e9 en \u00e9tait le leader et a assur\u00e9 comme un chef !<\/p>\n","protected":false},"author":1,"featured_media":16455,"comment_status":"closed","ping_status":"closed","sticky":false,"template":"","format":"standard","meta":[],"categories":[605],"tags":[],"aioseo_notices":[],"_links":{"self":[{"href":"https:\/\/mx-bretagne.com\/mxb\/wp-json\/wp\/v2\/posts\/16439"}],"collection":[{"href":"https:\/\/mx-bretagne.com\/mxb\/wp-json\/wp\/v2\/posts"}],"about":[{"href":"https:\/\/mx-bretagne.com\/mxb\/wp-json\/wp\/v2\/types\/post"}],"author":[{"embeddable":true,"href":"https:\/\/mx-bretagne.com\/mxb\/wp-json\/wp\/v2\/users\/1"}],"replies":[{"embeddable":true,"href":"https:\/\/mx-bretagne.com\/mxb\/wp-json\/wp\/v2\/comments?post=16439"}],"version-history":[{"count":3,"href":"https:\/\/mx-bretagne.com\/mxb\/wp-json\/wp\/v2\/posts\/16439\/revisions"}],"predecessor-version":[{"id":16469,"href":"https:\/\/mx-bretagne.com\/mxb\/wp-json\/wp\/v2\/posts\/16439\/revisions\/16469"}],"wp:featuredmedia":[{"embeddable":true,"href":"https:\/\/mx-bretagne.com\/mxb\/wp-json\/wp\/v2\/media\/16455"}],"wp:attachment":[{"href":"https:\/\/mx-bretagne.com\/mxb\/wp-json\/wp\/v2\/media?parent=16439"}],"wp:term":[{"taxonomy":"category","embeddable":true,"href":"https:\/\/mx-bretagne.com\/mxb\/wp-json\/wp\/v2\/categories?post=16439"},{"taxonomy":"post_tag","embeddable":true,"href":"https:\/\/mx-bretagne.com\/mxb\/wp-json\/wp\/v2\/tags?post=16439"}],"curies":[{"name":"wp","href":"https:\/\/api.w.org\/{rel}","templated":true}]}}