{"id":16346,"date":"2017-08-07T21:16:11","date_gmt":"2017-08-07T20:16:11","guid":{"rendered":"http:\/\/www.mx-bretagne.com\/mxb\/?p=16346"},"modified":"2017-08-07T21:41:31","modified_gmt":"2017-08-07T20:41:31","slug":"report-rookie-cup-2017","status":"publish","type":"post","link":"https:\/\/mx-bretagne.com\/mxb\/report-rookie-cup-2017","title":{"rendered":"REPORT: Rookie Cup 2017"},"content":{"rendered":"<h3><a href=\"http:\/\/www.mx-bretagne.com\/mxb\/wp-content\/uploads\/2017\/08\/20170806_200612.jpg\"><img decoding=\"async\" loading=\"lazy\" class=\"aligncenter size-full wp-image-16357\" src=\"http:\/\/www.mx-bretagne.com\/mxb\/wp-content\/uploads\/2017\/08\/20170806_200612.jpg\" alt=\"20170806_200612\" width=\"950\" height=\"713\" srcset=\"https:\/\/mx-bretagne.com\/mxb\/wp-content\/uploads\/2017\/08\/20170806_200612.jpg 950w, https:\/\/mx-bretagne.com\/mxb\/wp-content\/uploads\/2017\/08\/20170806_200612-493x370.jpg 493w, https:\/\/mx-bretagne.com\/mxb\/wp-content\/uploads\/2017\/08\/20170806_200612-768x576.jpg 768w\" sizes=\"(max-width: 950px) 100vw, 950px\" \/><\/a><\/h3>\n<h3>6\u00e8me \u00e9dition de la Rookie\u2019s Cup du 1er au 6 ao\u00fbt 2017 sur le circuit du Coudriou \u00e0 Ch\u00e2teau d\u2019Olonne. Comme de coutume le circuit avec la texture sablonneuse \u00e9tait pr\u00e9par\u00e9 parfaitement pour le weekend de course. Les 420 pilotes ont tous eu entre 4 et 5 manches. On ne vient pas pour rien \u00e0 la Rookie\u2019s Cup. Cette ann\u00e9e S\u00e9bastien Tortelli \u00e9tait de retour comme parrain assist\u00e9 par Serge Guidetty pour les stages du mardi et mercredi. Des tests de la gamme Husqvarna 2018 ont eu lieu le jeudi. Il \u00e9tait possible d\u2019essayer les marques Fly et TCX. L\u2019\u00e9preuve \u00e9tait orchestr\u00e9e par Micka\u00ebl Lecuit. Maxime Martin a assur\u00e9 les commentaires tout au long du weekend. Diff\u00e9rentes nationalit\u00e9s \u00e9taient pr\u00e9sentes sur la piste, Belge, Suisse, Espagnole et m\u00eame Isra\u00e9lienne. La proximit\u00e9 de la plage et le soleil de ce mois d\u2019ao\u00fbt donne \u00e0 cette \u00e9preuve une ambiance vraiment unique et d\u00e9tendue<\/h3>\n<p>Les pilotes qui repartent tous avec le sourire c\u2019est vraiment cool. L\u2019organisateur fait de gros efforts pour les r\u00e9compenses avec des partenaires g\u00e9n\u00e9reux. Neken (guidon pour le holeshot), Scott (VTT), YCF (pit bike), Fly, NSR, TCX, 6D, 24 MX, Motul, 2D Racing, Cross Up USA (10 jours en Californie). Sans oublier les troph\u00e9es Husqvarna et Yamaha ainsi que la boisson Holeshot Drink.<\/p>\n<blockquote><p><a href=\"http:\/\/www.rookiescup.com\/wp-content\/uploads\/2014\/11\/Resultat_FInaux_RookiesCup_2017.pdf\" target=\"_blank\">Les r\u00e9sultat complets<\/a><\/p><\/blockquote>\n\n\t\t<style type=\"text\/css\">\n\t\t\t#gallery-1 {\n\t\t\t\tmargin: auto;\n\t\t\t}\n\t\t\t#gallery-1 .gallery-item {\n\t\t\t\tfloat: left;\n\t\t\t\tmargin-top: 10px;\n\t\t\t\ttext-align: center;\n\t\t\t\twidth: 33%;\n\t\t\t}\n\t\t\t#gallery-1 img {\n\t\t\t\tborder: 2px solid #cfcfcf;\n\t\t\t}\n\t\t\t#gallery-1 .gallery-caption {\n\t\t\t\tmargin-left: 0;\n\t\t\t}\n\t\t\t\/* see gallery_shortcode() in wp-includes\/media.php *\/\n\t\t<\/style>\n\t\t<div id='gallery-1' class='gallery galleryid-16346 gallery-columns-3 gallery-size-thumbnail'><dl class='gallery-item'>\n\t\t\t<dt class='gallery-icon landscape'>\n\t\t\t\t<a href='https:\/\/mx-bretagne.com\/mxb\/wp-content\/uploads\/2017\/08\/DSCF7648.jpg'><img width=\"300\" height=\"150\" src=\"https:\/\/mx-bretagne.com\/mxb\/wp-content\/uploads\/2017\/08\/DSCF7648-300x150.jpg\" class=\"attachment-thumbnail size-thumbnail\" alt=\"\" decoding=\"async\" loading=\"lazy\" aria-describedby=\"gallery-1-16347\" \/><\/a>\n\t\t\t<\/dt>\n\t\t\t\t<dd class='wp-caption-text gallery-caption' id='gallery-1-16347'>\n\t\t\t\tPhotos David et Bernard JAGU\n\t\t\t\t<\/dd><\/dl><dl class='gallery-item'>\n\t\t\t<dt class='gallery-icon landscape'>\n\t\t\t\t<a href='https:\/\/mx-bretagne.com\/mxb\/wp-content\/uploads\/2017\/08\/DSCF7643.jpg'><img width=\"300\" height=\"150\" src=\"https:\/\/mx-bretagne.com\/mxb\/wp-content\/uploads\/2017\/08\/DSCF7643-300x150.jpg\" class=\"attachment-thumbnail size-thumbnail\" alt=\"\" decoding=\"async\" loading=\"lazy\" aria-describedby=\"gallery-1-16348\" \/><\/a>\n\t\t\t<\/dt>\n\t\t\t\t<dd class='wp-caption-text gallery-caption' id='gallery-1-16348'>\n\t\t\t\tPhotos David et Bernard JAGU\n\t\t\t\t<\/dd><\/dl><dl class='gallery-item'>\n\t\t\t<dt class='gallery-icon landscape'>\n\t\t\t\t<a href='https:\/\/mx-bretagne.com\/mxb\/wp-content\/uploads\/2017\/08\/DSCF7634.jpg'><img width=\"300\" height=\"150\" src=\"https:\/\/mx-bretagne.com\/mxb\/wp-content\/uploads\/2017\/08\/DSCF7634-300x150.jpg\" class=\"attachment-thumbnail size-thumbnail\" alt=\"\" decoding=\"async\" loading=\"lazy\" aria-describedby=\"gallery-1-16349\" \/><\/a>\n\t\t\t<\/dt>\n\t\t\t\t<dd class='wp-caption-text gallery-caption' id='gallery-1-16349'>\n\t\t\t\tPhotos David et Bernard JAGU\n\t\t\t\t<\/dd><\/dl><br style=\"clear: both\" \/><dl class='gallery-item'>\n\t\t\t<dt class='gallery-icon landscape'>\n\t\t\t\t<a href='https:\/\/mx-bretagne.com\/mxb\/wp-content\/uploads\/2017\/08\/DSCF7633.jpg'><img width=\"300\" height=\"150\" src=\"https:\/\/mx-bretagne.com\/mxb\/wp-content\/uploads\/2017\/08\/DSCF7633-300x150.jpg\" class=\"attachment-thumbnail size-thumbnail\" alt=\"\" decoding=\"async\" loading=\"lazy\" aria-describedby=\"gallery-1-16350\" \/><\/a>\n\t\t\t<\/dt>\n\t\t\t\t<dd class='wp-caption-text gallery-caption' id='gallery-1-16350'>\n\t\t\t\tPhotos David et Bernard JAGU\n\t\t\t\t<\/dd><\/dl><dl class='gallery-item'>\n\t\t\t<dt class='gallery-icon portrait'>\n\t\t\t\t<a href='https:\/\/mx-bretagne.com\/mxb\/wp-content\/uploads\/2017\/08\/DSCF7632-e1502136863813.jpg'><img width=\"300\" height=\"150\" src=\"https:\/\/mx-bretagne.com\/mxb\/wp-content\/uploads\/2017\/08\/DSCF7632-e1502136863813-300x150.jpg\" class=\"attachment-thumbnail size-thumbnail\" alt=\"\" decoding=\"async\" loading=\"lazy\" aria-describedby=\"gallery-1-16351\" \/><\/a>\n\t\t\t<\/dt>\n\t\t\t\t<dd class='wp-caption-text gallery-caption' id='gallery-1-16351'>\n\t\t\t\tPhotos David et Bernard JAGU\n\t\t\t\t<\/dd><\/dl><dl class='gallery-item'>\n\t\t\t<dt class='gallery-icon landscape'>\n\t\t\t\t<a href='https:\/\/mx-bretagne.com\/mxb\/wp-content\/uploads\/2017\/08\/DSCF7626.jpg'><img width=\"300\" height=\"150\" src=\"https:\/\/mx-bretagne.com\/mxb\/wp-content\/uploads\/2017\/08\/DSCF7626-300x150.jpg\" class=\"attachment-thumbnail size-thumbnail\" alt=\"\" decoding=\"async\" loading=\"lazy\" aria-describedby=\"gallery-1-16352\" \/><\/a>\n\t\t\t<\/dt>\n\t\t\t\t<dd class='wp-caption-text gallery-caption' id='gallery-1-16352'>\n\t\t\t\tPhotos David et Bernard JAGU\n\t\t\t\t<\/dd><\/dl><br style=\"clear: both\" \/><dl class='gallery-item'>\n\t\t\t<dt class='gallery-icon landscape'>\n\t\t\t\t<a href='https:\/\/mx-bretagne.com\/mxb\/wp-content\/uploads\/2017\/08\/DSCF7622.jpg'><img width=\"300\" height=\"150\" src=\"https:\/\/mx-bretagne.com\/mxb\/wp-content\/uploads\/2017\/08\/DSCF7622-300x150.jpg\" class=\"attachment-thumbnail size-thumbnail\" alt=\"\" decoding=\"async\" loading=\"lazy\" aria-describedby=\"gallery-1-16353\" \/><\/a>\n\t\t\t<\/dt>\n\t\t\t\t<dd class='wp-caption-text gallery-caption' id='gallery-1-16353'>\n\t\t\t\tPhotos David et Bernard JAGU\n\t\t\t\t<\/dd><\/dl><dl class='gallery-item'>\n\t\t\t<dt class='gallery-icon portrait'>\n\t\t\t\t<a href='https:\/\/mx-bretagne.com\/mxb\/wp-content\/uploads\/2017\/08\/DSCF7619.jpg'><img width=\"300\" height=\"150\" src=\"https:\/\/mx-bretagne.com\/mxb\/wp-content\/uploads\/2017\/08\/DSCF7619-300x150.jpg\" class=\"attachment-thumbnail size-thumbnail\" alt=\"\" decoding=\"async\" loading=\"lazy\" aria-describedby=\"gallery-1-16354\" \/><\/a>\n\t\t\t<\/dt>\n\t\t\t\t<dd class='wp-caption-text gallery-caption' id='gallery-1-16354'>\n\t\t\t\tPhotos David et Bernard JAGU\n\t\t\t\t<\/dd><\/dl><dl class='gallery-item'>\n\t\t\t<dt class='gallery-icon landscape'>\n\t\t\t\t<a href='https:\/\/mx-bretagne.com\/mxb\/wp-content\/uploads\/2017\/08\/DSCF7618.jpg'><img width=\"300\" height=\"150\" src=\"https:\/\/mx-bretagne.com\/mxb\/wp-content\/uploads\/2017\/08\/DSCF7618-300x150.jpg\" class=\"attachment-thumbnail size-thumbnail\" alt=\"\" decoding=\"async\" loading=\"lazy\" aria-describedby=\"gallery-1-16355\" \/><\/a>\n\t\t\t<\/dt>\n\t\t\t\t<dd class='wp-caption-text gallery-caption' id='gallery-1-16355'>\n\t\t\t\tPhotos David et Bernard JAGU\n\t\t\t\t<\/dd><\/dl><br style=\"clear: both\" \/><dl class='gallery-item'>\n\t\t\t<dt class='gallery-icon landscape'>\n\t\t\t\t<a href='https:\/\/mx-bretagne.com\/mxb\/wp-content\/uploads\/2017\/08\/DSCF7615.jpg'><img width=\"300\" height=\"150\" src=\"https:\/\/mx-bretagne.com\/mxb\/wp-content\/uploads\/2017\/08\/DSCF7615-300x150.jpg\" class=\"attachment-thumbnail size-thumbnail\" alt=\"\" decoding=\"async\" loading=\"lazy\" aria-describedby=\"gallery-1-16356\" \/><\/a>\n\t\t\t<\/dt>\n\t\t\t\t<dd class='wp-caption-text gallery-caption' id='gallery-1-16356'>\n\t\t\t\tPhotos David et Bernard JAGU\n\t\t\t\t<\/dd><\/dl><dl class='gallery-item'>\n\t\t\t<dt class='gallery-icon landscape'>\n\t\t\t\t<a href='https:\/\/mx-bretagne.com\/mxb\/wp-content\/uploads\/2017\/08\/20170806_193522.jpg'><img width=\"300\" height=\"150\" src=\"https:\/\/mx-bretagne.com\/mxb\/wp-content\/uploads\/2017\/08\/20170806_193522-300x150.jpg\" class=\"attachment-thumbnail size-thumbnail\" alt=\"\" decoding=\"async\" loading=\"lazy\" aria-describedby=\"gallery-1-16358\" \/><\/a>\n\t\t\t<\/dt>\n\t\t\t\t<dd class='wp-caption-text gallery-caption' id='gallery-1-16358'>\n\t\t\t\tPhotos David et Bernard JAGU\n\t\t\t\t<\/dd><\/dl><dl class='gallery-item'>\n\t\t\t<dt class='gallery-icon portrait'>\n\t\t\t\t<a href='https:\/\/mx-bretagne.com\/mxb\/wp-content\/uploads\/2017\/08\/20170806_185354.jpg'><img width=\"300\" height=\"150\" src=\"https:\/\/mx-bretagne.com\/mxb\/wp-content\/uploads\/2017\/08\/20170806_185354-300x150.jpg\" class=\"attachment-thumbnail size-thumbnail\" alt=\"\" decoding=\"async\" loading=\"lazy\" aria-describedby=\"gallery-1-16359\" \/><\/a>\n\t\t\t<\/dt>\n\t\t\t\t<dd class='wp-caption-text gallery-caption' id='gallery-1-16359'>\n\t\t\t\tPhotos David et Bernard JAGU\n\t\t\t\t<\/dd><\/dl><br style=\"clear: both\" \/><dl class='gallery-item'>\n\t\t\t<dt class='gallery-icon portrait'>\n\t\t\t\t<a href='https:\/\/mx-bretagne.com\/mxb\/wp-content\/uploads\/2017\/08\/20170806_182857.jpg'><img width=\"300\" height=\"150\" src=\"https:\/\/mx-bretagne.com\/mxb\/wp-content\/uploads\/2017\/08\/20170806_182857-300x150.jpg\" class=\"attachment-thumbnail size-thumbnail\" alt=\"\" decoding=\"async\" loading=\"lazy\" aria-describedby=\"gallery-1-16360\" \/><\/a>\n\t\t\t<\/dt>\n\t\t\t\t<dd class='wp-caption-text gallery-caption' id='gallery-1-16360'>\n\t\t\t\tPhotos David et Bernard JAGU\n\t\t\t\t<\/dd><\/dl><dl class='gallery-item'>\n\t\t\t<dt class='gallery-icon portrait'>\n\t\t\t\t<a href='https:\/\/mx-bretagne.com\/mxb\/wp-content\/uploads\/2017\/08\/20170806_161639.jpg'><img width=\"300\" height=\"150\" src=\"https:\/\/mx-bretagne.com\/mxb\/wp-content\/uploads\/2017\/08\/20170806_161639-300x150.jpg\" class=\"attachment-thumbnail size-thumbnail\" alt=\"\" decoding=\"async\" loading=\"lazy\" aria-describedby=\"gallery-1-16361\" \/><\/a>\n\t\t\t<\/dt>\n\t\t\t\t<dd class='wp-caption-text gallery-caption' id='gallery-1-16361'>\n\t\t\t\tPhotos David et Bernard JAGU\n\t\t\t\t<\/dd><\/dl><dl class='gallery-item'>\n\t\t\t<dt class='gallery-icon portrait'>\n\t\t\t\t<a href='https:\/\/mx-bretagne.com\/mxb\/wp-content\/uploads\/2017\/08\/20170806_155557.jpg'><img width=\"300\" height=\"150\" src=\"https:\/\/mx-bretagne.com\/mxb\/wp-content\/uploads\/2017\/08\/20170806_155557-300x150.jpg\" class=\"attachment-thumbnail size-thumbnail\" alt=\"\" decoding=\"async\" loading=\"lazy\" aria-describedby=\"gallery-1-16362\" \/><\/a>\n\t\t\t<\/dt>\n\t\t\t\t<dd class='wp-caption-text gallery-caption' id='gallery-1-16362'>\n\t\t\t\tPhotos David et Bernard JAGU\n\t\t\t\t<\/dd><\/dl><br style=\"clear: both\" \/><dl class='gallery-item'>\n\t\t\t<dt class='gallery-icon portrait'>\n\t\t\t\t<a href='https:\/\/mx-bretagne.com\/mxb\/wp-content\/uploads\/2017\/08\/20170806_151734.jpg'><img width=\"300\" height=\"150\" src=\"https:\/\/mx-bretagne.com\/mxb\/wp-content\/uploads\/2017\/08\/20170806_151734-300x150.jpg\" class=\"attachment-thumbnail size-thumbnail\" alt=\"\" decoding=\"async\" loading=\"lazy\" aria-describedby=\"gallery-1-16363\" \/><\/a>\n\t\t\t<\/dt>\n\t\t\t\t<dd class='wp-caption-text gallery-caption' id='gallery-1-16363'>\n\t\t\t\tPhotos David et Bernard JAGU\n\t\t\t\t<\/dd><\/dl><dl class='gallery-item'>\n\t\t\t<dt class='gallery-icon landscape'>\n\t\t\t\t<a href='https:\/\/mx-bretagne.com\/mxb\/wp-content\/uploads\/2017\/08\/20170806_145921.jpg'><img width=\"300\" height=\"150\" src=\"https:\/\/mx-bretagne.com\/mxb\/wp-content\/uploads\/2017\/08\/20170806_145921-300x150.jpg\" class=\"attachment-thumbnail size-thumbnail\" alt=\"\" decoding=\"async\" loading=\"lazy\" aria-describedby=\"gallery-1-16364\" \/><\/a>\n\t\t\t<\/dt>\n\t\t\t\t<dd class='wp-caption-text gallery-caption' id='gallery-1-16364'>\n\t\t\t\tPhotos David et Bernard JAGU\n\t\t\t\t<\/dd><\/dl><dl class='gallery-item'>\n\t\t\t<dt class='gallery-icon portrait'>\n\t\t\t\t<a href='https:\/\/mx-bretagne.com\/mxb\/wp-content\/uploads\/2017\/08\/20170806_144638.jpg'><img width=\"300\" height=\"150\" src=\"https:\/\/mx-bretagne.com\/mxb\/wp-content\/uploads\/2017\/08\/20170806_144638-300x150.jpg\" class=\"attachment-thumbnail size-thumbnail\" alt=\"\" decoding=\"async\" loading=\"lazy\" aria-describedby=\"gallery-1-16365\" \/><\/a>\n\t\t\t<\/dt>\n\t\t\t\t<dd class='wp-caption-text gallery-caption' id='gallery-1-16365'>\n\t\t\t\tPhotos David et Bernard JAGU\n\t\t\t\t<\/dd><\/dl><br style=\"clear: both\" \/><dl class='gallery-item'>\n\t\t\t<dt class='gallery-icon landscape'>\n\t\t\t\t<a href='https:\/\/mx-bretagne.com\/mxb\/wp-content\/uploads\/2017\/08\/20170806_135043.jpg'><img width=\"300\" height=\"150\" src=\"https:\/\/mx-bretagne.com\/mxb\/wp-content\/uploads\/2017\/08\/20170806_135043-300x150.jpg\" class=\"attachment-thumbnail size-thumbnail\" alt=\"\" decoding=\"async\" loading=\"lazy\" aria-describedby=\"gallery-1-16366\" \/><\/a>\n\t\t\t<\/dt>\n\t\t\t\t<dd class='wp-caption-text gallery-caption' id='gallery-1-16366'>\n\t\t\t\tPhotos David et Bernard JAGU\n\t\t\t\t<\/dd><\/dl><dl class='gallery-item'>\n\t\t\t<dt class='gallery-icon portrait'>\n\t\t\t\t<a href='https:\/\/mx-bretagne.com\/mxb\/wp-content\/uploads\/2017\/08\/20170806_133914.jpg'><img width=\"300\" height=\"150\" src=\"https:\/\/mx-bretagne.com\/mxb\/wp-content\/uploads\/2017\/08\/20170806_133914-300x150.jpg\" class=\"attachment-thumbnail size-thumbnail\" alt=\"\" decoding=\"async\" loading=\"lazy\" aria-describedby=\"gallery-1-16367\" \/><\/a>\n\t\t\t<\/dt>\n\t\t\t\t<dd class='wp-caption-text gallery-caption' id='gallery-1-16367'>\n\t\t\t\tPhotos David et Bernard JAGU\n\t\t\t\t<\/dd><\/dl>\n\t\t\t<br style='clear: both' \/>\n\t\t<\/div>\n\n<h2>50<\/h2>\n<p>Dans la plus petite des cat\u00e9gories, 50, l\u2019ensemble des pilotes parcouraient tout le circuit ce qui est tr\u00e8s rare sur les autres \u00e9preuves.<br \/>\nG\u00e9n\u00e9ral\u00a0: 1. Cayenne Adrien 2. Sleny Goyer 3. Amine Belcaid<\/p>\n<h2>65<\/h2>\n<p>Mathys Valin a fait une super prestation tout au long du weekend mais un probl\u00e8me m\u00e9canique l\u2019a emp\u00each\u00e9 de prendre part \u00e0 une manche. Il se classe 4\u00e8me du g\u00e9n\u00e9ral. Super prestation de l\u2019Espagnol Joel Canadas Gonzalez et du belge Sacha Coenen sans oublier Mathis Barthez qui a mis du gros gaz.<br \/>\nClassement de la finale\u00a0: 1. Mathys Valin 2. Mathis Barthez 3. Sacha Coenen<br \/>\nG\u00e9n\u00e9ral\u00a0: 1. Sacha Coenen 2. Joel Canadas Gonzalez 3. Mathis Barthez<\/p>\n<h2>85 (9-12 ans)<\/h2>\n<p>Pierre Louis D\u00e9royer a \u00e9t\u00e9 constant tout au long du weekend pour terminer 4\u00e8me du g\u00e9n\u00e9ral, bravo. Guerlin Delarue a lui aussi montr\u00e9 une bonne vitesse tout le weekend. Il se classe 12\u00e8me du g\u00e9n\u00e9ral.<\/p>\n<p>Daniela Garcia a fait une d\u00e9monstration en remportant la finale (7s 086 d\u2019avance sur le deuxi\u00e8me apr\u00e8s 12 minutes 30 de course). Elle s\u2019adjuge aussi le classement g\u00e9n\u00e9ral. Tejy Krismann a \u00e9t\u00e9 r\u00e9gulier en terminant toujours dans le top 3. Tejy avait termin\u00e9 deuxi\u00e8me du g\u00e9n\u00e9ral l\u2019an pass\u00e9 en 65. David Guillemot Scheid a lui termin\u00e9 toutes ses manches sur le podium.<br \/>\nG\u00e9n\u00e9ral\u00a0: 1. Daniela Garcia 2. David Guillemot Scheid 3. Tejy Krismann<\/p>\n<h2>85 (12-15 ans)<\/h2>\n<p>Tom Rogister remporte le g\u00e9n\u00e9ral m\u00eame si comme il l\u2019a avou\u00e9 sur le podium Florian Miot \u00e9tait un peu plus rapide. Malheureusement Florian a chut\u00e9 dans les derniers tours de la finale ce qui le prive de la victoire finale alors qu\u2019il \u00e9tait seul en t\u00eate. Au g\u00e9n\u00e9ral il termine au pied du podium 4\u00e8me. Dans cette m\u00eame manche l\u2019\u00e9cart dans le dernier tour \u00e9tait de 783 centi\u00e8mes entre Tom Rogister et Xavier Cazal (2\u00e8me du g\u00e9n\u00e9ral). Le Suisse Luca Diserens est lui aussi l\u2019auteur d\u2019un weekend solide, 3\u00e8me du g\u00e9n\u00e9ral.<br \/>\nL\u2019espagnol Edgar Canet Ardevol \u00e9tait lui aussi un pr\u00e9tendant \u00e0 la victoire avant une blessure qui l\u2019emp\u00eachera de prendre part aux deux derni\u00e8res manches.<br \/>\nNicolas Duhamel se classe 12\u00e8me de l\u2019\u00e9preuve.<br \/>\nG\u00e9n\u00e9ral\u00a0: 1. Tom Rogister 2. Xavier Cazal 3. Luca Diserens<\/p>\n<h2>Open<\/h2>\n<p>Valentin Teillet remporte toutes manches mais \u00e9tait hors classement. C\u2019est donc Mathys Boisram\u00e9 qui remporte la cat\u00e9gorie et le VTT Scott. Dans la finale Mathys a bien tent\u00e9 de suivre le pilote VRT 3S avant d\u2019assurer. Valentin avait 11s 810 d\u2019avance apr\u00e8s 14 minutes 10 de course. Zach Pichon en proie \u00e0 des soucis m\u00e9caniques a d\u00fb abandonner plusieurs manches. Pour les deux derni\u00e8res manches il a repris sa moto d\u2019entra\u00eenement. Derri\u00e8re ce trio J\u00e9r\u00e9my Bonneau, Julien Pelletier et Thibaud Perray (dans l\u2019ordre 2\u00e8me, 3\u00e8me et 4\u00e8me du g\u00e9n\u00e9ral) ont assur\u00e9 le spectacle eux qui \u00e9taient sur le podium en 2015 et 2016. Julien Duhamel termine 5\u00e8me du g\u00e9n\u00e9ral alors que Gwendal Th\u00e9tiot prend la troisi\u00e8me place du g\u00e9n\u00e9ral Yamaha 10\u00e8me en scratch. Thomas Even termine lui aussi 3\u00e8me mais cette fois du g\u00e9n\u00e9ral Husqvarna sans avoir pris part \u00e0 toutes les manches suite \u00e0 un chute qui a laiss\u00e9 KO sa moto. Heureusement lui ne s\u2019est pas bless\u00e9. R\u00e9my Mordret a d\u00fb s\u2019employer apr\u00e8s des d\u00e9parts difficiles. Il score une belle 13\u00e8me place au g\u00e9n\u00e9ral.<br \/>\nG\u00e9n\u00e9ral\u00a0: 1. Mathys Boisram\u00e9 2. J\u00e9r\u00e9my Bonneau 3. Julien Pelletier<\/p>\n<h2>125<\/h2>\n<p>L\u2019enjeu \u00e9tait de taille dans la cat\u00e9gorie 125 puisque le vainqueur au g\u00e9n\u00e9ral remportait un s\u00e9jour aux \u00c9tats-Unis avec Cross Up USA. Tom Guyon et Math\u00e9o Miot ont tous les deux remport\u00e9s l\u2019ensemble des manches de leur s\u00e9rie respective. La finale allait donc \u00eatre d\u00e9cisive. Math\u00e9o Miot a men\u00e9 un moment la finale mais c\u2019est bien Tom Guyon qui a ensuite pris le meilleur. Apr\u00e8s 7 minutes 30 le pilote TM poss\u00e9dait 3s 341 d\u2019avance sur Math\u00e9o Miot. Tom Guyon (vainqueur en 65 en 2012) succ\u00e8de donc \u00e0 Louis Poisson vainqueur l\u2019an pass\u00e9 en 125.<br \/>\nG\u00e9n\u00e9ral\u00a0: 1. Tom Guyon 2. Math\u00e9o Miot 3. Nicolas Simonnet<\/p>\n<p>Inside\u00a0: Lors de notre visite du paddock nous avons pu rencontrer S\u00e9bastien Tortelli toujours accessible et d\u2019une gentillesse exemplaire. Il \u00e9tait le coach de la plupart des pilotes Espagnols. S\u00e9bastien r\u00e9side maintenant \u00e0 Barcelone. Son weekend n\u2019a pas \u00e9t\u00e9 de tout repos, en plus de ses pr\u00e9cieux conseils il a d\u00fb \u00eatre m\u00e9canicien. C\u2019est ainsi que l\u2019on a vu S\u00e9bastien Tortelli et Micka\u00ebl Pichon remplacer un radiateur sur la 85 KTM SX de Suff Sella. C\u2019est aussi cela la Rookie\u2019s Cup, une course qui permet aux champions de se retrouver et transmettre leur savoir. La famille Bethys \u00e9tait aussi pr\u00e9sente avec Thierry, Th\u00e9o et Andy (6\u00e8me du g\u00e9n\u00e9ral 125).<\/p>\n<p>&nbsp;<\/p>\n","protected":false},"excerpt":{"rendered":"<p><\/p>\n","protected":false},"author":5,"featured_media":16357,"comment_status":"closed","ping_status":"closed","sticky":false,"template":"","format":"standard","meta":[],"categories":[492],"tags":[],"aioseo_notices":[],"_links":{"self":[{"href":"https:\/\/mx-bretagne.com\/mxb\/wp-json\/wp\/v2\/posts\/16346"}],"collection":[{"href":"https:\/\/mx-bretagne.com\/mxb\/wp-json\/wp\/v2\/posts"}],"about":[{"href":"https:\/\/mx-bretagne.com\/mxb\/wp-json\/wp\/v2\/types\/post"}],"author":[{"embeddable":true,"href":"https:\/\/mx-bretagne.com\/mxb\/wp-json\/wp\/v2\/users\/5"}],"replies":[{"embeddable":true,"href":"https:\/\/mx-bretagne.com\/mxb\/wp-json\/wp\/v2\/comments?post=16346"}],"version-history":[{"count":4,"href":"https:\/\/mx-bretagne.com\/mxb\/wp-json\/wp\/v2\/posts\/16346\/revisions"}],"predecessor-version":[{"id":16371,"href":"https:\/\/mx-bretagne.com\/mxb\/wp-json\/wp\/v2\/posts\/16346\/revisions\/16371"}],"wp:featuredmedia":[{"embeddable":true,"href":"https:\/\/mx-bretagne.com\/mxb\/wp-json\/wp\/v2\/media\/16357"}],"wp:attachment":[{"href":"https:\/\/mx-bretagne.com\/mxb\/wp-json\/wp\/v2\/media?parent=16346"}],"wp:term":[{"taxonomy":"category","embeddable":true,"href":"https:\/\/mx-bretagne.com\/mxb\/wp-json\/wp\/v2\/categories?post=16346"},{"taxonomy":"post_tag","embeddable":true,"href":"https:\/\/mx-bretagne.com\/mxb\/wp-json\/wp\/v2\/tags?post=16346"}],"curies":[{"name":"wp","href":"https:\/\/api.w.org\/{rel}","templated":true}]}}