{"id":16075,"date":"2017-05-19T14:17:22","date_gmt":"2017-05-19T13:17:22","guid":{"rendered":"http:\/\/www.mx-bretagne.com\/mxb\/?p=16075"},"modified":"2017-05-19T14:17:22","modified_gmt":"2017-05-19T13:17:22","slug":"moto-du-jour-125-yz-marquer","status":"publish","type":"post","link":"https:\/\/mx-bretagne.com\/mxb\/moto-du-jour-125-yz-marquer","title":{"rendered":"MOTO DU JOUR: 125 YZ \u00ab\u00a0Marquer\u00a0\u00bb"},"content":{"rendered":"<h3>Une fois de plus, c&rsquo;est une 125 YZ du Championnat de Bretagne 125cc qui est mise \u00e0 l&rsquo;honneur. Almaric Marquer a transform\u00e9 l&rsquo;YZ 2017 d&rsquo;origine en lui donnant un aspect \u00ab\u00a0racing\u00a0\u00bb tr\u00e8s sobre et efficace. Elle para\u00eet d&rsquo;ailleurs toute pr\u00eate pour faire l&rsquo;Europe 125 ;).<\/h3>\n<p><!--more--><\/p>\n<p><a href=\"http:\/\/www.mx-bretagne.com\/mxb\/wp-content\/uploads\/2017\/05\/moto_125yz.jpg\"><img decoding=\"async\" loading=\"lazy\" class=\"aligncenter size-full wp-image-16077\" src=\"http:\/\/www.mx-bretagne.com\/mxb\/wp-content\/uploads\/2017\/05\/moto_125yz.jpg\" alt=\"moto_125yz\" width=\"1200\" height=\"800\" srcset=\"https:\/\/mx-bretagne.com\/mxb\/wp-content\/uploads\/2017\/05\/moto_125yz.jpg 1200w, https:\/\/mx-bretagne.com\/mxb\/wp-content\/uploads\/2017\/05\/moto_125yz-555x370.jpg 555w, https:\/\/mx-bretagne.com\/mxb\/wp-content\/uploads\/2017\/05\/moto_125yz-768x512.jpg 768w\" sizes=\"(max-width: 1200px) 100vw, 1200px\" \/><\/a><\/p>\n","protected":false},"excerpt":{"rendered":"<p>Une fois de plus, c&rsquo;est une 125 YZ du Championnat de Bretagne 125cc qui est mise \u00e0 l&rsquo;honneur. Almaric Marquer a transform\u00e9 l&rsquo;YZ 2017 d&rsquo;origine en lui donnant un aspect \u00ab\u00a0racing\u00a0\u00bb tr\u00e8s sobre et efficace. Elle para\u00eet d&rsquo;ailleurs toute pr\u00eate pour faire l&rsquo;Europe 125 ;).<\/p>\n","protected":false},"author":1,"featured_media":16077,"comment_status":"closed","ping_status":"closed","sticky":false,"template":"","format":"standard","meta":[],"categories":[1642],"tags":[193,1523],"aioseo_notices":[],"_links":{"self":[{"href":"https:\/\/mx-bretagne.com\/mxb\/wp-json\/wp\/v2\/posts\/16075"}],"collection":[{"href":"https:\/\/mx-bretagne.com\/mxb\/wp-json\/wp\/v2\/posts"}],"about":[{"href":"https:\/\/mx-bretagne.com\/mxb\/wp-json\/wp\/v2\/types\/post"}],"author":[{"embeddable":true,"href":"https:\/\/mx-bretagne.com\/mxb\/wp-json\/wp\/v2\/users\/1"}],"replies":[{"embeddable":true,"href":"https:\/\/mx-bretagne.com\/mxb\/wp-json\/wp\/v2\/comments?post=16075"}],"version-history":[{"count":1,"href":"https:\/\/mx-bretagne.com\/mxb\/wp-json\/wp\/v2\/posts\/16075\/revisions"}],"predecessor-version":[{"id":16078,"href":"https:\/\/mx-bretagne.com\/mxb\/wp-json\/wp\/v2\/posts\/16075\/revisions\/16078"}],"wp:featuredmedia":[{"embeddable":true,"href":"https:\/\/mx-bretagne.com\/mxb\/wp-json\/wp\/v2\/media\/16077"}],"wp:attachment":[{"href":"https:\/\/mx-bretagne.com\/mxb\/wp-json\/wp\/v2\/media?parent=16075"}],"wp:term":[{"taxonomy":"category","embeddable":true,"href":"https:\/\/mx-bretagne.com\/mxb\/wp-json\/wp\/v2\/categories?post=16075"},{"taxonomy":"post_tag","embeddable":true,"href":"https:\/\/mx-bretagne.com\/mxb\/wp-json\/wp\/v2\/tags?post=16075"}],"curies":[{"name":"wp","href":"https:\/\/api.w.org\/{rel}","templated":true}]}}