{"id":16065,"date":"2017-05-16T21:21:17","date_gmt":"2017-05-16T20:21:17","guid":{"rendered":"http:\/\/www.mx-bretagne.com\/mxb\/?p=16065"},"modified":"2017-05-16T21:21:17","modified_gmt":"2017-05-16T20:21:17","slug":"moto-jour-125-yz-lebat","status":"publish","type":"post","link":"https:\/\/mx-bretagne.com\/mxb\/moto-jour-125-yz-lebat","title":{"rendered":"MOTO JOUR: 125 YZ \u00ab\u00a0Lebat\u00a0\u00bb"},"content":{"rendered":"<h3>Pas besoin d&rsquo;une moto dernier cri pour se faire plaisir. Anthony Lebas vous le prouve avec cette 125 YZ 2001 refaite et avec laquelle il s&rsquo;\u00e9clate en Championnat de Bretagne 125cc. Efficace et pas cher, c&rsquo;est la Yam que j&rsquo;pr\u00e9f\u00e8re&#8230; C&rsquo;est \u00e7a non ?<\/h3>\n<p><!--more--><\/p>\n<p>&nbsp;<\/p>\n<p><a href=\"http:\/\/www.mx-bretagne.com\/mxb\/wp-content\/uploads\/2017\/05\/yz_lebat.jpg\"><img decoding=\"async\" loading=\"lazy\" class=\"aligncenter size-full wp-image-16066\" src=\"http:\/\/www.mx-bretagne.com\/mxb\/wp-content\/uploads\/2017\/05\/yz_lebat.jpg\" alt=\"yz_lebat\" width=\"1200\" height=\"800\" srcset=\"https:\/\/mx-bretagne.com\/mxb\/wp-content\/uploads\/2017\/05\/yz_lebat.jpg 1200w, https:\/\/mx-bretagne.com\/mxb\/wp-content\/uploads\/2017\/05\/yz_lebat-555x370.jpg 555w, https:\/\/mx-bretagne.com\/mxb\/wp-content\/uploads\/2017\/05\/yz_lebat-768x512.jpg 768w\" sizes=\"(max-width: 1200px) 100vw, 1200px\" \/><\/a><\/p>\n","protected":false},"excerpt":{"rendered":"<p>Pas besoin d&rsquo;une moto dernier cri pour se faire plaisir. Anthony Lebas vous le prouve avec cette 125 YZ 2001 refaite et avec laquelle il s&rsquo;\u00e9clate en Championnat de Bretagne 125cc. Efficace et pas cher, c&rsquo;est la Yam que j&rsquo;pr\u00e9f\u00e8re&#8230; C&rsquo;est \u00e7a non ?<\/p>\n","protected":false},"author":1,"featured_media":16066,"comment_status":"closed","ping_status":"closed","sticky":false,"template":"","format":"standard","meta":[],"categories":[1642],"tags":[193,1523],"aioseo_notices":[],"_links":{"self":[{"href":"https:\/\/mx-bretagne.com\/mxb\/wp-json\/wp\/v2\/posts\/16065"}],"collection":[{"href":"https:\/\/mx-bretagne.com\/mxb\/wp-json\/wp\/v2\/posts"}],"about":[{"href":"https:\/\/mx-bretagne.com\/mxb\/wp-json\/wp\/v2\/types\/post"}],"author":[{"embeddable":true,"href":"https:\/\/mx-bretagne.com\/mxb\/wp-json\/wp\/v2\/users\/1"}],"replies":[{"embeddable":true,"href":"https:\/\/mx-bretagne.com\/mxb\/wp-json\/wp\/v2\/comments?post=16065"}],"version-history":[{"count":1,"href":"https:\/\/mx-bretagne.com\/mxb\/wp-json\/wp\/v2\/posts\/16065\/revisions"}],"predecessor-version":[{"id":16067,"href":"https:\/\/mx-bretagne.com\/mxb\/wp-json\/wp\/v2\/posts\/16065\/revisions\/16067"}],"wp:featuredmedia":[{"embeddable":true,"href":"https:\/\/mx-bretagne.com\/mxb\/wp-json\/wp\/v2\/media\/16066"}],"wp:attachment":[{"href":"https:\/\/mx-bretagne.com\/mxb\/wp-json\/wp\/v2\/media?parent=16065"}],"wp:term":[{"taxonomy":"category","embeddable":true,"href":"https:\/\/mx-bretagne.com\/mxb\/wp-json\/wp\/v2\/categories?post=16065"},{"taxonomy":"post_tag","embeddable":true,"href":"https:\/\/mx-bretagne.com\/mxb\/wp-json\/wp\/v2\/tags?post=16065"}],"curies":[{"name":"wp","href":"https:\/\/api.w.org\/{rel}","templated":true}]}}