{"id":16062,"date":"2017-05-15T21:56:47","date_gmt":"2017-05-15T20:56:47","guid":{"rendered":"http:\/\/www.mx-bretagne.com\/mxb\/?p=16062"},"modified":"2017-05-15T21:56:47","modified_gmt":"2017-05-15T20:56:47","slug":"nat-mx2-17-nevers-une-manche-pour-pape-la-journee-pour-adam","status":"publish","type":"post","link":"https:\/\/mx-bretagne.com\/mxb\/nat-mx2-17-nevers-une-manche-pour-pape-la-journee-pour-adam","title":{"rendered":"NAT MX2 &rsquo;17 NEVERS: Une manche pour Pape, la journ\u00e9e pour Adam"},"content":{"rendered":"<div id=\"attachment_15849\" style=\"width: 1210px\" class=\"wp-caption aligncenter\"><a href=\"http:\/\/www.mx-bretagne.com\/mxb\/wp-content\/uploads\/2017\/04\/nationalmx2.jpg\"><img aria-describedby=\"caption-attachment-15849\" decoding=\"async\" loading=\"lazy\" class=\"size-full wp-image-15849\" src=\"http:\/\/www.mx-bretagne.com\/mxb\/wp-content\/uploads\/2017\/04\/nationalmx2.jpg\" alt=\"David Adam. \u00a9Jeremy JAGU\" width=\"1200\" height=\"800\" srcset=\"https:\/\/mx-bretagne.com\/mxb\/wp-content\/uploads\/2017\/04\/nationalmx2.jpg 1200w, https:\/\/mx-bretagne.com\/mxb\/wp-content\/uploads\/2017\/04\/nationalmx2-555x370.jpg 555w, https:\/\/mx-bretagne.com\/mxb\/wp-content\/uploads\/2017\/04\/nationalmx2-768x512.jpg 768w\" sizes=\"(max-width: 1200px) 100vw, 1200px\" \/><\/a><p id=\"caption-attachment-15849\" class=\"wp-caption-text\">David Adam. \u00a9Jeremy JAGU<\/p><\/div>\n<h3>Si David Adam remporte la journ\u00e9e \u00e0 Nevers pour la 5\u00e8me \u00e9preuve du Championnat de France National MX2, il doit cette fois c\u00e9der une manche \u00e0 Romain Pape.<\/h3>\n<p><!--more--><\/p>\n<p>&nbsp;<\/p>\n<h3>1\u00e8re manche<\/h3>\n<p>David Adam pointe 7\u00e8me au 1er tour et passe en t\u00eate au 8\u00e8me tour. Francois Dor\u00e9 parti 2, retrograde \u00e0 une solide 4\u00e8me place, Romain Pape 19\u00e8me au 1er tour revient 6 et Pierre Cohas pointe 15\u00e8me \u00e0 la fin du 1er tour, il abandonne au 10\u00e8me tour, ne se sentant pas bien.<\/p>\n<p>1 77 ADAM David Moto Club de l&rsquo;Homelais Kawasaki 14 &#8211; 00:26:58.235 1:54.050<br \/>\n2 752 PELLETIER Julien Atlantic Sporting Club de Nantes Yamaha 14 1.109 00:26:59.344 1:55.342<br \/>\n3 154 MEERSSCHOUT Mattis Moto Club de Conde sur Escaut Yamaha 14 17.571 00:27:15.806 1:57.432<br \/>\n4 516 DORE Francois Moto Club Goudelin Merzer Kawasaki 14 18.970 00:27:17.205 1:57.769<br \/>\n5 921 REGNER Melvin Moto Club De Pic La Garde Kawasaki 14 29.111 00:27:27.346 1:55.850<br \/>\n6 494 PAPE Romain Moto Club Triagoz Yamaha 14 29.603 00:27:27.838 1:57.069<br \/>\n7 235 LEVEQUE Alban Moto Club de Dompierre Yamaha 14 33.492 00:27:31.727 1:57.986<br \/>\n8 608 ZAVETTORI Arnaud Moto Club Charnycois Husqvarna 14 47.736 00:27:45.971 1:58.535<br \/>\n9 758 BLOND Raffael Moto Club de Blargies KTM 14 50.612 00:27:48.847 1:57.894<br \/>\n10 611 RENARD Renaud Moto Club Brienon KTM 14 1:01.240 00:27:59.475 1:57.976<br \/>\n&#8230;<\/p>\n<h3>2\u00e8me manche<\/h3>\n<p>Romain Pape est 5\u00e8me au 1er tour et prend la t\u00eate au 7\u00e8me tour. David Adam part 3\u00e8me , prend la t\u00eate au 4\u00e8me tour et chute au 6\u00e8me, repart 3 et finit 2 \u00e0 10s de Romain. Fran\u00e7ois Dor\u00e9 part 4\u00e8me et finit 6.<\/p>\n<p>1 494 PAPE Romain Moto Club Triagoz Yamaha 14 &#8211; 00:27:25.429 1:53.695<br \/>\n2 77 ADAM David Moto Club de l&rsquo;Homelais Kawasaki 14 10.532 00:27:35.961 1:53.597<br \/>\n3 707 KAPPEL Robin Team cross Aubenas Vals Labegude Kawasaki 14 15.459 00:27:40.888 1:55.765<br \/>\n4 752 PELLETIER Julien Atlantic Sporting Club de Nantes Yamaha 14 16.809 00:27:42.238 1:55.206<br \/>\n5 921 REGNER Melvin Moto Club De Pic La Garde Kawasaki 14 28.424 00:27:53.853 1:55.970<br \/>\n6 516 DORE Francois Moto Club Goudelin Merzer Kawasaki 14 33.850 00:27:59.279 1:56.041<br \/>\n7 154 MEERSSCHOUT Mattis Moto Club de Conde sur Escaut Yamaha 14 34.346 00:27:59.775 1:56.552<br \/>\n8 608 ZAVETTORI Arnaud Moto Club Charnycois Husqvarna 14 45.661 00:28:11.090 1:57.007<br \/>\n9 235 LEVEQUE Alban Moto Club de Dompierre Yamaha 14 56.573 00:28:22.002 1:56.751<br \/>\n10 821 BONNAUDIN Julien Ride On Husqvarna 14 59.611 00:28:25.040 1:57.924<br \/>\n&#8230;<\/p>\n<h3>PROVISOIRE<\/h3>\n<p>1 77 ADAM David MC de l&rsquo;Homelais Kawasaki 244 22 25 25 25 25 25 25 25 25 22<br \/>\n2 494 PAPE Romain MC Triagoz Yamaha 187 13 18 18 12 20 22 22 22 15 25<br \/>\n3 921 REGNER Melvin MC De Pic La Garde Kawasaki 172 12 13 20 20 15 20 20 20 16 16<br \/>\n4 707 KAPPEL Robin Team cross Aubenas Vals Labegude Kawasaki 158 16 20 22 22 22 0 18 18 0 20<br \/>\n5 516 DORE Francois MC Goudelin Merzer Kawasaki 144 14 12 16 15 18 16 10 10 18 15<br \/>\n6 752 PELLETIER Julien Atlantic Sporting Club de Nantes Yamaha 124 0 11 12 14 14 18 15 0 22 18<br \/>\n7 235 LEVEQUE Alban MC de Dompierre Yamaha 110 7 5 10 13 13 14 14 8 14 12<br \/>\n8 531 BIZET Nicolas MC Gravenchonnais Yamaha 90 20 10 15 16 16 13 0 0 0 0<br \/>\n9 821 BONNAUDIN Julien Ride On Husqvarna 82 5 7 4 7 9 12 16 6 5 11<br \/>\n10 608 ZAVETTORI Arnaud Moto Club Charnycois Husqvarna 80 0 0 0 0 12 15 13 14 13 13<br \/>\n&#8230;<\/p>\n","protected":false},"excerpt":{"rendered":"<p> David Adam. \u00a9Jeremy JAGU<\/p>\n","protected":false},"author":1,"featured_media":15849,"comment_status":"closed","ping_status":"closed","sticky":false,"template":"","format":"standard","meta":[],"categories":[487],"tags":[77,174,2195,489,1822],"aioseo_notices":[],"_links":{"self":[{"href":"https:\/\/mx-bretagne.com\/mxb\/wp-json\/wp\/v2\/posts\/16062"}],"collection":[{"href":"https:\/\/mx-bretagne.com\/mxb\/wp-json\/wp\/v2\/posts"}],"about":[{"href":"https:\/\/mx-bretagne.com\/mxb\/wp-json\/wp\/v2\/types\/post"}],"author":[{"embeddable":true,"href":"https:\/\/mx-bretagne.com\/mxb\/wp-json\/wp\/v2\/users\/1"}],"replies":[{"embeddable":true,"href":"https:\/\/mx-bretagne.com\/mxb\/wp-json\/wp\/v2\/comments?post=16062"}],"version-history":[{"count":1,"href":"https:\/\/mx-bretagne.com\/mxb\/wp-json\/wp\/v2\/posts\/16062\/revisions"}],"predecessor-version":[{"id":16063,"href":"https:\/\/mx-bretagne.com\/mxb\/wp-json\/wp\/v2\/posts\/16062\/revisions\/16063"}],"wp:featuredmedia":[{"embeddable":true,"href":"https:\/\/mx-bretagne.com\/mxb\/wp-json\/wp\/v2\/media\/15849"}],"wp:attachment":[{"href":"https:\/\/mx-bretagne.com\/mxb\/wp-json\/wp\/v2\/media?parent=16062"}],"wp:term":[{"taxonomy":"category","embeddable":true,"href":"https:\/\/mx-bretagne.com\/mxb\/wp-json\/wp\/v2\/categories?post=16062"},{"taxonomy":"post_tag","embeddable":true,"href":"https:\/\/mx-bretagne.com\/mxb\/wp-json\/wp\/v2\/tags?post=16062"}],"curies":[{"name":"wp","href":"https:\/\/api.w.org\/{rel}","templated":true}]}}