{"id":16012,"date":"2017-05-10T21:36:41","date_gmt":"2017-05-10T20:36:41","guid":{"rendered":"http:\/\/www.mx-bretagne.com\/mxb\/?p=16012"},"modified":"2017-05-10T21:37:28","modified_gmt":"2017-05-10T20:37:28","slug":"minivert-14-valin-au-pouvoir","status":"publish","type":"post","link":"https:\/\/mx-bretagne.com\/mxb\/minivert-14-valin-au-pouvoir","title":{"rendered":"MINIVERT &rsquo;17: Valin au pouvoir !"},"content":{"rendered":"<div id=\"attachment_16013\" style=\"width: 1210px\" class=\"wp-caption aligncenter\"><a href=\"http:\/\/www.mx-bretagne.com\/mxb\/wp-content\/uploads\/2017\/05\/minivert2017.jpg\"><img aria-describedby=\"caption-attachment-16013\" decoding=\"async\" loading=\"lazy\" class=\"wp-image-16013 size-full\" src=\"http:\/\/www.mx-bretagne.com\/mxb\/wp-content\/uploads\/2017\/05\/minivert2017.jpg\" alt=\"minivert2017\" width=\"1200\" height=\"800\" srcset=\"https:\/\/mx-bretagne.com\/mxb\/wp-content\/uploads\/2017\/05\/minivert2017.jpg 1200w, https:\/\/mx-bretagne.com\/mxb\/wp-content\/uploads\/2017\/05\/minivert2017-555x370.jpg 555w, https:\/\/mx-bretagne.com\/mxb\/wp-content\/uploads\/2017\/05\/minivert2017-768x512.jpg 768w\" sizes=\"(max-width: 1200px) 100vw, 1200px\" \/><\/a><p id=\"caption-attachment-16013\" class=\"wp-caption-text\">Mathis Valin est un gar\u00e7on vraiment en forme ! \u00a9Jeremy JAGU\/Plouer sur Rance 2016<\/p><\/div>\n<h3 style=\"text-align: justify;\">Retour sur les r\u00e9sultats de la 2\u00e8me \u00e9preuve du Championnat de France Minivert \u00e0\u00a0Bouvesse, pr\u00e8s de Lyon.<\/h3>\n<p style=\"text-align: justify;\"><!--more--><\/p>\n<p style=\"text-align: justify;\">En 65cc, Mathis Valin remporte les 2 manches, Ilann Werl\u00e9 termine 13\u00e8me de la journ\u00e9e, Eloane Burban 38\u00e8me (seule f\u00e9minine !).<\/p>\n<p style=\"text-align: justify;\">En 85cc, Guerlin Delarue termine 15\u00e8me de la journ\u00e9e, Timeo Vient 19.<\/p>\n\n\t\t<style type=\"text\/css\">\n\t\t\t#gallery-1 {\n\t\t\t\tmargin: auto;\n\t\t\t}\n\t\t\t#gallery-1 .gallery-item {\n\t\t\t\tfloat: left;\n\t\t\t\tmargin-top: 10px;\n\t\t\t\ttext-align: center;\n\t\t\t\twidth: 33%;\n\t\t\t}\n\t\t\t#gallery-1 img {\n\t\t\t\tborder: 2px solid #cfcfcf;\n\t\t\t}\n\t\t\t#gallery-1 .gallery-caption {\n\t\t\t\tmargin-left: 0;\n\t\t\t}\n\t\t\t\/* see gallery_shortcode() in wp-includes\/media.php *\/\n\t\t<\/style>\n\t\t<div id='gallery-1' class='gallery galleryid-16012 gallery-columns-3 gallery-size-thumbnail'><dl class='gallery-item'>\n\t\t\t<dt class='gallery-icon portrait'>\n\t\t\t\t<a href='https:\/\/mx-bretagne.com\/mxb\/minivert-14-valin-au-pouvoir\/minivertbouvesse65_1'><img width=\"300\" height=\"150\" src=\"https:\/\/mx-bretagne.com\/mxb\/wp-content\/uploads\/2017\/05\/minivertbouvesse65_1-300x150.jpg\" class=\"attachment-thumbnail size-thumbnail\" alt=\"\" decoding=\"async\" loading=\"lazy\" aria-describedby=\"gallery-1-16017\" \/><\/a>\n\t\t\t<\/dt>\n\t\t\t\t<dd class='wp-caption-text gallery-caption' id='gallery-1-16017'>\n\t\t\t\tG\u00e9n\u00e9ral 65\n\t\t\t\t<\/dd><\/dl><dl class='gallery-item'>\n\t\t\t<dt class='gallery-icon portrait'>\n\t\t\t\t<a href='https:\/\/mx-bretagne.com\/mxb\/minivert-14-valin-au-pouvoir\/minivertbouvesse65_prov'><img width=\"300\" height=\"150\" src=\"https:\/\/mx-bretagne.com\/mxb\/wp-content\/uploads\/2017\/05\/minivertbouvesse65_prov-300x150.jpg\" class=\"attachment-thumbnail size-thumbnail\" alt=\"\" decoding=\"async\" loading=\"lazy\" aria-describedby=\"gallery-1-16015\" \/><\/a>\n\t\t\t<\/dt>\n\t\t\t\t<dd class='wp-caption-text gallery-caption' id='gallery-1-16015'>\n\t\t\t\tG\u00e9n\u00e9ral 85\n\t\t\t\t<\/dd><\/dl><dl class='gallery-item'>\n\t\t\t<dt class='gallery-icon portrait'>\n\t\t\t\t<a href='https:\/\/mx-bretagne.com\/mxb\/minivert-14-valin-au-pouvoir\/minivertbouvesse85_prov'><img width=\"300\" height=\"150\" src=\"https:\/\/mx-bretagne.com\/mxb\/wp-content\/uploads\/2017\/05\/minivertbouvesse85_prov-300x150.jpg\" class=\"attachment-thumbnail size-thumbnail\" alt=\"\" decoding=\"async\" loading=\"lazy\" aria-describedby=\"gallery-1-16014\" \/><\/a>\n\t\t\t<\/dt>\n\t\t\t\t<dd class='wp-caption-text gallery-caption' id='gallery-1-16014'>\n\t\t\t\tProvisoire 85\n\t\t\t\t<\/dd><\/dl><br style=\"clear: both\" \/><dl class='gallery-item'>\n\t\t\t<dt class='gallery-icon portrait'>\n\t\t\t\t<a href='https:\/\/mx-bretagne.com\/mxb\/minivert-14-valin-au-pouvoir\/minivertbouvesse65_2'><img width=\"300\" height=\"150\" src=\"https:\/\/mx-bretagne.com\/mxb\/wp-content\/uploads\/2017\/05\/minivertbouvesse65_2-300x150.jpg\" class=\"attachment-thumbnail size-thumbnail\" alt=\"\" decoding=\"async\" loading=\"lazy\" aria-describedby=\"gallery-1-16016\" \/><\/a>\n\t\t\t<\/dt>\n\t\t\t\t<dd class='wp-caption-text gallery-caption' id='gallery-1-16016'>\n\t\t\t\tProvisoire 65\n\t\t\t\t<\/dd><\/dl>\n\t\t\t<br style='clear: both' \/>\n\t\t<\/div>\n\n","protected":false},"excerpt":{"rendered":"<p> Mathis Valin est un gar\u00e7on vraiment en forme ! \u00a9Jeremy JAGU\/Plouer sur Rance 2016<\/p>\n","protected":false},"author":1,"featured_media":16013,"comment_status":"closed","ping_status":"closed","sticky":false,"template":"","format":"standard","meta":[],"categories":[492],"tags":[2099,344],"aioseo_notices":[],"_links":{"self":[{"href":"https:\/\/mx-bretagne.com\/mxb\/wp-json\/wp\/v2\/posts\/16012"}],"collection":[{"href":"https:\/\/mx-bretagne.com\/mxb\/wp-json\/wp\/v2\/posts"}],"about":[{"href":"https:\/\/mx-bretagne.com\/mxb\/wp-json\/wp\/v2\/types\/post"}],"author":[{"embeddable":true,"href":"https:\/\/mx-bretagne.com\/mxb\/wp-json\/wp\/v2\/users\/1"}],"replies":[{"embeddable":true,"href":"https:\/\/mx-bretagne.com\/mxb\/wp-json\/wp\/v2\/comments?post=16012"}],"version-history":[{"count":2,"href":"https:\/\/mx-bretagne.com\/mxb\/wp-json\/wp\/v2\/posts\/16012\/revisions"}],"predecessor-version":[{"id":16019,"href":"https:\/\/mx-bretagne.com\/mxb\/wp-json\/wp\/v2\/posts\/16012\/revisions\/16019"}],"wp:featuredmedia":[{"embeddable":true,"href":"https:\/\/mx-bretagne.com\/mxb\/wp-json\/wp\/v2\/media\/16013"}],"wp:attachment":[{"href":"https:\/\/mx-bretagne.com\/mxb\/wp-json\/wp\/v2\/media?parent=16012"}],"wp:term":[{"taxonomy":"category","embeddable":true,"href":"https:\/\/mx-bretagne.com\/mxb\/wp-json\/wp\/v2\/categories?post=16012"},{"taxonomy":"post_tag","embeddable":true,"href":"https:\/\/mx-bretagne.com\/mxb\/wp-json\/wp\/v2\/tags?post=16012"}],"curies":[{"name":"wp","href":"https:\/\/api.w.org\/{rel}","templated":true}]}}