{"id":15965,"date":"2017-05-03T17:57:06","date_gmt":"2017-05-03T16:57:06","guid":{"rendered":"http:\/\/www.mx-bretagne.com\/mxb\/?p=15965"},"modified":"2020-01-26T21:49:24","modified_gmt":"2020-01-26T20:49:24","slug":"talk-show-en-direct-jeudi-4-mai-a-21h00","status":"publish","type":"post","link":"https:\/\/mx-bretagne.com\/mxb\/talk-show-en-direct-jeudi-4-mai-a-21h00","title":{"rendered":"(replay) TALK SHOW: En direct jeudi 4 mai \u00e0 21h00 avec C\u00e9dric Le Moing"},"content":{"rendered":"<p><a href=\"http:\/\/www.mx-bretagne.com\/mxb\/wp-content\/uploads\/2017\/05\/talkshowjeudi040517.jpg\"><img decoding=\"async\" loading=\"lazy\" class=\"aligncenter size-full wp-image-15966\" src=\"http:\/\/www.mx-bretagne.com\/mxb\/wp-content\/uploads\/2017\/05\/talkshowjeudi040517.jpg\" alt=\"talkshowjeudi040517\" width=\"1280\" height=\"720\" srcset=\"https:\/\/mx-bretagne.com\/mxb\/wp-content\/uploads\/2017\/05\/talkshowjeudi040517.jpg 1280w, https:\/\/mx-bretagne.com\/mxb\/wp-content\/uploads\/2017\/05\/talkshowjeudi040517-650x366.jpg 650w, https:\/\/mx-bretagne.com\/mxb\/wp-content\/uploads\/2017\/05\/talkshowjeudi040517-768x432.jpg 768w\" sizes=\"(max-width: 1280px) 100vw, 1280px\" \/><\/a><\/p>\n<h3 style=\"text-align: justify;\">Jeudi 4 mai \u00e0 21h00, retrouvez-nous en direct ci-dessous et\/ou sur notre <a href=\"https:\/\/www.facebook.com\/mxbretagne\/\" target=\"_blank\" rel=\"noopener noreferrer\">page Facebook<\/a> pour 30 minutes de d\u00e9briefing des derni\u00e8res news de la plan\u00e8te motocross. En temps qu&rsquo;invit\u00e9 du Show, nous aurons le plaisir d&rsquo;accueillir C\u00e9dric Le Moing, dauphin de David Adam \u00e0 St-Renan ce week-end, aux alentours de 21h10.<\/h3>\n<p><!--more--><\/p>\n<p>&nbsp;<\/p>\n<blockquote>\n<p style=\"text-align: justify;\">L&rsquo;\u00e9quipe revient sur les derniers r\u00e9sultats en SX US, MXGP, France Elite, Enduro Mondial et France, 125 National. Retrouvez l&rsquo;interview de C\u00e9dric Le Moing \u00e0 partir de la 15\u00e8me minutes. Il pr\u00e9cise \u00eatre satisfait de son d\u00e9but d&rsquo;ann\u00e9e malgr\u00e9 le peu de roulage durant l&rsquo;hiver, nous parle aussi de sa 250 KTM, du niveau MX1 Bretagne, de sa communication avec Mano Petillon, ses objectifs \u00e0 long terme, sa vision du motocross professionnel, sa progression en motocross.<\/p>\n<p style=\"text-align: justify;\">Smallrider nous parle durant sa chronique du jeune Haiden Deegan, futur star am\u00e9ricaine, \u00e2g\u00e9 de 11 ans et d\u00e9j\u00e0 impressionnant. Il nous donne son avis sur cette p\u00e9pite \u00e0 partir de 30 minutes. @mxbretagne<\/p>\n<\/blockquote>\n<p style=\"text-align: center;\"><iframe loading=\"lazy\" style=\"border: none; overflow: hidden;\" src=\"https:\/\/www.facebook.com\/plugins\/video.php?href=https%3A%2F%2Fwww.facebook.com%2Fmxbretagne%2Fvideos%2F10155346594317962%2F&amp;width=400\" width=\"400\" height=\"400\" frameborder=\"0\" scrolling=\"no\" allowfullscreen=\"allowfullscreen\"><\/iframe><\/p>\n","protected":false},"excerpt":{"rendered":"<p><\/p>\n","protected":false},"author":1,"featured_media":15966,"comment_status":"closed","ping_status":"closed","sticky":false,"template":"","format":"standard","meta":[],"categories":[1094,1655],"tags":[457,1643],"aioseo_notices":[],"_links":{"self":[{"href":"https:\/\/mx-bretagne.com\/mxb\/wp-json\/wp\/v2\/posts\/15965"}],"collection":[{"href":"https:\/\/mx-bretagne.com\/mxb\/wp-json\/wp\/v2\/posts"}],"about":[{"href":"https:\/\/mx-bretagne.com\/mxb\/wp-json\/wp\/v2\/types\/post"}],"author":[{"embeddable":true,"href":"https:\/\/mx-bretagne.com\/mxb\/wp-json\/wp\/v2\/users\/1"}],"replies":[{"embeddable":true,"href":"https:\/\/mx-bretagne.com\/mxb\/wp-json\/wp\/v2\/comments?post=15965"}],"version-history":[{"count":7,"href":"https:\/\/mx-bretagne.com\/mxb\/wp-json\/wp\/v2\/posts\/15965\/revisions"}],"predecessor-version":[{"id":18145,"href":"https:\/\/mx-bretagne.com\/mxb\/wp-json\/wp\/v2\/posts\/15965\/revisions\/18145"}],"wp:featuredmedia":[{"embeddable":true,"href":"https:\/\/mx-bretagne.com\/mxb\/wp-json\/wp\/v2\/media\/15966"}],"wp:attachment":[{"href":"https:\/\/mx-bretagne.com\/mxb\/wp-json\/wp\/v2\/media?parent=15965"}],"wp:term":[{"taxonomy":"category","embeddable":true,"href":"https:\/\/mx-bretagne.com\/mxb\/wp-json\/wp\/v2\/categories?post=15965"},{"taxonomy":"post_tag","embeddable":true,"href":"https:\/\/mx-bretagne.com\/mxb\/wp-json\/wp\/v2\/tags?post=15965"}],"curies":[{"name":"wp","href":"https:\/\/api.w.org\/{rel}","templated":true}]}}