{"id":15773,"date":"2017-04-05T20:38:34","date_gmt":"2017-04-05T19:38:34","guid":{"rendered":"http:\/\/www.mx-bretagne.com\/mxb\/?p=15773"},"modified":"2017-04-07T16:35:23","modified_gmt":"2017-04-07T15:35:23","slug":"talk-show-lemission-du-jeudi-6-avril-avec-vincent-corre","status":"publish","type":"post","link":"https:\/\/mx-bretagne.com\/mxb\/talk-show-lemission-du-jeudi-6-avril-avec-vincent-corre","title":{"rendered":"REPLAY TALK SHOW: L&rsquo;\u00e9mission du jeudi 6 avril avec Vincent Corre et Remy Mordret"},"content":{"rendered":"<p><a href=\"http:\/\/www.mx-bretagne.com\/mxb\/wp-content\/uploads\/2017\/04\/talkshowjeudi604.jpg\"><img decoding=\"async\" loading=\"lazy\" class=\"aligncenter size-full wp-image-15774\" src=\"http:\/\/www.mx-bretagne.com\/mxb\/wp-content\/uploads\/2017\/04\/talkshowjeudi604.jpg\" alt=\"talkshowjeudi604\" width=\"1200\" height=\"800\" srcset=\"https:\/\/mx-bretagne.com\/mxb\/wp-content\/uploads\/2017\/04\/talkshowjeudi604.jpg 1200w, https:\/\/mx-bretagne.com\/mxb\/wp-content\/uploads\/2017\/04\/talkshowjeudi604-555x370.jpg 555w, https:\/\/mx-bretagne.com\/mxb\/wp-content\/uploads\/2017\/04\/talkshowjeudi604-768x512.jpg 768w\" sizes=\"(max-width: 1200px) 100vw, 1200px\" \/><\/a><\/p>\n<h3 style=\"text-align: justify;\">Emission en direct jeudi 6 avril 2017 \u00e0 partir de 18h45 en compagnie de Vincent Corre et Remy Mordret. On attend \u00e9galement vos avis sur le motocross de Romagn\u00e9 et les autres sujet \u00ab\u00a0Show\u00a0\u00bb du moment !<!--more--><\/h3>\n<h2>Quoi retenir de l&rsquo;\u00e9mission ?<\/h2>\n<p style=\"text-align: justify;\"><strong>Remy Mordret<\/strong> nous informe qu&rsquo;il sera au guidon d&rsquo;une 125cc Yamaha \u00ab\u00a0Planet Yam&rsquo; Rennes\u00a0\u00bb cette ann\u00e9e pour le Championnat de Bretagne 125cc. Une d\u00e9cision prise durant l&rsquo;hiver suite \u00e0 un probl\u00e8me m\u00e9canique sur le 4 temps et des r\u00e9parations co\u00fbteuses. Bless\u00e9 \u00e0 l&rsquo;\u00e9paule il y a 2 mois, il se pr\u00e9sente \u00e0 Plouasne sans v\u00e9ritable pr\u00e9paration ni roulage.<\/p>\n<p style=\"text-align: justify;\"><strong>Vincent Corre<\/strong> a le moral un peu bas apr\u00e8s un d\u00e9but d&rsquo;ann\u00e9e difficile. Un passage en 450cc tardif, il pensait m\u00eame ne pas avoir de moto pour les premi\u00e8res \u00e9preuves hors championnat. De ce fait il a souffert sur les premi\u00e8res sorties et s&rsquo;est dit surpris des performances de la 450 Yamaha qui lui ont donn\u00e9 mal aux bras. Il se donne donc 3 jours pour retrouver ses capacit\u00e9s et \u00eatre performant d\u00e8s Plouasne.<\/p>\n<h2>REPLAY<\/h2>\n<div class=\"arve\" data-mode=\"normal\" data-provider=\"facebook\" id=\"arve-facebook-httpswwwfacebookcommxbretagnevideos1015525643857796269f1bb88af034350678813\" style=\"max-width:900px;\">\n<span class=\"arve-inner\"><br \/>\n<span class=\"arve-embed arve-embed--has-aspect-ratio\"><br \/>\n<span class=\"arve-ar\" style=\"padding-top:56.250000%\"><\/span><iframe loading=\"lazy\" allow=\"accelerometer; autoplay; clipboard-write; encrypted-media; gyroscope; picture-in-picture\" allowfullscreen class=\"arve-iframe fitvidsignore\" data-arve=\"arve-facebook-httpswwwfacebookcommxbretagnevideos1015525643857796269f1bb88af034350678813\" data-src-no-ap=\"https:\/\/www.facebook.com\/plugins\/video.php?href=https%3A%2F%2Fwww.facebook.com%2Fmxbretagne%2Fvideos%2F10155256438577962%2F&amp;autoplay=0\" frameborder=\"0\" height=\"506.25\" sandbox=\"allow-scripts allow-same-origin allow-presentation allow-popups allow-popups-to-escape-sandbox\" scrolling=\"no\" src=\"https:\/\/www.facebook.com\/plugins\/video.php?href=https%3A%2F%2Fwww.facebook.com%2Fmxbretagne%2Fvideos%2F10155256438577962%2F&#038;autoplay=0\" width=\"900\"><\/iframe><\/p>\n<p><\/span><\/p>\n<p><\/span><br \/>\n<script type=\"application\/ld+json\">{\"@context\":\"http:\\\/\\\/schema.org\\\/\",\"@id\":\"https:\\\/\\\/mx-bretagne.com\\\/mxb\\\/talk-show-lemission-du-jeudi-6-avril-avec-vincent-corre#arve-facebook-httpswwwfacebookcommxbretagnevideos1015525643857796269f1bb88af034350678813\",\"type\":\"VideoObject\",\"embedURL\":\"https:\\\/\\\/www.facebook.com\\\/plugins\\\/video.php?href=https%3A%2F%2Fwww.facebook.com%2Fmxbretagne%2Fvideos%2F10155256438577962%2F&autoplay=0\"}<\/script>\n<\/div>\n","protected":false},"excerpt":{"rendered":"<p><\/p>\n","protected":false},"author":1,"featured_media":15774,"comment_status":"closed","ping_status":"closed","sticky":false,"template":"","format":"standard","meta":[],"categories":[4,1655],"tags":[],"aioseo_notices":[],"_links":{"self":[{"href":"https:\/\/mx-bretagne.com\/mxb\/wp-json\/wp\/v2\/posts\/15773"}],"collection":[{"href":"https:\/\/mx-bretagne.com\/mxb\/wp-json\/wp\/v2\/posts"}],"about":[{"href":"https:\/\/mx-bretagne.com\/mxb\/wp-json\/wp\/v2\/types\/post"}],"author":[{"embeddable":true,"href":"https:\/\/mx-bretagne.com\/mxb\/wp-json\/wp\/v2\/users\/1"}],"replies":[{"embeddable":true,"href":"https:\/\/mx-bretagne.com\/mxb\/wp-json\/wp\/v2\/comments?post=15773"}],"version-history":[{"count":7,"href":"https:\/\/mx-bretagne.com\/mxb\/wp-json\/wp\/v2\/posts\/15773\/revisions"}],"predecessor-version":[{"id":15783,"href":"https:\/\/mx-bretagne.com\/mxb\/wp-json\/wp\/v2\/posts\/15773\/revisions\/15783"}],"wp:featuredmedia":[{"embeddable":true,"href":"https:\/\/mx-bretagne.com\/mxb\/wp-json\/wp\/v2\/media\/15774"}],"wp:attachment":[{"href":"https:\/\/mx-bretagne.com\/mxb\/wp-json\/wp\/v2\/media?parent=15773"}],"wp:term":[{"taxonomy":"category","embeddable":true,"href":"https:\/\/mx-bretagne.com\/mxb\/wp-json\/wp\/v2\/categories?post=15773"},{"taxonomy":"post_tag","embeddable":true,"href":"https:\/\/mx-bretagne.com\/mxb\/wp-json\/wp\/v2\/tags?post=15773"}],"curies":[{"name":"wp","href":"https:\/\/api.w.org\/{rel}","templated":true}]}}