{"id":15770,"date":"2017-04-04T22:59:16","date_gmt":"2017-04-04T21:59:16","guid":{"rendered":"http:\/\/www.mx-bretagne.com\/mxb\/?p=15770"},"modified":"2017-04-04T22:59:16","modified_gmt":"2017-04-04T21:59:16","slug":"communiques-c-lefrancois-et-j-clermont-apres-romagne","status":"publish","type":"post","link":"https:\/\/mx-bretagne.com\/mxb\/communiques-c-lefrancois-et-j-clermont-apres-romagne","title":{"rendered":"COMMUNIQUES: C.Lefran\u00e7ois et J. Clermont apr\u00e8s Romagn\u00e9"},"content":{"rendered":"<div id=\"attachment_15771\" style=\"width: 1210px\" class=\"wp-caption aligncenter\"><a href=\"http:\/\/www.mx-bretagne.com\/mxb\/wp-content\/uploads\/2017\/04\/lefrancois_romagne.jpg\"><img aria-describedby=\"caption-attachment-15771\" decoding=\"async\" loading=\"lazy\" class=\"wp-image-15771 size-full\" src=\"http:\/\/www.mx-bretagne.com\/mxb\/wp-content\/uploads\/2017\/04\/lefrancois_romagne.jpg\" alt=\"lefrancois_romagne\" width=\"1200\" height=\"794\" srcset=\"https:\/\/mx-bretagne.com\/mxb\/wp-content\/uploads\/2017\/04\/lefrancois_romagne.jpg 1200w, https:\/\/mx-bretagne.com\/mxb\/wp-content\/uploads\/2017\/04\/lefrancois_romagne-559x370.jpg 559w, https:\/\/mx-bretagne.com\/mxb\/wp-content\/uploads\/2017\/04\/lefrancois_romagne-768x508.jpg 768w\" sizes=\"(max-width: 1200px) 100vw, 1200px\" \/><\/a><p id=\"caption-attachment-15771\" class=\"wp-caption-text\">Charles Lefran\u00e7ois &#8211; Romagn\u00e9.\u00a9 Antoine Forget<\/p><\/div>\n<h3 style=\"text-align: justify;\">Charles Lefran\u00e7ois et Jason Clermont nous donnent leurs impressions sur l&rsquo;\u00e9preuve de Romagn\u00e9.<!--more--><\/h3>\n<p>&nbsp;<\/p>\n<h2>CHARLES LEFRANCOIS<\/h2>\n<blockquote><p>Bonjour,<\/p>\n<p>Je continue sur une bonne lanc\u00e9e pour mon deuxi\u00e8me week-end breton. En effet, c&rsquo;est \u00e0 Romagn\u00e9 qu&rsquo;avait lieu la seconde \u00e9preuve du championnat de France Elite ce dimanche.<\/p>\n<p>Auteur d&rsquo;un chrono correct le matin (malgr\u00e9 un petit soucis technique m&rsquo;obligeant \u00e0 abr\u00e9ger la s\u00e9ance chronom\u00e9tr\u00e9e), je rentrais 12\u00e8me sur la grille pour les manches de l&rsquo;apr\u00e8s-midi. La piste pouvait \u00eatre pi\u00e9geuse avec les nombreuses et profondes orni\u00e8res qui s&rsquo;\u00e9taient creus\u00e9es. C&rsquo;est l\u00e0 qu&rsquo;on se rend compte de l&rsquo;importance d&rsquo;avoir un bon jeu de suspensions et je remercie Cat Racing pour le travail qu&rsquo;il a effectu\u00e9 sur les miennes.<\/p>\n<p>En premi\u00e8re manche, je pars assez loin car je me suis un petit peu fait enfermer au d\u00e9part\u00a0et d\u00e9bute une belle remont\u00e9e, surtout dans la deuxi\u00e8me moiti\u00e9 de manche o\u00f9 je prenais au fur et \u00e0 mesure un meilleur rythme et remonte 10\u00e8me.<\/p>\n<p>Lors de la seconde ensuite, je ne l\u00e2che pas en bout de ligne droite de d\u00e9part et pars aux avant-postes. Suzuki \u00e9tait \u00e0 l&rsquo;honneur pour ce deuxi\u00e8me d\u00e9part car je me suis disput\u00e9 le holeshot avec Nicolas Aubin. Parti deuxi\u00e8me, j&rsquo;ai tenu le rythme quelques tours avant de r\u00e9trograder de quelques places, il faut dire que \u00e7a roule tr\u00e8s fort devant, et fini 7\u00e8me. J&rsquo;\u00e9tais vraiment tr\u00e8s content de ma prestation car avec une bonne vitesse, de l&rsquo;envie et de la r\u00e9gularit\u00e9 je me classe 7\u00e8me au g\u00e9n\u00e9ral de la journ\u00e9e.<\/p>\n<p>D\u00e9sormais j&rsquo;ai un week-end de repos avant de repartir pour la seconde \u00e9preuve du championnat de France National cette fois-ci \u00e0 Donnery.<\/p>\n<p>Je vous souhaite une bonne semaine.<\/p>\n<p>Charles Lefran\u00e7ois.<\/p><\/blockquote>\n<p>&nbsp;<\/p>\n<h2>JASON CLERMONT<\/h2>\n<blockquote><p>Retour de la seconde \u00e9preuve du championnat de France \u00e9lite MX1 qui a eu lieu \u00e0 ROMAGNE (35). Joli d\u00e9part en 1\u00e8re manche, Jason est dans le rythme et tient bien sa 3\u00e8me place, \u00e0 la mi-course un mal de mains vient le g\u00eaner pour tenir le guidon il est oblig\u00e9 de ralentir et fini 7\u00e8me. 2\u00e8me manche, un d\u00e9part dans les 10 et au bout d&rsquo;un demi tour Jason re\u00e7oit une pierre et le contraint \u00e0 s&rsquo;arr\u00eater le temps de r\u00e9cup\u00e8rer, il remonte \u00e0 la 18\u00e8me place.<\/p>\n<div><\/div>\n<div>Bonne vitesse de Jason, il nous a prouv\u00e9 qu&rsquo;il avait la vitesse pour se batailler dans le top 5 !<\/div>\n<div><\/div>\n<div>Ride 4 One<\/div>\n<\/blockquote>\n","protected":false},"excerpt":{"rendered":"<p> Charles Lefran\u00e7ois &#8211; Romagn\u00e9.\u00a9 Antoine Forget<\/p>\n","protected":false},"author":1,"featured_media":15771,"comment_status":"closed","ping_status":"closed","sticky":false,"template":"","format":"standard","meta":[],"categories":[4,52],"tags":[],"aioseo_notices":[],"_links":{"self":[{"href":"https:\/\/mx-bretagne.com\/mxb\/wp-json\/wp\/v2\/posts\/15770"}],"collection":[{"href":"https:\/\/mx-bretagne.com\/mxb\/wp-json\/wp\/v2\/posts"}],"about":[{"href":"https:\/\/mx-bretagne.com\/mxb\/wp-json\/wp\/v2\/types\/post"}],"author":[{"embeddable":true,"href":"https:\/\/mx-bretagne.com\/mxb\/wp-json\/wp\/v2\/users\/1"}],"replies":[{"embeddable":true,"href":"https:\/\/mx-bretagne.com\/mxb\/wp-json\/wp\/v2\/comments?post=15770"}],"version-history":[{"count":1,"href":"https:\/\/mx-bretagne.com\/mxb\/wp-json\/wp\/v2\/posts\/15770\/revisions"}],"predecessor-version":[{"id":15772,"href":"https:\/\/mx-bretagne.com\/mxb\/wp-json\/wp\/v2\/posts\/15770\/revisions\/15772"}],"wp:featuredmedia":[{"embeddable":true,"href":"https:\/\/mx-bretagne.com\/mxb\/wp-json\/wp\/v2\/media\/15771"}],"wp:attachment":[{"href":"https:\/\/mx-bretagne.com\/mxb\/wp-json\/wp\/v2\/media?parent=15770"}],"wp:term":[{"taxonomy":"category","embeddable":true,"href":"https:\/\/mx-bretagne.com\/mxb\/wp-json\/wp\/v2\/categories?post=15770"},{"taxonomy":"post_tag","embeddable":true,"href":"https:\/\/mx-bretagne.com\/mxb\/wp-json\/wp\/v2\/tags?post=15770"}],"curies":[{"name":"wp","href":"https:\/\/api.w.org\/{rel}","templated":true}]}}